{"id":1434072,"date":"2025-07-18T04:13:21","date_gmt":"2025-07-18T04:13:21","guid":{"rendered":"https:\/\/talkpal.ai\/almanca-temel-dersi-1-baslangic-icin-en-iyi-rehber\/"},"modified":"2025-07-18T04:13:21","modified_gmt":"2025-07-18T04:13:21","slug":"almanca-temel-dersi-1-baslangic-icin-en-iyi-rehber","status":"publish","type":"post","link":"https:\/\/talkpal.ai\/tr\/almanca-temel-dersi-1-baslangic-icin-en-iyi-rehber\/","title":{"rendered":"Almanca Temel Dersi 1: Ba\u015flang\u0131\u00e7 \u0130\u00e7in En \u0130yi Rehber"},"content":{"rendered":"<p><a href=\"https:\/\/talkpal.ai\/learn-german\/\">Almanca<\/a> \u00f6\u011frenmek isteyenler i\u00e7in sa\u011flam bir ba\u015flang\u0131\u00e7 noktas\u0131 olan &#8220;almanca temel dersi 1&#8221;, dilin temel yap\u0131 ta\u015flar\u0131n\u0131 anlamak ve pratik yapmak i\u00e7in kritik bir ad\u0131md\u0131r. <a href=\"https:\/\/talkpal.ai\/ko\/ai-%ec%96%b8%ec%96%b4-%ea%b5%90%ec%82%ac\/\">Talkpal<\/a> gibi interaktif platformlar, bu s\u00fcreci daha etkili ve keyifli hale getirerek, <a href=\"https:\/\/talkpal.ai\/learn-german\/\">Almanca<\/a> \u00f6\u011frenenlere g\u00fcnl\u00fck konu\u015fmalardan dilbilgisine kadar geni\u015f bir yelpazede destek sunar. Bu makalede, almanca temel dersi 1 kapsam\u0131nda \u00f6\u011frenilmesi gereken temel konular\u0131, \u00f6\u011frenme stratejilerini ve Talkpal\u2019in bu s\u00fcre\u00e7te nas\u0131l fayda sa\u011flad\u0131\u011f\u0131n\u0131 ayr\u0131nt\u0131l\u0131 \u015fekilde ele alaca\u011f\u0131z.<\/p>\n<h2>Almanca Temel Dersi 1 Nedir ve Neden \u00d6nemlidir?<\/h2>\n<p>Almanca temel dersi 1, genellikle Almanca \u00f6\u011frenmeye yeni ba\u015flayanlar i\u00e7in haz\u0131rlanm\u0131\u015f ilk ders mod\u00fcl\u00fcd\u00fcr. Bu ders, dilin yap\u0131s\u0131n\u0131 kavramak ve g\u00fcnl\u00fck hayatta kar\u015f\u0131la\u015f\u0131labilecek basit ifadelerle ileti\u015fim kurabilmek i\u00e7in gerekli temel bilgileri i\u00e7erir. Almanca \u00f6\u011frenmede sa\u011flam bir temel olu\u015fturmak, ilerleyen seviyelerde kar\u015f\u0131la\u015f\u0131lacak daha karma\u015f\u0131k dil yap\u0131lar\u0131n\u0131 anlamay\u0131 kolayla\u015ft\u0131r\u0131r.<\/p>\n<h3>Almanca Temel Dersinin Kapsam\u0131<\/h3>\n<ul>\n<li><strong>Alfabe ve Telaffuz:<\/strong> Almanca harfler, sesler ve do\u011fru telaffuz teknikleri.<\/li>\n<li><strong>Temel Kelime Bilgisi:<\/strong> G\u00fcnl\u00fck hayatta s\u0131k kullan\u0131lan kelimeler ve ifadeler.<\/li>\n<li><strong>Basit C\u00fcmle Yap\u0131lar\u0131:<\/strong> Olumlu, olumsuz ve soru c\u00fcmlelerinin olu\u015fturulmas\u0131.<\/li>\n<li><strong>Zamirler ve Fiil \u00c7ekimleri:<\/strong> <a href=\"https:\/\/talkpal.ai\/sv\/grammar\/personliga-pronomen-i-turkisk-grammatik\/\">Ki\u015fi zamirleri<\/a> ve temel fiillerin \u00e7ekimi.<\/li>\n<li><strong>Say\u0131lardan ve Zaman \u0130fadelerinden Ba\u015flang\u0131\u00e7:<\/strong> Say\u0131 sayma, g\u00fcnler, aylar ve saat kullan\u0131m\u0131.<\/li>\n<\/ul>\n<p>Bu konular, almanca temel dersi 1 i\u00e7inde yer alarak, \u00f6\u011frencilerin dil becerilerini h\u0131zla geli\u015ftirmesine olanak tan\u0131r.<\/p>\n<h2>Almanca Temel Dersi 1 \u0130\u00e7eri\u011finin Derinlemesine \u0130ncelenmesi<\/h2>\n<p>Almanca \u00f6\u011frenmek, sadece kelimeleri ezberlemekten ibaret de\u011fildir; dilin mant\u0131\u011f\u0131n\u0131 kavramak, do\u011fru telaffuz ve c\u00fcmle yap\u0131lar\u0131yla pratik yapmak \u00f6nemlidir. Almanca temel dersi 1, bu unsurlar\u0131 dengeli bir \u015fekilde sunar.<\/p>\n<h3>Alfabe ve Telaffuzun \u00d6nemi<\/h3>\n<p>Almanca alfabesi, Latin alfabesine benzer ancak baz\u0131 farkl\u0131 harf ve sesler i\u00e7erir. \u00d6zellikle \u201c\u00e4\u201d, \u201c\u00f6\u201d, \u201c\u00fc\u201d gibi umlautlu harfler ve \u201c\u00df\u201d (Eszett) gibi \u00f6zg\u00fcn karakterler, do\u011fru telaffuz i\u00e7in \u00f6\u011frenilmelidir. Bu harflerin do\u011fru telaffuzu, anla\u015f\u0131labilirlik a\u00e7\u0131s\u0131ndan kritik \u00f6neme sahiptir.<\/p>\n<h3>Temel Kelime Bilgisi ve G\u00fcnl\u00fck \u0130fadeler<\/h3>\n<p>Almanca temel dersi 1, g\u00fcnl\u00fck ya\u015famdaki en yayg\u0131n kelimeleri \u00f6\u011fretir. \u00d6rne\u011fin:<\/p>\n<ul>\n<li>Merhaba \u2013 Hallo<\/li>\n<li>Te\u015fekk\u00fcr ederim \u2013 Danke<\/li>\n<li>Evet \/ Hay\u0131r \u2013 Ja \/ Nein<\/li>\n<li>L\u00fctfen \u2013 Bitte<\/li>\n<li>G\u00fcnayd\u0131n \u2013 Guten Morgen<\/li>\n<\/ul>\n<p>Bu kelimeler, basit diyaloglarda kullan\u0131larak \u00f6\u011frencinin \u00f6zg\u00fcvenini art\u0131r\u0131r.<\/p>\n<h3>Basit C\u00fcmle Yap\u0131lar\u0131 ve Fiil \u00c7ekimleri<\/h3>\n<p>Almanca\u2019da c\u00fcmle yap\u0131s\u0131 genellikle \u00f6zne + fiil + nesne \u015feklindedir. \u00d6rne\u011fin:<\/p>\n<ul>\n<li>Ich lerne Deutsch. (Ben Almanca \u00f6\u011freniyorum.)<\/li>\n<li>Du bist m\u00fcde. (Sen yorgunsun.)<\/li>\n<li>Er hat ein Buch. (Onun bir kitab\u0131 var.)<\/li>\n<\/ul>\n<p>Ayr\u0131ca, temel derslerde en s\u0131k kullan\u0131lan fiillerin (sein, haben, gehen, machen) \u00e7ekimleri \u00f6\u011fretilir. Bu fiiller, dilin temel ileti\u015fiminde vazge\u00e7ilmezdir.<\/p>\n<h3>Say\u0131lar, G\u00fcnler ve Zaman \u0130fadeleri<\/h3>\n<p>Almanca\u2019da say\u0131lar\u0131n \u00f6\u011frenilmesi, al\u0131\u015fveri\u015f, tarih ve saat gibi g\u00fcnl\u00fck konular i\u00e7in gereklidir. \u00d6rnek say\u0131lar:<\/p>\n<ul>\n<li>eins (1), zwei (2), drei (3), zehn (10), zwanzig (20)<\/li>\n<\/ul>\n<p>Ayr\u0131ca g\u00fcnler:<\/p>\n<ul>\n<li>Montag (Pazartesi), Dienstag (Sal\u0131), Mittwoch (\u00c7ar\u015famba)<\/li>\n<\/ul>\n<p>ve saat ifadeleri, temel dersin \u00f6nemli par\u00e7alar\u0131d\u0131r.<\/p>\n<h2>Talkpal ile Almanca Temel Dersi 1 Nas\u0131l Daha Verimli Hale Getirilir?<\/h2>\n<p>Talkpal, dil \u00f6\u011frenmeyi kolayla\u015ft\u0131ran interaktif bir platformdur. Almanca temel dersi 1 \u00f6\u011freniminde Talkpal\u2019in sa\u011flad\u0131\u011f\u0131 avantajlar \u015funlard\u0131r:<\/p>\n<h3>Ger\u00e7ek Zamanl\u0131 Konu\u015fma Prati\u011fi<\/h3>\n<p>Talkpal, kullan\u0131c\u0131lar\u0131na an\u0131nda geri bildirim veren konu\u015fma uygulamalar\u0131 sunar. Bu sayede \u00f6\u011frenciler, \u00f6\u011frendikleri temel kelimeleri ve c\u00fcmle yap\u0131lar\u0131n\u0131 ger\u00e7ek hayatta kullanma \u015fans\u0131 bulur.<\/p>\n<h3>Ki\u015fiselle\u015ftirilmi\u015f \u00d6\u011frenme Planlar\u0131<\/h3>\n<p>Platform, her \u00f6\u011frencinin seviyesine ve \u00f6\u011frenme h\u0131z\u0131na g\u00f6re ders program\u0131 olu\u015fturur. Almanca temel dersi 1 i\u00e7in \u00f6zel olarak haz\u0131rlanm\u0131\u015f mod\u00fcller, \u00f6\u011frenme s\u00fcrecini optimize eder.<\/p>\n<h3>Zengin \u0130\u00e7erik ve Multimedya Deste\u011fi<\/h3>\n<p>Videolar, ses dosyalar\u0131, interaktif quizler ve oyunlar sayesinde, \u00f6\u011frenme s\u00fcreci s\u0131k\u0131c\u0131 olmaktan \u00e7\u0131kar ve kal\u0131c\u0131 hale gelir.<\/p>\n<h3>Topluluk ve Sosyal \u00d6\u011frenme<\/h3>\n<p>Talkpal, dil \u00f6\u011frenenlerin birbirleriyle ileti\u015fim kurabilece\u011fi forumlar ve sohbet odalar\u0131 sa\u011flar. Bu, \u00f6\u011frenilen bilgilerin peki\u015ftirilmesi ve motivasyonun art\u0131r\u0131lmas\u0131 i\u00e7in \u00f6nemlidir.<\/p>\n<h2>Almanca Temel Dersi 1 \u0130\u00e7in En Etkili \u00d6\u011frenme Y\u00f6ntemleri<\/h2>\n<p>Almanca temel dersi 1\u2019i en iyi \u015fekilde de\u011ferlendirmek i\u00e7in a\u015fa\u011f\u0131daki y\u00f6ntemler \u00f6nerilir:<\/p>\n<ul>\n<li><strong>G\u00fcnl\u00fck Pratik:<\/strong> Her g\u00fcn en az 15-20 dakika Almanca konu\u015fma veya yazma prati\u011fi yapmak.<\/li>\n<li><strong>Kelime Kartlar\u0131 Kullanmak:<\/strong> Temel kelimeleri ve ifadeleri d\u00fczenli olarak tekrar etmek i\u00e7in flashcard uygulamalar\u0131 kullanmak.<\/li>\n<li><strong>Dinleme Al\u0131\u015ft\u0131rmalar\u0131:<\/strong> Almanca podcastler, \u015fark\u0131lar veya videolar dinleyerek kulak a\u015final\u0131\u011f\u0131n\u0131 art\u0131rmak.<\/li>\n<li><strong>Konu\u015fma Partneri Bulmak:<\/strong> Talkpal gibi platformlardan veya yerel dil de\u011fi\u015fim gruplar\u0131ndan bir partnerle pratik yapmak.<\/li>\n<li><strong>Ders Materyallerini Tekrarlamak:<\/strong> Almanca temel dersi 1 i\u00e7eri\u011fini s\u0131k s\u0131k g\u00f6zden ge\u00e7irerek konular\u0131 peki\u015ftirmek.<\/li>\n<\/ul>\n<h2>Sonu\u00e7: Almanca Temel Dersi 1 ile Dil Yolculu\u011funa G\u00fc\u00e7l\u00fc Bir Ba\u015flang\u0131\u00e7<\/h2>\n<p>Almanca temel dersi 1, dil \u00f6\u011frenme s\u00fcrecinin en kritik a\u015famas\u0131d\u0131r ve sa\u011flam bir temel olu\u015fturur. Talkpal gibi interaktif ve kullan\u0131c\u0131 dostu platformlar, bu s\u00fcreci daha etkili, e\u011flenceli ve s\u00fcrd\u00fcr\u00fclebilir hale getirir. Dil \u00f6\u011freniminde s\u00fcreklilik ve pratik \u00f6nemlidir; bu nedenle, d\u00fczenli \u00e7al\u0131\u015fma ve do\u011fru ara\u00e7lar\u0131n kullan\u0131m\u0131 ba\u015far\u0131y\u0131 getirir. Almanca temel dersi 1\u2019i tamamlayan \u00f6\u011frenciler, hem dil bilgisi hem de ileti\u015fim becerileri a\u00e7\u0131s\u0131ndan g\u00fc\u00e7l\u00fc bir altyap\u0131ya sahip olarak, Almanca yolculuklar\u0131na g\u00fcvenle devam edebilirler.<\/p>\n","protected":false},"excerpt":{"rendered":"<p>Almanca \u00f6\u011frenmek isteyenler i\u00e7in sa\u011flam bir ba\u015flang\u0131\u00e7 noktas\u0131 olan &#8220;almanca temel dersi 1&#8221;, dilin temel yap\u0131 ta\u015flar\u0131n\u0131 anlamak ve pratik yapmak i\u00e7in kritik bir ad\u0131md\u0131r. Talkpal gibi interaktif platformlar, bu s\u00fcreci daha etkili ve keyifli hale getirerek, Almanca \u00f6\u011frenenlere g\u00fcnl\u00fck konu\u015fmalardan dilbilgisine kadar geni\u015f bir yelpazede destek sunar. Bu makalede, almanca temel dersi 1 kapsam\u0131nda [&hellip;]<\/p>\n","protected":false},"author":0,"featured_media":1527698,"comment_status":"","ping_status":"open","sticky":false,"template":"","format":"standard","meta":{"_acf_changed":false,"footnotes":""},"categories":[21345],"tags":[],"class_list":["post-1434072","post","type-post","status-publish","format-standard","has-post-thumbnail","hentry","category-dil-ogrenme-gorusleri"],"acf":[],"yoast_head":"<!-- This site is optimized with the Yoast SEO Premium plugin v27.2 (Yoast SEO v27.2) - https:\/\/yoast.com\/product\/yoast-seo-premium-wordpress\/ -->\n<title>Almanca Temel Dersi 1: Ba\u015flang\u0131\u00e7 \u0130\u00e7in En \u0130yi Rehber - Talkpal<\/title>\n<meta name=\"description\" content=\"Almanca \u00f6\u011frenmek isteyenler i\u00e7in sa\u011flam bir ba\u015flang\u0131\u00e7 noktas\u0131 olan &quot;almanca temel dersi 1&quot;, dilin temel yap\u0131 ta\u015flar\u0131n\u0131 anlamak ve pratik yapmak i\u00e7in\" \/>\n<meta name=\"robots\" content=\"index, follow, max-snippet:-1, max-image-preview:large, max-video-preview:-1\" \/>\n<link rel=\"canonical\" href=\"https:\/\/talkpal.ai\/tr\/almanca-temel-dersi-1-baslangic-icin-en-iyi-rehber\/\" \/>\n<meta property=\"og:locale\" content=\"tr_TR\" \/>\n<meta property=\"og:type\" content=\"article\" \/>\n<meta property=\"og:title\" content=\"Almanca Temel Dersi 1: Ba\u015flang\u0131\u00e7 \u0130\u00e7in En \u0130yi Rehber\" \/>\n<meta property=\"og:description\" content=\"Almanca \u00f6\u011frenmek isteyenler i\u00e7in sa\u011flam bir ba\u015flang\u0131\u00e7 noktas\u0131 olan &quot;almanca temel dersi 1&quot;, dilin temel yap\u0131 ta\u015flar\u0131n\u0131 anlamak ve pratik yapmak i\u00e7in\" \/>\n<meta property=\"og:url\" content=\"https:\/\/talkpal.ai\/tr\/almanca-temel-dersi-1-baslangic-icin-en-iyi-rehber\/\" \/>\n<meta property=\"og:site_name\" content=\"Talkpal\" \/>\n<meta property=\"article:publisher\" content=\"https:\/\/www.facebook.com\/profile.php?id=100090733639311\" \/>\n<meta property=\"article:published_time\" content=\"2025-07-18T04:13:21+00:00\" \/>\n<meta property=\"og:image\" content=\"https:\/\/talkpal.ai\/wp-content\/uploads\/2025\/02\/Progress-tab-16_9.png\" \/>\n\t<meta property=\"og:image:width\" content=\"2880\" \/>\n\t<meta property=\"og:image:height\" content=\"1620\" \/>\n\t<meta property=\"og:image:type\" content=\"image\/png\" \/>\n<meta name=\"twitter:card\" content=\"summary_large_image\" \/>\n<meta name=\"twitter:creator\" content=\"@talkpalai\" \/>\n<meta name=\"twitter:site\" content=\"@talkpalai\" \/>\n<meta name=\"twitter:label1\" content=\"Tahmini okuma s\u00fcresi\" \/>\n\t<meta name=\"twitter:data1\" content=\"5 dakika\" \/>\n<script type=\"application\/ld+json\" class=\"yoast-schema-graph\">{\"@context\":\"https:\/\/schema.org\",\"@graph\":[{\"@type\":\"Article\",\"@id\":\"https:\/\/talkpal.ai\/tr\/almanca-temel-dersi-1-baslangic-icin-en-iyi-rehber\/#article\",\"isPartOf\":{\"@id\":\"https:\/\/talkpal.ai\/tr\/almanca-temel-dersi-1-baslangic-icin-en-iyi-rehber\/\"},\"author\":{\"name\":\"\",\"@id\":\"\"},\"headline\":\"Almanca Temel Dersi 1: Ba\u015flang\u0131\u00e7 \u0130\u00e7in En \u0130yi Rehber\",\"datePublished\":\"2025-07-18T04:13:21+00:00\",\"mainEntityOfPage\":{\"@id\":\"https:\/\/talkpal.ai\/tr\/almanca-temel-dersi-1-baslangic-icin-en-iyi-rehber\/\"},\"wordCount\":921,\"publisher\":{\"@id\":\"https:\/\/talkpal.ai\/tr\/#organization\"},\"image\":{\"@id\":\"https:\/\/talkpal.ai\/tr\/almanca-temel-dersi-1-baslangic-icin-en-iyi-rehber\/#primaryimage\"},\"thumbnailUrl\":\"https:\/\/talkpal.ai\/wp-content\/uploads\/2025\/12\/group-uses-laptop-to-learn-languages.webp\",\"articleSection\":[\"Dil \u00d6\u011frenme G\u00f6r\u00fc\u015fleri\"],\"inLanguage\":\"tr\"},{\"@type\":\"WebPage\",\"@id\":\"https:\/\/talkpal.ai\/tr\/almanca-temel-dersi-1-baslangic-icin-en-iyi-rehber\/\",\"url\":\"https:\/\/talkpal.ai\/tr\/almanca-temel-dersi-1-baslangic-icin-en-iyi-rehber\/\",\"name\":\"Almanca Temel Dersi 1: Ba\u015flang\u0131\u00e7 \u0130\u00e7in En \u0130yi Rehber - Talkpal\",\"isPartOf\":{\"@id\":\"https:\/\/talkpal.ai\/tr\/#website\"},\"primaryImageOfPage\":{\"@id\":\"https:\/\/talkpal.ai\/tr\/almanca-temel-dersi-1-baslangic-icin-en-iyi-rehber\/#primaryimage\"},\"image\":{\"@id\":\"https:\/\/talkpal.ai\/tr\/almanca-temel-dersi-1-baslangic-icin-en-iyi-rehber\/#primaryimage\"},\"thumbnailUrl\":\"https:\/\/talkpal.ai\/wp-content\/uploads\/2025\/12\/group-uses-laptop-to-learn-languages.webp\",\"datePublished\":\"2025-07-18T04:13:21+00:00\",\"description\":\"Almanca \u00f6\u011frenmek isteyenler i\u00e7in sa\u011flam bir ba\u015flang\u0131\u00e7 noktas\u0131 olan \\\"almanca temel dersi 1\\\", dilin temel yap\u0131 ta\u015flar\u0131n\u0131 anlamak ve pratik yapmak i\u00e7in\",\"breadcrumb\":{\"@id\":\"https:\/\/talkpal.ai\/tr\/almanca-temel-dersi-1-baslangic-icin-en-iyi-rehber\/#breadcrumb\"},\"inLanguage\":\"tr\",\"potentialAction\":[{\"@type\":\"ReadAction\",\"target\":[\"https:\/\/talkpal.ai\/tr\/almanca-temel-dersi-1-baslangic-icin-en-iyi-rehber\/\"]}]},{\"@type\":\"ImageObject\",\"inLanguage\":\"tr\",\"@id\":\"https:\/\/talkpal.ai\/tr\/almanca-temel-dersi-1-baslangic-icin-en-iyi-rehber\/#primaryimage\",\"url\":\"https:\/\/talkpal.ai\/wp-content\/uploads\/2025\/12\/group-uses-laptop-to-learn-languages.webp\",\"contentUrl\":\"https:\/\/talkpal.ai\/wp-content\/uploads\/2025\/12\/group-uses-laptop-to-learn-languages.webp\",\"width\":1200,\"height\":896,\"caption\":\"Several students work at a table in a bright library for the purpose of learning languages.\"},{\"@type\":\"BreadcrumbList\",\"@id\":\"https:\/\/talkpal.ai\/tr\/almanca-temel-dersi-1-baslangic-icin-en-iyi-rehber\/#breadcrumb\",\"itemListElement\":[{\"@type\":\"ListItem\",\"position\":1,\"name\":\"Homepage\",\"item\":\"https:\/\/talkpal.ai\/tr\/\"},{\"@type\":\"ListItem\",\"position\":2,\"name\":\"Almanca Temel Dersi 1: Ba\u015flang\u0131\u00e7 \u0130\u00e7in En \u0130yi Rehber\"}]},{\"@type\":\"WebSite\",\"@id\":\"https:\/\/talkpal.ai\/tr\/#website\",\"url\":\"https:\/\/talkpal.ai\/tr\/\",\"name\":\"Talkpal\",\"description\":\"AI Language Learning\",\"publisher\":{\"@id\":\"https:\/\/talkpal.ai\/tr\/#organization\"},\"alternateName\":\"Talkpal AI\",\"potentialAction\":[{\"@type\":\"SearchAction\",\"target\":{\"@type\":\"EntryPoint\",\"urlTemplate\":\"https:\/\/talkpal.ai\/tr\/?s={search_term_string}\"},\"query-input\":{\"@type\":\"PropertyValueSpecification\",\"valueRequired\":true,\"valueName\":\"search_term_string\"}}],\"inLanguage\":\"tr\"},{\"@type\":\"Organization\",\"@id\":\"https:\/\/talkpal.ai\/tr\/#organization\",\"name\":\"Talkpal, Inc.\",\"alternateName\":\"Talkpal AI\",\"url\":\"https:\/\/talkpal.ai\/tr\/\",\"logo\":{\"@type\":\"ImageObject\",\"inLanguage\":\"tr\",\"@id\":\"https:\/\/talkpal.ai\/tr\/#\/schema\/logo\/image\/\",\"url\":\"https:\/\/talkpal.ai\/wp-content\/uploads\/2024\/03\/Talkpal-Logo-Icon.png\",\"contentUrl\":\"https:\/\/talkpal.ai\/wp-content\/uploads\/2024\/03\/Talkpal-Logo-Icon.png\",\"width\":2880,\"height\":2880,\"caption\":\"Talkpal, Inc.\"},\"image\":{\"@id\":\"https:\/\/talkpal.ai\/tr\/#\/schema\/logo\/image\/\"},\"sameAs\":[\"https:\/\/www.facebook.com\/profile.php?id=100090733639311\",\"https:\/\/x.com\/talkpalai\",\"https:\/\/www.linkedin.com\/company\/talkpal\/\",\"https:\/\/www.youtube.com\/@TalkPal\/\",\"https:\/\/www.tiktok.com\/@talkpal\",\"https:\/\/www.instagram.com\/talkpal_ai\/\",\"https:\/\/www.crunchbase.com\/organization\/talkpal-9cde\",\"https:\/\/www.g2.com\/products\/talkpal-for-business\/\",\"https:\/\/www.trustpilot.com\/review\/talkpal.ai\",\"https:\/\/www.capterra.com\/p\/10006800\/TalkPal\/\"],\"description\":\"Talkpal is a language learning web and mobile education app, powered by the latest AI technologies, that provides engaging experiences to its customers in many different languages to help them improve their language skills. Users can chat about unlimited amount of topics with the app and use other modes to practice their language learning.\",\"email\":\"support@talkpal.ai\",\"legalName\":\"Talkpal, Inc.\",\"foundingDate\":\"2023-04-03\",\"duns\":\"118989042\",\"numberOfEmployees\":{\"@type\":\"QuantitativeValue\",\"minValue\":\"11\",\"maxValue\":\"50\"},\"publishingPrinciples\":\"https:\/\/talkpal.ai\/publishing-principles\/\",\"actionableFeedbackPolicy\":\"https:\/\/talkpal.ai\/actionable-feedback-policy\/\",\"correctionsPolicy\":\"https:\/\/talkpal.ai\/corrections-policy\/\",\"ethicsPolicy\":\"https:\/\/talkpal.ai\/ethics-policy\/\",\"diversityPolicy\":\"https:\/\/talkpal.ai\/diversity-policy\/\",\"diversityStaffingReport\":\"https:\/\/talkpal.ai\/diversity-policy\/\"}]}<\/script>\n<!-- \/ Yoast SEO Premium plugin. -->","yoast_head_json":{"title":"Almanca Temel Dersi 1: Ba\u015flang\u0131\u00e7 \u0130\u00e7in En \u0130yi Rehber - Talkpal","description":"Almanca \u00f6\u011frenmek isteyenler i\u00e7in sa\u011flam bir ba\u015flang\u0131\u00e7 noktas\u0131 olan \"almanca temel dersi 1\", dilin temel yap\u0131 ta\u015flar\u0131n\u0131 anlamak ve pratik yapmak i\u00e7in","robots":{"index":"index","follow":"follow","max-snippet":"max-snippet:-1","max-image-preview":"max-image-preview:large","max-video-preview":"max-video-preview:-1"},"canonical":"https:\/\/talkpal.ai\/tr\/almanca-temel-dersi-1-baslangic-icin-en-iyi-rehber\/","og_locale":"tr_TR","og_type":"article","og_title":"Almanca Temel Dersi 1: Ba\u015flang\u0131\u00e7 \u0130\u00e7in En \u0130yi Rehber","og_description":"Almanca \u00f6\u011frenmek isteyenler i\u00e7in sa\u011flam bir ba\u015flang\u0131\u00e7 noktas\u0131 olan \"almanca temel dersi 1\", dilin temel yap\u0131 ta\u015flar\u0131n\u0131 anlamak ve pratik yapmak i\u00e7in","og_url":"https:\/\/talkpal.ai\/tr\/almanca-temel-dersi-1-baslangic-icin-en-iyi-rehber\/","og_site_name":"Talkpal","article_publisher":"https:\/\/www.facebook.com\/profile.php?id=100090733639311","article_published_time":"2025-07-18T04:13:21+00:00","og_image":[{"width":2880,"height":1620,"url":"https:\/\/talkpal.ai\/wp-content\/uploads\/2025\/02\/Progress-tab-16_9.png","type":"image\/png"}],"twitter_card":"summary_large_image","twitter_creator":"@talkpalai","twitter_site":"@talkpalai","twitter_misc":{"Tahmini okuma s\u00fcresi":"5 dakika"},"schema":{"@context":"https:\/\/schema.org","@graph":[{"@type":"Article","@id":"https:\/\/talkpal.ai\/tr\/almanca-temel-dersi-1-baslangic-icin-en-iyi-rehber\/#article","isPartOf":{"@id":"https:\/\/talkpal.ai\/tr\/almanca-temel-dersi-1-baslangic-icin-en-iyi-rehber\/"},"author":{"name":"","@id":""},"headline":"Almanca Temel Dersi 1: Ba\u015flang\u0131\u00e7 \u0130\u00e7in En \u0130yi Rehber","datePublished":"2025-07-18T04:13:21+00:00","mainEntityOfPage":{"@id":"https:\/\/talkpal.ai\/tr\/almanca-temel-dersi-1-baslangic-icin-en-iyi-rehber\/"},"wordCount":921,"publisher":{"@id":"https:\/\/talkpal.ai\/tr\/#organization"},"image":{"@id":"https:\/\/talkpal.ai\/tr\/almanca-temel-dersi-1-baslangic-icin-en-iyi-rehber\/#primaryimage"},"thumbnailUrl":"https:\/\/talkpal.ai\/wp-content\/uploads\/2025\/12\/group-uses-laptop-to-learn-languages.webp","articleSection":["Dil \u00d6\u011frenme G\u00f6r\u00fc\u015fleri"],"inLanguage":"tr"},{"@type":"WebPage","@id":"https:\/\/talkpal.ai\/tr\/almanca-temel-dersi-1-baslangic-icin-en-iyi-rehber\/","url":"https:\/\/talkpal.ai\/tr\/almanca-temel-dersi-1-baslangic-icin-en-iyi-rehber\/","name":"Almanca Temel Dersi 1: Ba\u015flang\u0131\u00e7 \u0130\u00e7in En \u0130yi Rehber - Talkpal","isPartOf":{"@id":"https:\/\/talkpal.ai\/tr\/#website"},"primaryImageOfPage":{"@id":"https:\/\/talkpal.ai\/tr\/almanca-temel-dersi-1-baslangic-icin-en-iyi-rehber\/#primaryimage"},"image":{"@id":"https:\/\/talkpal.ai\/tr\/almanca-temel-dersi-1-baslangic-icin-en-iyi-rehber\/#primaryimage"},"thumbnailUrl":"https:\/\/talkpal.ai\/wp-content\/uploads\/2025\/12\/group-uses-laptop-to-learn-languages.webp","datePublished":"2025-07-18T04:13:21+00:00","description":"Almanca \u00f6\u011frenmek isteyenler i\u00e7in sa\u011flam bir ba\u015flang\u0131\u00e7 noktas\u0131 olan \"almanca temel dersi 1\", dilin temel yap\u0131 ta\u015flar\u0131n\u0131 anlamak ve pratik yapmak i\u00e7in","breadcrumb":{"@id":"https:\/\/talkpal.ai\/tr\/almanca-temel-dersi-1-baslangic-icin-en-iyi-rehber\/#breadcrumb"},"inLanguage":"tr","potentialAction":[{"@type":"ReadAction","target":["https:\/\/talkpal.ai\/tr\/almanca-temel-dersi-1-baslangic-icin-en-iyi-rehber\/"]}]},{"@type":"ImageObject","inLanguage":"tr","@id":"https:\/\/talkpal.ai\/tr\/almanca-temel-dersi-1-baslangic-icin-en-iyi-rehber\/#primaryimage","url":"https:\/\/talkpal.ai\/wp-content\/uploads\/2025\/12\/group-uses-laptop-to-learn-languages.webp","contentUrl":"https:\/\/talkpal.ai\/wp-content\/uploads\/2025\/12\/group-uses-laptop-to-learn-languages.webp","width":1200,"height":896,"caption":"Several students work at a table in a bright library for the purpose of learning languages."},{"@type":"BreadcrumbList","@id":"https:\/\/talkpal.ai\/tr\/almanca-temel-dersi-1-baslangic-icin-en-iyi-rehber\/#breadcrumb","itemListElement":[{"@type":"ListItem","position":1,"name":"Homepage","item":"https:\/\/talkpal.ai\/tr\/"},{"@type":"ListItem","position":2,"name":"Almanca Temel Dersi 1: Ba\u015flang\u0131\u00e7 \u0130\u00e7in En \u0130yi Rehber"}]},{"@type":"WebSite","@id":"https:\/\/talkpal.ai\/tr\/#website","url":"https:\/\/talkpal.ai\/tr\/","name":"Talkpal","description":"AI Language Learning","publisher":{"@id":"https:\/\/talkpal.ai\/tr\/#organization"},"alternateName":"Talkpal AI","potentialAction":[{"@type":"SearchAction","target":{"@type":"EntryPoint","urlTemplate":"https:\/\/talkpal.ai\/tr\/?s={search_term_string}"},"query-input":{"@type":"PropertyValueSpecification","valueRequired":true,"valueName":"search_term_string"}}],"inLanguage":"tr"},{"@type":"Organization","@id":"https:\/\/talkpal.ai\/tr\/#organization","name":"Talkpal, Inc.","alternateName":"Talkpal AI","url":"https:\/\/talkpal.ai\/tr\/","logo":{"@type":"ImageObject","inLanguage":"tr","@id":"https:\/\/talkpal.ai\/tr\/#\/schema\/logo\/image\/","url":"https:\/\/talkpal.ai\/wp-content\/uploads\/2024\/03\/Talkpal-Logo-Icon.png","contentUrl":"https:\/\/talkpal.ai\/wp-content\/uploads\/2024\/03\/Talkpal-Logo-Icon.png","width":2880,"height":2880,"caption":"Talkpal, Inc."},"image":{"@id":"https:\/\/talkpal.ai\/tr\/#\/schema\/logo\/image\/"},"sameAs":["https:\/\/www.facebook.com\/profile.php?id=100090733639311","https:\/\/x.com\/talkpalai","https:\/\/www.linkedin.com\/company\/talkpal\/","https:\/\/www.youtube.com\/@TalkPal\/","https:\/\/www.tiktok.com\/@talkpal","https:\/\/www.instagram.com\/talkpal_ai\/","https:\/\/www.crunchbase.com\/organization\/talkpal-9cde","https:\/\/www.g2.com\/products\/talkpal-for-business\/","https:\/\/www.trustpilot.com\/review\/talkpal.ai","https:\/\/www.capterra.com\/p\/10006800\/TalkPal\/"],"description":"Talkpal is a language learning web and mobile education app, powered by the latest AI technologies, that provides engaging experiences to its customers in many different languages to help them improve their language skills. Users can chat about unlimited amount of topics with the app and use other modes to practice their language learning.","email":"support@talkpal.ai","legalName":"Talkpal, Inc.","foundingDate":"2023-04-03","duns":"118989042","numberOfEmployees":{"@type":"QuantitativeValue","minValue":"11","maxValue":"50"},"publishingPrinciples":"https:\/\/talkpal.ai\/publishing-principles\/","actionableFeedbackPolicy":"https:\/\/talkpal.ai\/actionable-feedback-policy\/","correctionsPolicy":"https:\/\/talkpal.ai\/corrections-policy\/","ethicsPolicy":"https:\/\/talkpal.ai\/ethics-policy\/","diversityPolicy":"https:\/\/talkpal.ai\/diversity-policy\/","diversityStaffingReport":"https:\/\/talkpal.ai\/diversity-policy\/"}]}},"_links":{"self":[{"href":"https:\/\/talkpal.ai\/tr\/wp-json\/wp\/v2\/posts\/1434072","targetHints":{"allow":["GET"]}}],"collection":[{"href":"https:\/\/talkpal.ai\/tr\/wp-json\/wp\/v2\/posts"}],"about":[{"href":"https:\/\/talkpal.ai\/tr\/wp-json\/wp\/v2\/types\/post"}],"replies":[{"embeddable":true,"href":"https:\/\/talkpal.ai\/tr\/wp-json\/wp\/v2\/comments?post=1434072"}],"version-history":[{"count":0,"href":"https:\/\/talkpal.ai\/tr\/wp-json\/wp\/v2\/posts\/1434072\/revisions"}],"wp:featuredmedia":[{"embeddable":true,"href":"https:\/\/talkpal.ai\/tr\/wp-json\/wp\/v2\/media\/1527698"}],"wp:attachment":[{"href":"https:\/\/talkpal.ai\/tr\/wp-json\/wp\/v2\/media?parent=1434072"}],"wp:term":[{"taxonomy":"category","embeddable":true,"href":"https:\/\/talkpal.ai\/tr\/wp-json\/wp\/v2\/categories?post=1434072"},{"taxonomy":"post_tag","embeddable":true,"href":"https:\/\/talkpal.ai\/tr\/wp-json\/wp\/v2\/tags?post=1434072"}],"curies":[{"name":"wp","href":"https:\/\/api.w.org\/{rel}","templated":true}]}}