{"id":1433831,"date":"2025-07-18T04:09:22","date_gmt":"2025-07-18T04:09:22","guid":{"rendered":"https:\/\/talkpal.ai\/isvicre-almancasi-ogren-hizli-ve-etkili-yontemler-ile-baslayin\/"},"modified":"2025-07-18T04:09:22","modified_gmt":"2025-07-18T04:09:22","slug":"isvicre-almancasi-ogren-hizli-ve-etkili-yontemler-ile-baslayin","status":"publish","type":"post","link":"https:\/\/talkpal.ai\/tr\/isvicre-almancasi-ogren-hizli-ve-etkili-yontemler-ile-baslayin\/","title":{"rendered":"\u0130svi\u00e7re Almancas\u0131 \u00d6\u011fren: H\u0131zl\u0131 ve Etkili Y\u00f6ntemler ile Ba\u015flay\u0131n!"},"content":{"rendered":"<p>\u0130svi\u00e7re Almancas\u0131 \u00f6\u011frenmek, Almanca dilinin benzersiz bir leh\u00e7esini anlamak ve konu\u015fmak isteyenler i\u00e7in olduk\u00e7a \u00f6nemli bir ad\u0131md\u0131r. \u0130svi\u00e7re Almancas\u0131, standart Almancadan farkl\u0131 telaffuz, kelime da\u011farc\u0131\u011f\u0131 ve gramer yap\u0131lar\u0131yla dikkat \u00e7eker. Bu nedenle, dil \u00f6\u011frenme s\u00fcrecinde \u00f6zel y\u00f6ntemler ve kaynaklar kullanmak gerekir. Talkpal, \u0130svi\u00e7re Almancas\u0131 \u00f6\u011frenmek isteyenler i\u00e7in interaktif ve etkili bir platform olarak \u00f6ne \u00e7\u0131kar. Bu yaz\u0131da, \u0130svi\u00e7re Almancas\u0131 \u00f6\u011frenmenin p\u00fcf noktalar\u0131n\u0131, Talkpal\u2019in sundu\u011fu avantajlar\u0131 ve dil becerilerinizi geli\u015ftirmenin yollar\u0131n\u0131 detayl\u0131 \u015fekilde ele alaca\u011f\u0131z.<\/p>\n<h2>\u0130svi\u00e7re Almancas\u0131 Nedir ve Neden \u00d6\u011frenilmelidir?<\/h2>\n<p>\u0130svi\u00e7re Almancas\u0131 (Schweizerdeutsch), \u0130svi\u00e7re&#8217;nin Almanca konu\u015fulan b\u00f6lgelerinde kullan\u0131lan yerel leh\u00e7edir. Standart Almanca ile bir\u00e7ok ortak y\u00f6n\u00fc bulunsa da, telaffuz, kelime kullan\u0131m\u0131 ve baz\u0131 dilbilgisi kurallar\u0131 a\u00e7\u0131s\u0131ndan farkl\u0131l\u0131klar g\u00f6sterir. \u0130svi\u00e7re Almancas\u0131, g\u00fcnl\u00fck ya\u015famda, i\u015f hayat\u0131nda ve sosyal ileti\u015fimde yayg\u0131n olarak kullan\u0131ld\u0131\u011f\u0131 i\u00e7in \u00f6\u011frenilmesi b\u00fcy\u00fck avantaj sa\u011flar.<\/p>\n<ul>\n<li><strong>K\u00fclt\u00fcrel Entegrasyon:<\/strong> \u0130svi\u00e7re\u2019de ya\u015famak veya \u00e7al\u0131\u015fmak isteyenler i\u00e7in yerel leh\u00e7eyi \u00f6\u011frenmek, sosyal uyumu kolayla\u015ft\u0131r\u0131r.<\/li>\n<li><strong>\u0130\u015f Olanaklar\u0131:<\/strong> \u0130svi\u00e7re Almancas\u0131 bilen bireyler, \u00f6zellikle yerel \u015firketlerde ve hizmet sekt\u00f6r\u00fcnde daha fazla tercih edilir.<\/li>\n<li><strong>Dilsel Zenginlik:<\/strong> Almancan\u0131n farkl\u0131 leh\u00e7elerini \u00f6\u011frenmek, dil yetkinli\u011finizi art\u0131r\u0131r ve dilsel esnekli\u011fi geli\u015ftirir.<\/li>\n<\/ul>\n<h2>\u0130svi\u00e7re Almancas\u0131 \u00d6\u011frenmenin Zorluklar\u0131<\/h2>\n<p>\u0130svi\u00e7re Almancas\u0131 \u00f6\u011frenmek, standart Almanca bilenler i\u00e7in bile \u00e7e\u015fitli zorluklar bar\u0131nd\u0131r\u0131r. Bunlar\u0131n ba\u015f\u0131nda leh\u00e7enin b\u00f6lgesel \u00e7e\u015fitlili\u011fi ve resmi yaz\u0131l\u0131 formunun olmamas\u0131 gelir. Ayr\u0131ca, g\u00fcnl\u00fck konu\u015fmada kullan\u0131lan ifadeler ve deyimler, standart Almancadan olduk\u00e7a farkl\u0131d\u0131r.<\/p>\n<h3>B\u00f6lgesel Farkl\u0131l\u0131klar<\/h3>\n<p>\u0130svi\u00e7re Almancas\u0131, kantonlara g\u00f6re farkl\u0131l\u0131k g\u00f6sterir. \u00d6rne\u011fin, Z\u00fcrih leh\u00e7esi ile Bern leh\u00e7esi aras\u0131nda belirgin farklar bulunur. Bu nedenle, hangi b\u00f6lge leh\u00e7esini \u00f6\u011frenmek istedi\u011finize karar vermek \u00f6nemlidir.<\/p>\n<h3>Yaz\u0131l\u0131 Kaynak Eksikli\u011fi<\/h3>\n<p>\u0130svi\u00e7re Almancas\u0131 resmi bir yaz\u0131 dili olarak kabul edilmedi\u011fi i\u00e7in, e\u011fitim materyalleri ve kitaplar genellikle s\u0131n\u0131rl\u0131d\u0131r. Bu durum, \u00f6\u011frenme s\u00fcrecini zorla\u015ft\u0131rabilir.<\/p>\n<h3>Farkl\u0131 Telaffuz ve Kelime Da\u011farc\u0131\u011f\u0131<\/h3>\n<p>Bir\u00e7ok kelimenin telaffuzu standart Almancadan farkl\u0131d\u0131r ve baz\u0131 kelimeler tamamen de\u011fi\u015fik anlamlar ta\u015f\u0131yabilir. Bu da dinleme ve konu\u015fma becerilerinin geli\u015ftirilmesini gerektirir.<\/p>\n<h2>Talkpal ile \u0130svi\u00e7re Almancas\u0131 \u00d6\u011frenmenin Avantajlar\u0131<\/h2>\n<p>Talkpal, \u0130svi\u00e7re Almancas\u0131 \u00f6\u011frenmek isteyenler i\u00e7in \u00f6zel olarak tasarlanm\u0131\u015f interaktif bir dil \u00f6\u011frenme platformudur. Bu platformun sundu\u011fu imkanlar, \u00f6\u011frenme s\u00fcrecini h\u0131zland\u0131r\u0131r ve daha etkili hale getirir.<\/p>\n<ul>\n<li><strong>Ger\u00e7ek Konu\u015fma Prati\u011fi:<\/strong> Ana dili \u0130svi\u00e7re Almancas\u0131 olan e\u011fitmenlerle canl\u0131 sohbetler yaparak pratik yapma imkan\u0131.<\/li>\n<li><strong>Ki\u015fiselle\u015ftirilmi\u015f Dersler:<\/strong> \u00d6\u011frencinin seviyesine ve \u00f6\u011frenme hedeflerine uygun \u00f6zelle\u015ftirilmi\u015f i\u00e7erikler.<\/li>\n<li><strong>Esnek \u00d6\u011frenme Saatleri:<\/strong> Zaman ve mekan s\u0131n\u0131rlamas\u0131 olmadan istedi\u011finiz zaman derse kat\u0131lma kolayl\u0131\u011f\u0131.<\/li>\n<li><strong>Geni\u015f Kaynak ve Materyaller:<\/strong> Sesli ve yaz\u0131l\u0131 materyaller, interaktif quizler ve k\u00fclt\u00fcrel i\u00e7eriklerle desteklenen e\u011fitim.<\/li>\n<\/ul>\n<h2>\u0130svi\u00e7re Almancas\u0131 \u00d6\u011frenirken Dikkat Edilmesi Gerekenler<\/h2>\n<p>\u0130svi\u00e7re Almancas\u0131 \u00f6\u011frenme s\u00fcrecinde baz\u0131 \u00f6nemli noktalar\u0131 g\u00f6z \u00f6n\u00fcnde bulundurmak, ba\u015far\u0131y\u0131 art\u0131r\u0131r ve \u00f6\u011frenme deneyimini daha verimli k\u0131lar.<\/p>\n<h3>Hedef B\u00f6lge Leh\u00e7esini Belirlemek<\/h3>\n<p>\u0130svi\u00e7re Almancas\u0131 bir\u00e7ok leh\u00e7eyi i\u00e7erdi\u011fi i\u00e7in, hangi kanton veya b\u00f6lge leh\u00e7esini \u00f6\u011frenmek istedi\u011finizi belirlemek \u00f6nemlidir. Bu, ileti\u015fimde netlik sa\u011flar.<\/p>\n<h3>D\u00fczenli Pratik Yapmak<\/h3>\n<p>Dil \u00f6\u011freniminde s\u00fcreklilik esast\u0131r. G\u00fcnl\u00fck k\u0131sa konu\u015fma al\u0131\u015ft\u0131rmalar\u0131, dinleme ve yazma egzersizleri \u00f6\u011frenmeyi peki\u015ftirir.<\/p>\n<h3>K\u00fclt\u00fcrel \u00d6\u011feleri Tan\u0131mak<\/h3>\n<p>Dil sadece kelimelerden ibaret de\u011fildir. \u0130svi\u00e7re k\u00fclt\u00fcr\u00fcn\u00fc, geleneklerini ve sosyal normlar\u0131n\u0131 \u00f6\u011frenmek, dili daha iyi anlamaya yard\u0131mc\u0131 olur.<\/p>\n<h3>Standart Almancaya Hakim Olmak<\/h3>\n<p>\u0130svi\u00e7re Almancas\u0131, standart Almancan\u0131n bir leh\u00e7esi oldu\u011fu i\u00e7in temel Almanca bilgisi, \u00f6\u011frenme s\u00fcrecini kolayla\u015ft\u0131r\u0131r.<\/p>\n<h2>\u0130svi\u00e7re Almancas\u0131 \u00d6\u011frenmek \u0130\u00e7in Etkili Y\u00f6ntemler<\/h2>\n<p>\u0130svi\u00e7re Almancas\u0131 \u00f6\u011frenmek i\u00e7in farkl\u0131 y\u00f6ntemler bulunmaktad\u0131r. Talkpal gibi dijital platformlar, bu y\u00f6ntemlerin en modern ve eri\u015filebilir olanlar\u0131ndan biridir.<\/p>\n<h3>1. Canl\u0131 Konu\u015fma Seanslar\u0131<\/h3>\n<p>Dil prati\u011fi yapman\u0131n en etkili yolu, ana dili \u0130svi\u00e7re Almancas\u0131 olan ki\u015filerle konu\u015fmakt\u0131r. Talkpal, bu ihtiyac\u0131 kar\u015f\u0131layarak ger\u00e7ek zamanl\u0131 diyaloglar sunar.<\/p>\n<h3>2. Online Kurslar ve Videolar<\/h3>\n<p>\u0130nternet \u00fczerinde \u0130svi\u00e7re Almancas\u0131 \u00f6\u011frenmeye y\u00f6nelik bir\u00e7ok \u00fccretsiz ve \u00fccretli video ve kurs bulabilirsiniz. Bunlar, dinleme ve telaffuz becerilerinizi geli\u015ftirmenize yard\u0131mc\u0131 olur.<\/p>\n<h3>3. Mobil Uygulamalar<\/h3>\n<p>Talkpal gibi uygulamalar, hareket halindeyken bile \u00f6\u011frenmenize olanak sa\u011flar. Kelime kartlar\u0131, interaktif oyunlar ve g\u00fcnl\u00fck al\u0131\u015ft\u0131rmalar sunar.<\/p>\n<h3>4. Kitaplar ve Dil Rehberleri<\/h3>\n<p>\u0130svi\u00e7re Almancas\u0131 \u00fczerine haz\u0131rlanm\u0131\u015f \u00f6zel kitaplar ve dil rehberleri, gramer ve kelime bilgisi i\u00e7in faydal\u0131d\u0131r.<\/p>\n<h3>5. K\u00fclt\u00fcrel Etkinliklere Kat\u0131lmak<\/h3>\n<p>\u0130svi\u00e7re k\u00fclt\u00fcr\u00fcn\u00fc deneyimlemek, dili do\u011fal ba\u011flam\u0131nda \u00f6\u011frenmeyi sa\u011flar. Festival, m\u00fczik ve sosyal etkinliklere kat\u0131lmak bu a\u00e7\u0131dan de\u011ferlidir.<\/p>\n<h2>\u0130svi\u00e7re Almancas\u0131 \u00d6\u011frenirken Kullan\u0131labilecek Faydal\u0131 Kaynaklar<\/h2>\n<p>\u0130svi\u00e7re Almancas\u0131 \u00f6\u011frenme s\u00fcrecinde \u00e7e\u015fitli kaynaklardan yararlanmak \u00f6nemlidir. \u0130\u015fte \u00f6nerilen baz\u0131 kaynaklar:<\/p>\n<ul>\n<li><strong>Talkpal:<\/strong> Canl\u0131 dersler, interaktif materyaller ve ki\u015fisel geri bildirimler sunar.<\/li>\n<li><strong>Schweizerdeutsch W\u00f6rterbuch:<\/strong> \u0130svi\u00e7re Almancas\u0131 kelimelerini ve anlamlar\u0131n\u0131 i\u00e7eren kapsaml\u0131 s\u00f6zl\u00fck.<\/li>\n<li><strong>YouTube Kanallar\u0131:<\/strong> \u0130svi\u00e7re Almancas\u0131 \u00f6\u011fretimi yapan \u00e7e\u015fitli video i\u00e7erikleri.<\/li>\n<li><strong>Podcastler:<\/strong> \u0130svi\u00e7re Almancas\u0131 dinleme prati\u011fi i\u00e7in faydal\u0131.<\/li>\n<li><strong>Dil De\u011fi\u015fim Gruplar\u0131:<\/strong> \u0130svi\u00e7re Almancas\u0131 konu\u015fanlarla pratik yapma imkan\u0131.<\/li>\n<\/ul>\n<h2>Sonu\u00e7<\/h2>\n<p>\u0130svi\u00e7re Almancas\u0131 \u00f6\u011frenmek, hem k\u00fclt\u00fcrel entegrasyon hem de profesyonel ya\u015fam a\u00e7\u0131s\u0131ndan b\u00fcy\u00fck faydalar sa\u011flar. Ancak, leh\u00e7enin kendine \u00f6zg\u00fc \u00f6zellikleri nedeniyle \u00f6\u011frenme s\u00fcreci standart Almancadan farkl\u0131d\u0131r ve \u00f6zel bir yakla\u015f\u0131m gerektirir. Talkpal gibi interaktif platformlar, ki\u015fiye \u00f6zel dersler ve ger\u00e7ek konu\u015fma prati\u011fi imkan\u0131 sunarak bu s\u00fcreci kolayla\u015ft\u0131r\u0131r. D\u00fczenli \u00e7al\u0131\u015fma, do\u011fru kaynak se\u00e7imi ve k\u00fclt\u00fcrel ba\u011flam\u0131 anlamak, \u0130svi\u00e7re Almancas\u0131 \u00f6\u011frenirken ba\u015far\u0131l\u0131 olman\u0131n anahtarlar\u0131d\u0131r. \u0130svi\u00e7re Almancas\u0131 \u00f6\u011frenmek isteyen herkes i\u00e7in Talkpal, etkili ve pratik bir \u00e7\u00f6z\u00fcm sunmaktad\u0131r.<\/p>\n","protected":false},"excerpt":{"rendered":"<p>\u0130svi\u00e7re Almancas\u0131 \u00f6\u011frenmek, Almanca dilinin benzersiz bir leh\u00e7esini anlamak ve konu\u015fmak isteyenler i\u00e7in olduk\u00e7a \u00f6nemli bir ad\u0131md\u0131r. \u0130svi\u00e7re Almancas\u0131, standart Almancadan farkl\u0131 telaffuz, kelime da\u011farc\u0131\u011f\u0131 ve gramer yap\u0131lar\u0131yla dikkat \u00e7eker. Bu nedenle, dil \u00f6\u011frenme s\u00fcrecinde \u00f6zel y\u00f6ntemler ve kaynaklar kullanmak gerekir. Talkpal, \u0130svi\u00e7re Almancas\u0131 \u00f6\u011frenmek isteyenler i\u00e7in interaktif ve etkili bir platform olarak \u00f6ne \u00e7\u0131kar. [&hellip;]<\/p>\n","protected":false},"author":0,"featured_media":1527608,"comment_status":"","ping_status":"open","sticky":false,"template":"","format":"standard","meta":{"_acf_changed":false,"footnotes":""},"categories":[21345],"tags":[],"class_list":["post-1433831","post","type-post","status-publish","format-standard","has-post-thumbnail","hentry","category-dil-ogrenme-gorusleri"],"acf":[],"yoast_head":"<!-- This site is optimized with the Yoast SEO Premium plugin v27.2 (Yoast SEO v27.2) - https:\/\/yoast.com\/product\/yoast-seo-premium-wordpress\/ -->\n<title>\u0130svi\u00e7re Almancas\u0131 \u00d6\u011fren: H\u0131zl\u0131 ve Etkili Y\u00f6ntemler ile Ba\u015flay\u0131n! - Talkpal<\/title>\n<meta name=\"description\" content=\"\u0130svi\u00e7re Almancas\u0131 \u00f6\u011frenmek, Almanca dilinin benzersiz bir leh\u00e7esini anlamak ve konu\u015fmak isteyenler i\u00e7in olduk\u00e7a \u00f6nemli bir ad\u0131md\u0131r. \u0130svi\u00e7re Almancas\u0131,\" \/>\n<meta name=\"robots\" content=\"index, follow, max-snippet:-1, max-image-preview:large, max-video-preview:-1\" \/>\n<link rel=\"canonical\" href=\"https:\/\/talkpal.ai\/tr\/isvicre-almancasi-ogren-hizli-ve-etkili-yontemler-ile-baslayin\/\" \/>\n<meta property=\"og:locale\" content=\"tr_TR\" \/>\n<meta property=\"og:type\" content=\"article\" \/>\n<meta property=\"og:title\" content=\"\u0130svi\u00e7re Almancas\u0131 \u00d6\u011fren: H\u0131zl\u0131 ve Etkili Y\u00f6ntemler ile Ba\u015flay\u0131n!\" \/>\n<meta property=\"og:description\" content=\"\u0130svi\u00e7re Almancas\u0131 \u00f6\u011frenmek, Almanca dilinin benzersiz bir leh\u00e7esini anlamak ve konu\u015fmak isteyenler i\u00e7in olduk\u00e7a \u00f6nemli bir ad\u0131md\u0131r. \u0130svi\u00e7re Almancas\u0131,\" \/>\n<meta property=\"og:url\" content=\"https:\/\/talkpal.ai\/tr\/isvicre-almancasi-ogren-hizli-ve-etkili-yontemler-ile-baslayin\/\" \/>\n<meta property=\"og:site_name\" content=\"Talkpal\" \/>\n<meta property=\"article:publisher\" content=\"https:\/\/www.facebook.com\/profile.php?id=100090733639311\" \/>\n<meta property=\"article:published_time\" content=\"2025-07-18T04:09:22+00:00\" \/>\n<meta property=\"og:image\" content=\"https:\/\/talkpal.ai\/wp-content\/uploads\/2025\/02\/Progress-tab-16_9.png\" \/>\n\t<meta property=\"og:image:width\" content=\"2880\" \/>\n\t<meta property=\"og:image:height\" content=\"1620\" \/>\n\t<meta property=\"og:image:type\" content=\"image\/png\" \/>\n<meta name=\"twitter:card\" content=\"summary_large_image\" \/>\n<meta name=\"twitter:creator\" content=\"@talkpalai\" \/>\n<meta name=\"twitter:site\" content=\"@talkpalai\" \/>\n<meta name=\"twitter:label1\" content=\"Tahmini okuma s\u00fcresi\" \/>\n\t<meta name=\"twitter:data1\" content=\"5 dakika\" \/>\n<script type=\"application\/ld+json\" class=\"yoast-schema-graph\">{\"@context\":\"https:\/\/schema.org\",\"@graph\":[{\"@type\":\"Article\",\"@id\":\"https:\/\/talkpal.ai\/tr\/isvicre-almancasi-ogren-hizli-ve-etkili-yontemler-ile-baslayin\/#article\",\"isPartOf\":{\"@id\":\"https:\/\/talkpal.ai\/tr\/isvicre-almancasi-ogren-hizli-ve-etkili-yontemler-ile-baslayin\/\"},\"author\":{\"name\":\"\",\"@id\":\"\"},\"headline\":\"\u0130svi\u00e7re Almancas\u0131 \u00d6\u011fren: H\u0131zl\u0131 ve Etkili Y\u00f6ntemler ile Ba\u015flay\u0131n!\",\"datePublished\":\"2025-07-18T04:09:22+00:00\",\"mainEntityOfPage\":{\"@id\":\"https:\/\/talkpal.ai\/tr\/isvicre-almancasi-ogren-hizli-ve-etkili-yontemler-ile-baslayin\/\"},\"wordCount\":1075,\"publisher\":{\"@id\":\"https:\/\/talkpal.ai\/tr\/#organization\"},\"image\":{\"@id\":\"https:\/\/talkpal.ai\/tr\/isvicre-almancasi-ogren-hizli-ve-etkili-yontemler-ile-baslayin\/#primaryimage\"},\"thumbnailUrl\":\"https:\/\/talkpal.ai\/wp-content\/uploads\/2025\/12\/books-are-opened-to-learn-languages.webp\",\"articleSection\":[\"Dil \u00d6\u011frenme G\u00f6r\u00fc\u015fleri\"],\"inLanguage\":\"tr\"},{\"@type\":\"WebPage\",\"@id\":\"https:\/\/talkpal.ai\/tr\/isvicre-almancasi-ogren-hizli-ve-etkili-yontemler-ile-baslayin\/\",\"url\":\"https:\/\/talkpal.ai\/tr\/isvicre-almancasi-ogren-hizli-ve-etkili-yontemler-ile-baslayin\/\",\"name\":\"\u0130svi\u00e7re Almancas\u0131 \u00d6\u011fren: H\u0131zl\u0131 ve Etkili Y\u00f6ntemler ile Ba\u015flay\u0131n! - Talkpal\",\"isPartOf\":{\"@id\":\"https:\/\/talkpal.ai\/tr\/#website\"},\"primaryImageOfPage\":{\"@id\":\"https:\/\/talkpal.ai\/tr\/isvicre-almancasi-ogren-hizli-ve-etkili-yontemler-ile-baslayin\/#primaryimage\"},\"image\":{\"@id\":\"https:\/\/talkpal.ai\/tr\/isvicre-almancasi-ogren-hizli-ve-etkili-yontemler-ile-baslayin\/#primaryimage\"},\"thumbnailUrl\":\"https:\/\/talkpal.ai\/wp-content\/uploads\/2025\/12\/books-are-opened-to-learn-languages.webp\",\"datePublished\":\"2025-07-18T04:09:22+00:00\",\"description\":\"\u0130svi\u00e7re Almancas\u0131 \u00f6\u011frenmek, Almanca dilinin benzersiz bir leh\u00e7esini anlamak ve konu\u015fmak isteyenler i\u00e7in olduk\u00e7a \u00f6nemli bir ad\u0131md\u0131r. \u0130svi\u00e7re Almancas\u0131,\",\"breadcrumb\":{\"@id\":\"https:\/\/talkpal.ai\/tr\/isvicre-almancasi-ogren-hizli-ve-etkili-yontemler-ile-baslayin\/#breadcrumb\"},\"inLanguage\":\"tr\",\"potentialAction\":[{\"@type\":\"ReadAction\",\"target\":[\"https:\/\/talkpal.ai\/tr\/isvicre-almancasi-ogren-hizli-ve-etkili-yontemler-ile-baslayin\/\"]}]},{\"@type\":\"ImageObject\",\"inLanguage\":\"tr\",\"@id\":\"https:\/\/talkpal.ai\/tr\/isvicre-almancasi-ogren-hizli-ve-etkili-yontemler-ile-baslayin\/#primaryimage\",\"url\":\"https:\/\/talkpal.ai\/wp-content\/uploads\/2025\/12\/books-are-opened-to-learn-languages.webp\",\"contentUrl\":\"https:\/\/talkpal.ai\/wp-content\/uploads\/2025\/12\/books-are-opened-to-learn-languages.webp\",\"width\":1200,\"height\":896,\"caption\":\"Several students sit at desks with books for learning languages while a cloudy sunset glows outside the window.\"},{\"@type\":\"BreadcrumbList\",\"@id\":\"https:\/\/talkpal.ai\/tr\/isvicre-almancasi-ogren-hizli-ve-etkili-yontemler-ile-baslayin\/#breadcrumb\",\"itemListElement\":[{\"@type\":\"ListItem\",\"position\":1,\"name\":\"Homepage\",\"item\":\"https:\/\/talkpal.ai\/tr\/\"},{\"@type\":\"ListItem\",\"position\":2,\"name\":\"\u0130svi\u00e7re Almancas\u0131 \u00d6\u011fren: H\u0131zl\u0131 ve Etkili Y\u00f6ntemler ile Ba\u015flay\u0131n!\"}]},{\"@type\":\"WebSite\",\"@id\":\"https:\/\/talkpal.ai\/tr\/#website\",\"url\":\"https:\/\/talkpal.ai\/tr\/\",\"name\":\"Talkpal\",\"description\":\"AI Language Learning\",\"publisher\":{\"@id\":\"https:\/\/talkpal.ai\/tr\/#organization\"},\"alternateName\":\"Talkpal AI\",\"potentialAction\":[{\"@type\":\"SearchAction\",\"target\":{\"@type\":\"EntryPoint\",\"urlTemplate\":\"https:\/\/talkpal.ai\/tr\/?s={search_term_string}\"},\"query-input\":{\"@type\":\"PropertyValueSpecification\",\"valueRequired\":true,\"valueName\":\"search_term_string\"}}],\"inLanguage\":\"tr\"},{\"@type\":\"Organization\",\"@id\":\"https:\/\/talkpal.ai\/tr\/#organization\",\"name\":\"Talkpal, Inc.\",\"alternateName\":\"Talkpal AI\",\"url\":\"https:\/\/talkpal.ai\/tr\/\",\"logo\":{\"@type\":\"ImageObject\",\"inLanguage\":\"tr\",\"@id\":\"https:\/\/talkpal.ai\/tr\/#\/schema\/logo\/image\/\",\"url\":\"https:\/\/talkpal.ai\/wp-content\/uploads\/2024\/03\/Talkpal-Logo-Icon.png\",\"contentUrl\":\"https:\/\/talkpal.ai\/wp-content\/uploads\/2024\/03\/Talkpal-Logo-Icon.png\",\"width\":2880,\"height\":2880,\"caption\":\"Talkpal, Inc.\"},\"image\":{\"@id\":\"https:\/\/talkpal.ai\/tr\/#\/schema\/logo\/image\/\"},\"sameAs\":[\"https:\/\/www.facebook.com\/profile.php?id=100090733639311\",\"https:\/\/x.com\/talkpalai\",\"https:\/\/www.linkedin.com\/company\/talkpal\/\",\"https:\/\/www.youtube.com\/@TalkPal\/\",\"https:\/\/www.tiktok.com\/@talkpal\",\"https:\/\/www.instagram.com\/talkpal_ai\/\",\"https:\/\/www.crunchbase.com\/organization\/talkpal-9cde\",\"https:\/\/www.g2.com\/products\/talkpal-for-business\/\",\"https:\/\/www.trustpilot.com\/review\/talkpal.ai\",\"https:\/\/www.capterra.com\/p\/10006800\/TalkPal\/\"],\"description\":\"Talkpal is a language learning web and mobile education app, powered by the latest AI technologies, that provides engaging experiences to its customers in many different languages to help them improve their language skills. Users can chat about unlimited amount of topics with the app and use other modes to practice their language learning.\",\"email\":\"support@talkpal.ai\",\"legalName\":\"Talkpal, Inc.\",\"foundingDate\":\"2023-04-03\",\"duns\":\"118989042\",\"numberOfEmployees\":{\"@type\":\"QuantitativeValue\",\"minValue\":\"11\",\"maxValue\":\"50\"},\"publishingPrinciples\":\"https:\/\/talkpal.ai\/publishing-principles\/\",\"actionableFeedbackPolicy\":\"https:\/\/talkpal.ai\/actionable-feedback-policy\/\",\"correctionsPolicy\":\"https:\/\/talkpal.ai\/corrections-policy\/\",\"ethicsPolicy\":\"https:\/\/talkpal.ai\/ethics-policy\/\",\"diversityPolicy\":\"https:\/\/talkpal.ai\/diversity-policy\/\",\"diversityStaffingReport\":\"https:\/\/talkpal.ai\/diversity-policy\/\"}]}<\/script>\n<!-- \/ Yoast SEO Premium plugin. -->","yoast_head_json":{"title":"\u0130svi\u00e7re Almancas\u0131 \u00d6\u011fren: H\u0131zl\u0131 ve Etkili Y\u00f6ntemler ile Ba\u015flay\u0131n! - Talkpal","description":"\u0130svi\u00e7re Almancas\u0131 \u00f6\u011frenmek, Almanca dilinin benzersiz bir leh\u00e7esini anlamak ve konu\u015fmak isteyenler i\u00e7in olduk\u00e7a \u00f6nemli bir ad\u0131md\u0131r. \u0130svi\u00e7re Almancas\u0131,","robots":{"index":"index","follow":"follow","max-snippet":"max-snippet:-1","max-image-preview":"max-image-preview:large","max-video-preview":"max-video-preview:-1"},"canonical":"https:\/\/talkpal.ai\/tr\/isvicre-almancasi-ogren-hizli-ve-etkili-yontemler-ile-baslayin\/","og_locale":"tr_TR","og_type":"article","og_title":"\u0130svi\u00e7re Almancas\u0131 \u00d6\u011fren: H\u0131zl\u0131 ve Etkili Y\u00f6ntemler ile Ba\u015flay\u0131n!","og_description":"\u0130svi\u00e7re Almancas\u0131 \u00f6\u011frenmek, Almanca dilinin benzersiz bir leh\u00e7esini anlamak ve konu\u015fmak isteyenler i\u00e7in olduk\u00e7a \u00f6nemli bir ad\u0131md\u0131r. \u0130svi\u00e7re Almancas\u0131,","og_url":"https:\/\/talkpal.ai\/tr\/isvicre-almancasi-ogren-hizli-ve-etkili-yontemler-ile-baslayin\/","og_site_name":"Talkpal","article_publisher":"https:\/\/www.facebook.com\/profile.php?id=100090733639311","article_published_time":"2025-07-18T04:09:22+00:00","og_image":[{"width":2880,"height":1620,"url":"https:\/\/talkpal.ai\/wp-content\/uploads\/2025\/02\/Progress-tab-16_9.png","type":"image\/png"}],"twitter_card":"summary_large_image","twitter_creator":"@talkpalai","twitter_site":"@talkpalai","twitter_misc":{"Tahmini okuma s\u00fcresi":"5 dakika"},"schema":{"@context":"https:\/\/schema.org","@graph":[{"@type":"Article","@id":"https:\/\/talkpal.ai\/tr\/isvicre-almancasi-ogren-hizli-ve-etkili-yontemler-ile-baslayin\/#article","isPartOf":{"@id":"https:\/\/talkpal.ai\/tr\/isvicre-almancasi-ogren-hizli-ve-etkili-yontemler-ile-baslayin\/"},"author":{"name":"","@id":""},"headline":"\u0130svi\u00e7re Almancas\u0131 \u00d6\u011fren: H\u0131zl\u0131 ve Etkili Y\u00f6ntemler ile Ba\u015flay\u0131n!","datePublished":"2025-07-18T04:09:22+00:00","mainEntityOfPage":{"@id":"https:\/\/talkpal.ai\/tr\/isvicre-almancasi-ogren-hizli-ve-etkili-yontemler-ile-baslayin\/"},"wordCount":1075,"publisher":{"@id":"https:\/\/talkpal.ai\/tr\/#organization"},"image":{"@id":"https:\/\/talkpal.ai\/tr\/isvicre-almancasi-ogren-hizli-ve-etkili-yontemler-ile-baslayin\/#primaryimage"},"thumbnailUrl":"https:\/\/talkpal.ai\/wp-content\/uploads\/2025\/12\/books-are-opened-to-learn-languages.webp","articleSection":["Dil \u00d6\u011frenme G\u00f6r\u00fc\u015fleri"],"inLanguage":"tr"},{"@type":"WebPage","@id":"https:\/\/talkpal.ai\/tr\/isvicre-almancasi-ogren-hizli-ve-etkili-yontemler-ile-baslayin\/","url":"https:\/\/talkpal.ai\/tr\/isvicre-almancasi-ogren-hizli-ve-etkili-yontemler-ile-baslayin\/","name":"\u0130svi\u00e7re Almancas\u0131 \u00d6\u011fren: H\u0131zl\u0131 ve Etkili Y\u00f6ntemler ile Ba\u015flay\u0131n! - Talkpal","isPartOf":{"@id":"https:\/\/talkpal.ai\/tr\/#website"},"primaryImageOfPage":{"@id":"https:\/\/talkpal.ai\/tr\/isvicre-almancasi-ogren-hizli-ve-etkili-yontemler-ile-baslayin\/#primaryimage"},"image":{"@id":"https:\/\/talkpal.ai\/tr\/isvicre-almancasi-ogren-hizli-ve-etkili-yontemler-ile-baslayin\/#primaryimage"},"thumbnailUrl":"https:\/\/talkpal.ai\/wp-content\/uploads\/2025\/12\/books-are-opened-to-learn-languages.webp","datePublished":"2025-07-18T04:09:22+00:00","description":"\u0130svi\u00e7re Almancas\u0131 \u00f6\u011frenmek, Almanca dilinin benzersiz bir leh\u00e7esini anlamak ve konu\u015fmak isteyenler i\u00e7in olduk\u00e7a \u00f6nemli bir ad\u0131md\u0131r. \u0130svi\u00e7re Almancas\u0131,","breadcrumb":{"@id":"https:\/\/talkpal.ai\/tr\/isvicre-almancasi-ogren-hizli-ve-etkili-yontemler-ile-baslayin\/#breadcrumb"},"inLanguage":"tr","potentialAction":[{"@type":"ReadAction","target":["https:\/\/talkpal.ai\/tr\/isvicre-almancasi-ogren-hizli-ve-etkili-yontemler-ile-baslayin\/"]}]},{"@type":"ImageObject","inLanguage":"tr","@id":"https:\/\/talkpal.ai\/tr\/isvicre-almancasi-ogren-hizli-ve-etkili-yontemler-ile-baslayin\/#primaryimage","url":"https:\/\/talkpal.ai\/wp-content\/uploads\/2025\/12\/books-are-opened-to-learn-languages.webp","contentUrl":"https:\/\/talkpal.ai\/wp-content\/uploads\/2025\/12\/books-are-opened-to-learn-languages.webp","width":1200,"height":896,"caption":"Several students sit at desks with books for learning languages while a cloudy sunset glows outside the window."},{"@type":"BreadcrumbList","@id":"https:\/\/talkpal.ai\/tr\/isvicre-almancasi-ogren-hizli-ve-etkili-yontemler-ile-baslayin\/#breadcrumb","itemListElement":[{"@type":"ListItem","position":1,"name":"Homepage","item":"https:\/\/talkpal.ai\/tr\/"},{"@type":"ListItem","position":2,"name":"\u0130svi\u00e7re Almancas\u0131 \u00d6\u011fren: H\u0131zl\u0131 ve Etkili Y\u00f6ntemler ile Ba\u015flay\u0131n!"}]},{"@type":"WebSite","@id":"https:\/\/talkpal.ai\/tr\/#website","url":"https:\/\/talkpal.ai\/tr\/","name":"Talkpal","description":"AI Language Learning","publisher":{"@id":"https:\/\/talkpal.ai\/tr\/#organization"},"alternateName":"Talkpal AI","potentialAction":[{"@type":"SearchAction","target":{"@type":"EntryPoint","urlTemplate":"https:\/\/talkpal.ai\/tr\/?s={search_term_string}"},"query-input":{"@type":"PropertyValueSpecification","valueRequired":true,"valueName":"search_term_string"}}],"inLanguage":"tr"},{"@type":"Organization","@id":"https:\/\/talkpal.ai\/tr\/#organization","name":"Talkpal, Inc.","alternateName":"Talkpal AI","url":"https:\/\/talkpal.ai\/tr\/","logo":{"@type":"ImageObject","inLanguage":"tr","@id":"https:\/\/talkpal.ai\/tr\/#\/schema\/logo\/image\/","url":"https:\/\/talkpal.ai\/wp-content\/uploads\/2024\/03\/Talkpal-Logo-Icon.png","contentUrl":"https:\/\/talkpal.ai\/wp-content\/uploads\/2024\/03\/Talkpal-Logo-Icon.png","width":2880,"height":2880,"caption":"Talkpal, Inc."},"image":{"@id":"https:\/\/talkpal.ai\/tr\/#\/schema\/logo\/image\/"},"sameAs":["https:\/\/www.facebook.com\/profile.php?id=100090733639311","https:\/\/x.com\/talkpalai","https:\/\/www.linkedin.com\/company\/talkpal\/","https:\/\/www.youtube.com\/@TalkPal\/","https:\/\/www.tiktok.com\/@talkpal","https:\/\/www.instagram.com\/talkpal_ai\/","https:\/\/www.crunchbase.com\/organization\/talkpal-9cde","https:\/\/www.g2.com\/products\/talkpal-for-business\/","https:\/\/www.trustpilot.com\/review\/talkpal.ai","https:\/\/www.capterra.com\/p\/10006800\/TalkPal\/"],"description":"Talkpal is a language learning web and mobile education app, powered by the latest AI technologies, that provides engaging experiences to its customers in many different languages to help them improve their language skills. Users can chat about unlimited amount of topics with the app and use other modes to practice their language learning.","email":"support@talkpal.ai","legalName":"Talkpal, Inc.","foundingDate":"2023-04-03","duns":"118989042","numberOfEmployees":{"@type":"QuantitativeValue","minValue":"11","maxValue":"50"},"publishingPrinciples":"https:\/\/talkpal.ai\/publishing-principles\/","actionableFeedbackPolicy":"https:\/\/talkpal.ai\/actionable-feedback-policy\/","correctionsPolicy":"https:\/\/talkpal.ai\/corrections-policy\/","ethicsPolicy":"https:\/\/talkpal.ai\/ethics-policy\/","diversityPolicy":"https:\/\/talkpal.ai\/diversity-policy\/","diversityStaffingReport":"https:\/\/talkpal.ai\/diversity-policy\/"}]}},"_links":{"self":[{"href":"https:\/\/talkpal.ai\/tr\/wp-json\/wp\/v2\/posts\/1433831","targetHints":{"allow":["GET"]}}],"collection":[{"href":"https:\/\/talkpal.ai\/tr\/wp-json\/wp\/v2\/posts"}],"about":[{"href":"https:\/\/talkpal.ai\/tr\/wp-json\/wp\/v2\/types\/post"}],"replies":[{"embeddable":true,"href":"https:\/\/talkpal.ai\/tr\/wp-json\/wp\/v2\/comments?post=1433831"}],"version-history":[{"count":0,"href":"https:\/\/talkpal.ai\/tr\/wp-json\/wp\/v2\/posts\/1433831\/revisions"}],"wp:featuredmedia":[{"embeddable":true,"href":"https:\/\/talkpal.ai\/tr\/wp-json\/wp\/v2\/media\/1527608"}],"wp:attachment":[{"href":"https:\/\/talkpal.ai\/tr\/wp-json\/wp\/v2\/media?parent=1433831"}],"wp:term":[{"taxonomy":"category","embeddable":true,"href":"https:\/\/talkpal.ai\/tr\/wp-json\/wp\/v2\/categories?post=1433831"},{"taxonomy":"post_tag","embeddable":true,"href":"https:\/\/talkpal.ai\/tr\/wp-json\/wp\/v2\/tags?post=1433831"}],"curies":[{"name":"wp","href":"https:\/\/api.w.org\/{rel}","templated":true}]}}