{"id":1433446,"date":"2025-07-18T04:02:51","date_gmt":"2025-07-18T04:02:51","guid":{"rendered":"https:\/\/talkpal.ai\/muammer-karadag-ile-a1-almanca-ders-1-temel-almanca-ogrenmeye-baslayin\/"},"modified":"2025-07-18T04:02:51","modified_gmt":"2025-07-18T04:02:51","slug":"muammer-karadag-ile-a1-almanca-ders-1-temel-almanca-ogrenmeye-baslayin","status":"publish","type":"post","link":"https:\/\/talkpal.ai\/tr\/muammer-karadag-ile-a1-almanca-ders-1-temel-almanca-ogrenmeye-baslayin\/","title":{"rendered":"Muammer Karada\u011f ile A1 Almanca Ders 1: Temel Almanca \u00d6\u011frenmeye Ba\u015flay\u0131n!"},"content":{"rendered":"<p><a href=\"https:\/\/talkpal.ai\/learn-german\/\">Almanca<\/a> \u00f6\u011frenmeye <a href=\"https:\/\/talkpal.ai\/ko\/ai-%ec%96%b8%ec%96%b4-%ea%b5%90%ec%82%ac\/\">ba\u015flamak<\/a> isteyenler i\u00e7in do\u011fru kaynaklar\u0131 ve y\u00f6ntemleri bulmak olduk\u00e7a \u00f6nemlidir. \u00d6zellikle ba\u015flang\u0131\u00e7 seviyesinde (A1) Almanca \u00f6\u011frenmek, dilin temellerini sa\u011flam bir \u015fekilde atmak a\u00e7\u0131s\u0131ndan kritik bir s\u00fcre\u00e7tir. Bu noktada, Muammer Karada\u011f A1 Almanca Ders 1, Almanca \u00f6\u011frenenler i\u00e7in etkili bir ba\u015flang\u0131\u00e7 noktas\u0131 sunar. <a href=\"https:\/\/talkpal.ai\/ko\/ai-%ec%96%b8%ec%96%b4-%ea%b5%90%ec%82%ac\/\">Talkpal<\/a> gibi interaktif platformlar <a href=\"https:\/\/talkpal.ai\/locations\/language-courses-in-ise\/\">ise<\/a> bu s\u00fcreci daha verimli ve e\u011flenceli hale getirerek, dil \u00f6\u011frenimini h\u0131zland\u0131r\u0131r ve kal\u0131c\u0131 hale getirir.<\/p>\n<h2>Muammer Karada\u011f A1 Almanca Ders 1 Nedir?<\/h2>\n<p>Muammer Karada\u011f A1 Almanca Ders 1, Almanca \u00f6\u011frenmeye yeni ba\u015flayanlar i\u00e7in haz\u0131rlanm\u0131\u015f temel bir ders program\u0131d\u0131r. Bu program, Almanca dilinin en temel yap\u0131lar\u0131, kelime da\u011farc\u0131\u011f\u0131 ve g\u00fcnl\u00fck konu\u015fma kal\u0131plar\u0131n\u0131 \u00f6\u011fretmeyi ama\u00e7lar. Ders, \u00f6zellikle ba\u015flang\u0131\u00e7 seviyesindeki \u00f6\u011frencilere hitap eder ve Almancan\u0131n temel gramer kurallar\u0131n\u0131 anla\u015f\u0131l\u0131r \u015fekilde sunar.<\/p>\n<ul>\n<li><strong>Temel Kelimeler:<\/strong> G\u00fcnl\u00fck hayatta s\u0131k kullan\u0131lan kelimeler ve ifadeler.<\/li>\n<li><strong>Basit C\u00fcmle Yap\u0131lar\u0131:<\/strong> Basit c\u00fcmle kurma teknikleri ve <a href=\"https:\/\/talkpal.ai\/grammar\/\">dilbilgisi<\/a> kurallar\u0131.<\/li>\n<li><strong>Dinleme ve Telaffuz:<\/strong> Do\u011fru telaffuz ve dinleme becerilerini geli\u015ftirme.<\/li>\n<li><strong>Pratik Egzersizler:<\/strong> \u00d6\u011frenilen bilgilerin peki\u015ftirilmesi i\u00e7in \u00e7e\u015fitli al\u0131\u015ft\u0131rmalar.<\/li>\n<\/ul>\n<h2>Muammer Karada\u011f A1 Almanca Ders 1\u2019in \u0130\u00e7eri\u011fi ve \u00d6nemi<\/h2>\n<p>Dersin i\u00e7eri\u011fi, Almanca \u00f6\u011frenim s\u00fcrecinde sa\u011flam bir temel olu\u015fturmak i\u00e7in tasarlanm\u0131\u015ft\u0131r. A1 seviyesi, dil \u00f6\u011frenmenin ba\u015flang\u0131\u00e7 a\u015famas\u0131d\u0131r ve burada \u00f6\u011frenilenler, ilerleyen seviyelerdeki ba\u015far\u0131 i\u00e7in kritik bir rol oynar.<\/p>\n<h3>Temel Dilbilgisi Kurallar\u0131<\/h3>\n<p>Muammer Karada\u011f A1 Almanca Ders 1, Almanca\u2019n\u0131n temel dilbilgisi kurallar\u0131n\u0131 a\u00e7\u0131k ve sistematik \u015fekilde \u00f6\u011fretir. Bu b\u00f6l\u00fcmde \u015funlar yer al\u0131r:<\/p>\n<ul>\n<li>Almanca alfabe ve telaffuz kurallar\u0131<\/li>\n<li>Artikel kullan\u0131m\u0131 (der, die, das)<\/li>\n<li>Temel zamanlar (\u015fimdiki zaman, geni\u015f zaman)<\/li>\n<li>Soru ve olumsuz c\u00fcmle yap\u0131lar\u0131<\/li>\n<\/ul>\n<h3>G\u00fcnl\u00fck Konu\u015fma Kal\u0131plar\u0131<\/h3>\n<p>Ders, \u00f6\u011frencilerin g\u00fcnl\u00fck hayatta kar\u015f\u0131la\u015fabilecekleri durumlara y\u00f6nelik pratik ifadeleri \u00f6\u011frenmelerine yard\u0131mc\u0131 olur. \u00d6rnekler:<\/p>\n<ul>\n<li>Selamla\u015fma ve tan\u0131\u015fma<\/li>\n<li>Kendini tan\u0131tma<\/li>\n<li>Basit istek ve sorular sorma<\/li>\n<li>Al\u0131\u015fveri\u015f ve y\u00f6n sorma<\/li>\n<\/ul>\n<h3>Kelime Da\u011farc\u0131\u011f\u0131 Geli\u015ftirme<\/h3>\n<p>Muammer Karada\u011f A1 Almanca Ders 1, \u00f6\u011frencilerin temel kelime bilgisi edinmesini sa\u011flar. B\u00f6ylece g\u00fcnl\u00fck ileti\u015fim i\u00e7in gerekli kelimeler h\u0131zl\u0131ca \u00f6\u011frenilir. Bu kelime da\u011farc\u0131\u011f\u0131, ilerleyen derslerde daha karma\u015f\u0131k yap\u0131larla geni\u015fletilebilir.<\/p>\n<h2>Talkpal ile Muammer Karada\u011f A1 Almanca Ders 1\u2019i Desteklemek<\/h2>\n<p>Talkpal, Almanca \u00f6\u011frenimini interaktif ve etkili hale getiren bir dil \u00f6\u011frenme platformudur. Muammer Karada\u011f A1 Almanca Ders 1 ile Talkpal\u2019\u0131 birlikte kullanmak, \u00f6\u011frenme s\u00fcrecini h\u0131zland\u0131r\u0131r ve daha kal\u0131c\u0131 hale getirir.<\/p>\n<h3>Talkpal\u2019\u0131n \u00d6zellikleri<\/h3>\n<ul>\n<li><strong>Canl\u0131 Konu\u015fma Prati\u011fi:<\/strong> Anadilini konu\u015fanlarla birebir pratik yapma imkan\u0131.<\/li>\n<li><strong>Esnek Ders Saatleri:<\/strong> Kendi program\u0131n\u0131za g\u00f6re ders ayarlama \u00f6zg\u00fcrl\u00fc\u011f\u00fc.<\/li>\n<li><strong>Geli\u015fmi\u015f E\u011fitim Materyalleri:<\/strong> G\u00f6rseller, videolar ve interaktif quizler.<\/li>\n<li><strong>\u00d6zelle\u015ftirilmi\u015f \u00d6\u011frenme Planlar\u0131:<\/strong> Ki\u015fisel seviyenize uygun ders i\u00e7erikleri.<\/li>\n<\/ul>\n<h3>Muammer Karada\u011f Dersleriyle Talkpal\u2019\u0131n Entegrasyonu<\/h3>\n<p>Muammer Karada\u011f A1 Almanca Ders 1\u2019in temel i\u00e7eriklerini Talkpal\u2019\u0131n interaktif uygulamalar\u0131yla birle\u015ftirmek, \u00f6\u011frenme s\u00fcrecini peki\u015ftirir. \u00d6rne\u011fin:<\/p>\n<ul>\n<li>Derslerde \u00f6\u011frenilen kelimeleri Talkpal \u00fczerinde tekrar etmek<\/li>\n<li>Talkpal\u2019\u0131n canl\u0131 sohbet \u00f6zelli\u011fiyle \u00f6\u011frendiklerinizi pratikte kullanmak<\/li>\n<li>Dinleme ve telaffuz al\u0131\u015ft\u0131rmalar\u0131n\u0131 Talkpal \u00fczerinden yapmak<\/li>\n<\/ul>\n<h2>Muammer Karada\u011f A1 Almanca Ders 1 ile Ba\u015far\u0131l\u0131 Almanca \u00d6\u011frenmenin \u0130pu\u00e7lar\u0131<\/h2>\n<p>Ba\u015flang\u0131\u00e7 seviyesinde Almanca \u00f6\u011frenirken dikkat edilmesi gereken baz\u0131 \u00f6nemli noktalar vard\u0131r. Bu ipu\u00e7lar\u0131, Muammer Karada\u011f A1 Almanca Ders 1\u2019in etkinli\u011fini art\u0131r\u0131r.<\/p>\n<h3>D\u00fczenli \u00c7al\u0131\u015fma ve Tekrar<\/h3>\n<p>Dil \u00f6\u011freniminde s\u00fcreklilik \u00e7ok \u00f6nemlidir. Her g\u00fcn belirli bir s\u00fcreyi Almanca \u00e7al\u0131\u015fmaya ay\u0131rmak, \u00f6\u011frendiklerinizi kal\u0131c\u0131 hale getirir. Muammer Karada\u011f A1 Almanca Ders 1\u2019in konular\u0131n\u0131 tekrar etmek, eksiklerinizi tespit etmenize yard\u0131mc\u0131 olur.<\/p>\n<h3>Pratik Yapma<\/h3>\n<p>Sadece dersleri dinlemek yeterli de\u011fildir. \u00d6\u011frendiklerinizi konu\u015fma, yazma ve dinleme prati\u011fiyle peki\u015ftirmek gerekir. Talkpal platformunu kullanarak canl\u0131 konu\u015fma prati\u011fi yapmak, \u00f6zg\u00fcveninizi art\u0131r\u0131r ve dil becerilerinizi geli\u015ftirir.<\/p>\n<h3>Hedef Belirleme<\/h3>\n<p>Kendinize k\u0131sa ve uzun vadeli hedefler koymak, motivasyonunuzu y\u00fcksek tutar. \u00d6rne\u011fin:<\/p>\n<ul>\n<li>Haftada belirli say\u0131da yeni kelime \u00f6\u011frenmek<\/li>\n<li>Her ders sonunda \u00f6\u011frendiklerinizi kullanarak basit c\u00fcmleler kurmak<\/li>\n<li>Ay sonunda Talkpal\u2019da bir konu\u015fma ger\u00e7ekle\u015ftirmek<\/li>\n<\/ul>\n<h3>Kaynak \u00c7e\u015fitlili\u011fi<\/h3>\n<p>Muammer Karada\u011f A1 Almanca Ders 1 d\u0131\u015f\u0131nda farkl\u0131 materyallerle desteklemek \u00f6\u011frenmeyi zenginle\u015ftirir. Online videolar, podcastler ve Almanca \u00e7ocuk kitaplar\u0131 gibi kaynaklar, kelime da\u011farc\u0131\u011f\u0131n\u0131z\u0131 ve anlama becerilerinizi art\u0131r\u0131r.<\/p>\n<h2>Sonu\u00e7<\/h2>\n<p>Muammer Karada\u011f A1 Almanca Ders 1, Almanca \u00f6\u011frenmeye ba\u015flamak isteyenler i\u00e7in m\u00fckemmel bir temel sa\u011flar. Bu ders, Almanca\u2019n\u0131n temel yap\u0131lar\u0131n\u0131 \u00f6\u011frenmek ve g\u00fcnl\u00fck ileti\u015fim becerilerini geli\u015ftirmek i\u00e7in ideal bir kaynakt\u0131r. Talkpal gibi interaktif platformlarla entegre edilerek, \u00f6\u011frenme s\u00fcreci daha etkili ve keyifli hale gelir. D\u00fczenli \u00e7al\u0131\u015fma, pratik yapma ve do\u011fru kaynak kullan\u0131m\u0131 ile Almanca \u00f6\u011frenme yolculu\u011funuzda ba\u015far\u0131ya ula\u015fman\u0131z m\u00fcmk\u00fcnd\u00fcr.<\/p>\n","protected":false},"excerpt":{"rendered":"<p>Almanca \u00f6\u011frenmeye ba\u015flamak isteyenler i\u00e7in do\u011fru kaynaklar\u0131 ve y\u00f6ntemleri bulmak olduk\u00e7a \u00f6nemlidir. \u00d6zellikle ba\u015flang\u0131\u00e7 seviyesinde (A1) Almanca \u00f6\u011frenmek, dilin temellerini sa\u011flam bir \u015fekilde atmak a\u00e7\u0131s\u0131ndan kritik bir s\u00fcre\u00e7tir. Bu noktada, Muammer Karada\u011f A1 Almanca Ders 1, Almanca \u00f6\u011frenenler i\u00e7in etkili bir ba\u015flang\u0131\u00e7 noktas\u0131 sunar. Talkpal gibi interaktif platformlar ise bu s\u00fcreci daha verimli ve e\u011flenceli [&hellip;]<\/p>\n","protected":false},"author":0,"featured_media":1527874,"comment_status":"","ping_status":"open","sticky":false,"template":"","format":"standard","meta":{"_acf_changed":false,"footnotes":""},"categories":[21345],"tags":[],"class_list":["post-1433446","post","type-post","status-publish","format-standard","has-post-thumbnail","hentry","category-dil-ogrenme-gorusleri"],"acf":[],"yoast_head":"<!-- This site is optimized with the Yoast SEO Premium plugin v27.2 (Yoast SEO v27.2) - https:\/\/yoast.com\/product\/yoast-seo-premium-wordpress\/ -->\n<title>Muammer Karada\u011f ile A1 Almanca Ders 1: Temel Almanca \u00d6\u011frenmeye Ba\u015flay\u0131n! - Talkpal<\/title>\n<meta name=\"description\" content=\"Almanca \u00f6\u011frenmeye ba\u015flamak isteyenler i\u00e7in do\u011fru kaynaklar\u0131 ve y\u00f6ntemleri bulmak olduk\u00e7a \u00f6nemlidir. \u00d6zellikle ba\u015flang\u0131\u00e7 seviyesinde (A1) Almanca \u00f6\u011frenmek,\" \/>\n<meta name=\"robots\" content=\"index, follow, max-snippet:-1, max-image-preview:large, max-video-preview:-1\" \/>\n<link rel=\"canonical\" href=\"https:\/\/talkpal.ai\/tr\/muammer-karadag-ile-a1-almanca-ders-1-temel-almanca-ogrenmeye-baslayin\/\" \/>\n<meta property=\"og:locale\" content=\"tr_TR\" \/>\n<meta property=\"og:type\" content=\"article\" \/>\n<meta property=\"og:title\" content=\"Muammer Karada\u011f ile A1 Almanca Ders 1: Temel Almanca \u00d6\u011frenmeye Ba\u015flay\u0131n!\" \/>\n<meta property=\"og:description\" content=\"Almanca \u00f6\u011frenmeye ba\u015flamak isteyenler i\u00e7in do\u011fru kaynaklar\u0131 ve y\u00f6ntemleri bulmak olduk\u00e7a \u00f6nemlidir. \u00d6zellikle ba\u015flang\u0131\u00e7 seviyesinde (A1) Almanca \u00f6\u011frenmek,\" \/>\n<meta property=\"og:url\" content=\"https:\/\/talkpal.ai\/tr\/muammer-karadag-ile-a1-almanca-ders-1-temel-almanca-ogrenmeye-baslayin\/\" \/>\n<meta property=\"og:site_name\" content=\"Talkpal\" \/>\n<meta property=\"article:publisher\" content=\"https:\/\/www.facebook.com\/profile.php?id=100090733639311\" \/>\n<meta property=\"article:published_time\" content=\"2025-07-18T04:02:51+00:00\" \/>\n<meta property=\"og:image\" content=\"https:\/\/talkpal.ai\/wp-content\/uploads\/2025\/02\/Progress-tab-16_9.png\" \/>\n\t<meta property=\"og:image:width\" content=\"2880\" \/>\n\t<meta property=\"og:image:height\" content=\"1620\" \/>\n\t<meta property=\"og:image:type\" content=\"image\/png\" \/>\n<meta name=\"twitter:card\" content=\"summary_large_image\" \/>\n<meta name=\"twitter:creator\" content=\"@talkpalai\" \/>\n<meta name=\"twitter:site\" content=\"@talkpalai\" \/>\n<meta name=\"twitter:label1\" content=\"Tahmini okuma s\u00fcresi\" \/>\n\t<meta name=\"twitter:data1\" content=\"4 dakika\" \/>\n<script type=\"application\/ld+json\" class=\"yoast-schema-graph\">{\"@context\":\"https:\/\/schema.org\",\"@graph\":[{\"@type\":\"Article\",\"@id\":\"https:\/\/talkpal.ai\/tr\/muammer-karadag-ile-a1-almanca-ders-1-temel-almanca-ogrenmeye-baslayin\/#article\",\"isPartOf\":{\"@id\":\"https:\/\/talkpal.ai\/tr\/muammer-karadag-ile-a1-almanca-ders-1-temel-almanca-ogrenmeye-baslayin\/\"},\"author\":{\"name\":\"\",\"@id\":\"\"},\"headline\":\"Muammer Karada\u011f ile A1 Almanca Ders 1: Temel Almanca \u00d6\u011frenmeye Ba\u015flay\u0131n!\",\"datePublished\":\"2025-07-18T04:02:51+00:00\",\"mainEntityOfPage\":{\"@id\":\"https:\/\/talkpal.ai\/tr\/muammer-karadag-ile-a1-almanca-ders-1-temel-almanca-ogrenmeye-baslayin\/\"},\"wordCount\":844,\"publisher\":{\"@id\":\"https:\/\/talkpal.ai\/tr\/#organization\"},\"image\":{\"@id\":\"https:\/\/talkpal.ai\/tr\/muammer-karadag-ile-a1-almanca-ders-1-temel-almanca-ogrenmeye-baslayin\/#primaryimage\"},\"thumbnailUrl\":\"https:\/\/talkpal.ai\/wp-content\/uploads\/2025\/12\/reading-literature-to-learn-languages-fluently.webp\",\"articleSection\":[\"Dil \u00d6\u011frenme G\u00f6r\u00fc\u015fleri\"],\"inLanguage\":\"tr\"},{\"@type\":\"WebPage\",\"@id\":\"https:\/\/talkpal.ai\/tr\/muammer-karadag-ile-a1-almanca-ders-1-temel-almanca-ogrenmeye-baslayin\/\",\"url\":\"https:\/\/talkpal.ai\/tr\/muammer-karadag-ile-a1-almanca-ders-1-temel-almanca-ogrenmeye-baslayin\/\",\"name\":\"Muammer Karada\u011f ile A1 Almanca Ders 1: Temel Almanca \u00d6\u011frenmeye Ba\u015flay\u0131n! - Talkpal\",\"isPartOf\":{\"@id\":\"https:\/\/talkpal.ai\/tr\/#website\"},\"primaryImageOfPage\":{\"@id\":\"https:\/\/talkpal.ai\/tr\/muammer-karadag-ile-a1-almanca-ders-1-temel-almanca-ogrenmeye-baslayin\/#primaryimage\"},\"image\":{\"@id\":\"https:\/\/talkpal.ai\/tr\/muammer-karadag-ile-a1-almanca-ders-1-temel-almanca-ogrenmeye-baslayin\/#primaryimage\"},\"thumbnailUrl\":\"https:\/\/talkpal.ai\/wp-content\/uploads\/2025\/12\/reading-literature-to-learn-languages-fluently.webp\",\"datePublished\":\"2025-07-18T04:02:51+00:00\",\"description\":\"Almanca \u00f6\u011frenmeye ba\u015flamak isteyenler i\u00e7in do\u011fru kaynaklar\u0131 ve y\u00f6ntemleri bulmak olduk\u00e7a \u00f6nemlidir. \u00d6zellikle ba\u015flang\u0131\u00e7 seviyesinde (A1) Almanca \u00f6\u011frenmek,\",\"breadcrumb\":{\"@id\":\"https:\/\/talkpal.ai\/tr\/muammer-karadag-ile-a1-almanca-ders-1-temel-almanca-ogrenmeye-baslayin\/#breadcrumb\"},\"inLanguage\":\"tr\",\"potentialAction\":[{\"@type\":\"ReadAction\",\"target\":[\"https:\/\/talkpal.ai\/tr\/muammer-karadag-ile-a1-almanca-ders-1-temel-almanca-ogrenmeye-baslayin\/\"]}]},{\"@type\":\"ImageObject\",\"inLanguage\":\"tr\",\"@id\":\"https:\/\/talkpal.ai\/tr\/muammer-karadag-ile-a1-almanca-ders-1-temel-almanca-ogrenmeye-baslayin\/#primaryimage\",\"url\":\"https:\/\/talkpal.ai\/wp-content\/uploads\/2025\/12\/reading-literature-to-learn-languages-fluently.webp\",\"contentUrl\":\"https:\/\/talkpal.ai\/wp-content\/uploads\/2025\/12\/reading-literature-to-learn-languages-fluently.webp\",\"width\":1200,\"height\":896,\"caption\":\"A woman with glasses reads an open book while learning languages in a cozy, lit cafe.\"},{\"@type\":\"BreadcrumbList\",\"@id\":\"https:\/\/talkpal.ai\/tr\/muammer-karadag-ile-a1-almanca-ders-1-temel-almanca-ogrenmeye-baslayin\/#breadcrumb\",\"itemListElement\":[{\"@type\":\"ListItem\",\"position\":1,\"name\":\"Homepage\",\"item\":\"https:\/\/talkpal.ai\/tr\/\"},{\"@type\":\"ListItem\",\"position\":2,\"name\":\"Muammer Karada\u011f ile A1 Almanca Ders 1: Temel Almanca \u00d6\u011frenmeye Ba\u015flay\u0131n!\"}]},{\"@type\":\"WebSite\",\"@id\":\"https:\/\/talkpal.ai\/tr\/#website\",\"url\":\"https:\/\/talkpal.ai\/tr\/\",\"name\":\"Talkpal\",\"description\":\"AI Language Learning\",\"publisher\":{\"@id\":\"https:\/\/talkpal.ai\/tr\/#organization\"},\"alternateName\":\"Talkpal AI\",\"potentialAction\":[{\"@type\":\"SearchAction\",\"target\":{\"@type\":\"EntryPoint\",\"urlTemplate\":\"https:\/\/talkpal.ai\/tr\/?s={search_term_string}\"},\"query-input\":{\"@type\":\"PropertyValueSpecification\",\"valueRequired\":true,\"valueName\":\"search_term_string\"}}],\"inLanguage\":\"tr\"},{\"@type\":\"Organization\",\"@id\":\"https:\/\/talkpal.ai\/tr\/#organization\",\"name\":\"Talkpal, Inc.\",\"alternateName\":\"Talkpal AI\",\"url\":\"https:\/\/talkpal.ai\/tr\/\",\"logo\":{\"@type\":\"ImageObject\",\"inLanguage\":\"tr\",\"@id\":\"https:\/\/talkpal.ai\/tr\/#\/schema\/logo\/image\/\",\"url\":\"https:\/\/talkpal.ai\/wp-content\/uploads\/2024\/03\/Talkpal-Logo-Icon.png\",\"contentUrl\":\"https:\/\/talkpal.ai\/wp-content\/uploads\/2024\/03\/Talkpal-Logo-Icon.png\",\"width\":2880,\"height\":2880,\"caption\":\"Talkpal, Inc.\"},\"image\":{\"@id\":\"https:\/\/talkpal.ai\/tr\/#\/schema\/logo\/image\/\"},\"sameAs\":[\"https:\/\/www.facebook.com\/profile.php?id=100090733639311\",\"https:\/\/x.com\/talkpalai\",\"https:\/\/www.linkedin.com\/company\/talkpal\/\",\"https:\/\/www.youtube.com\/@TalkPal\/\",\"https:\/\/www.tiktok.com\/@talkpal\",\"https:\/\/www.instagram.com\/talkpal_ai\/\",\"https:\/\/www.crunchbase.com\/organization\/talkpal-9cde\",\"https:\/\/www.g2.com\/products\/talkpal-for-business\/\",\"https:\/\/www.trustpilot.com\/review\/talkpal.ai\",\"https:\/\/www.capterra.com\/p\/10006800\/TalkPal\/\"],\"description\":\"Talkpal is a language learning web and mobile education app, powered by the latest AI technologies, that provides engaging experiences to its customers in many different languages to help them improve their language skills. Users can chat about unlimited amount of topics with the app and use other modes to practice their language learning.\",\"email\":\"support@talkpal.ai\",\"legalName\":\"Talkpal, Inc.\",\"foundingDate\":\"2023-04-03\",\"duns\":\"118989042\",\"numberOfEmployees\":{\"@type\":\"QuantitativeValue\",\"minValue\":\"11\",\"maxValue\":\"50\"},\"publishingPrinciples\":\"https:\/\/talkpal.ai\/publishing-principles\/\",\"actionableFeedbackPolicy\":\"https:\/\/talkpal.ai\/actionable-feedback-policy\/\",\"correctionsPolicy\":\"https:\/\/talkpal.ai\/corrections-policy\/\",\"ethicsPolicy\":\"https:\/\/talkpal.ai\/ethics-policy\/\",\"diversityPolicy\":\"https:\/\/talkpal.ai\/diversity-policy\/\",\"diversityStaffingReport\":\"https:\/\/talkpal.ai\/diversity-policy\/\"}]}<\/script>\n<!-- \/ Yoast SEO Premium plugin. -->","yoast_head_json":{"title":"Muammer Karada\u011f ile A1 Almanca Ders 1: Temel Almanca \u00d6\u011frenmeye Ba\u015flay\u0131n! - Talkpal","description":"Almanca \u00f6\u011frenmeye ba\u015flamak isteyenler i\u00e7in do\u011fru kaynaklar\u0131 ve y\u00f6ntemleri bulmak olduk\u00e7a \u00f6nemlidir. \u00d6zellikle ba\u015flang\u0131\u00e7 seviyesinde (A1) Almanca \u00f6\u011frenmek,","robots":{"index":"index","follow":"follow","max-snippet":"max-snippet:-1","max-image-preview":"max-image-preview:large","max-video-preview":"max-video-preview:-1"},"canonical":"https:\/\/talkpal.ai\/tr\/muammer-karadag-ile-a1-almanca-ders-1-temel-almanca-ogrenmeye-baslayin\/","og_locale":"tr_TR","og_type":"article","og_title":"Muammer Karada\u011f ile A1 Almanca Ders 1: Temel Almanca \u00d6\u011frenmeye Ba\u015flay\u0131n!","og_description":"Almanca \u00f6\u011frenmeye ba\u015flamak isteyenler i\u00e7in do\u011fru kaynaklar\u0131 ve y\u00f6ntemleri bulmak olduk\u00e7a \u00f6nemlidir. \u00d6zellikle ba\u015flang\u0131\u00e7 seviyesinde (A1) Almanca \u00f6\u011frenmek,","og_url":"https:\/\/talkpal.ai\/tr\/muammer-karadag-ile-a1-almanca-ders-1-temel-almanca-ogrenmeye-baslayin\/","og_site_name":"Talkpal","article_publisher":"https:\/\/www.facebook.com\/profile.php?id=100090733639311","article_published_time":"2025-07-18T04:02:51+00:00","og_image":[{"width":2880,"height":1620,"url":"https:\/\/talkpal.ai\/wp-content\/uploads\/2025\/02\/Progress-tab-16_9.png","type":"image\/png"}],"twitter_card":"summary_large_image","twitter_creator":"@talkpalai","twitter_site":"@talkpalai","twitter_misc":{"Tahmini okuma s\u00fcresi":"4 dakika"},"schema":{"@context":"https:\/\/schema.org","@graph":[{"@type":"Article","@id":"https:\/\/talkpal.ai\/tr\/muammer-karadag-ile-a1-almanca-ders-1-temel-almanca-ogrenmeye-baslayin\/#article","isPartOf":{"@id":"https:\/\/talkpal.ai\/tr\/muammer-karadag-ile-a1-almanca-ders-1-temel-almanca-ogrenmeye-baslayin\/"},"author":{"name":"","@id":""},"headline":"Muammer Karada\u011f ile A1 Almanca Ders 1: Temel Almanca \u00d6\u011frenmeye Ba\u015flay\u0131n!","datePublished":"2025-07-18T04:02:51+00:00","mainEntityOfPage":{"@id":"https:\/\/talkpal.ai\/tr\/muammer-karadag-ile-a1-almanca-ders-1-temel-almanca-ogrenmeye-baslayin\/"},"wordCount":844,"publisher":{"@id":"https:\/\/talkpal.ai\/tr\/#organization"},"image":{"@id":"https:\/\/talkpal.ai\/tr\/muammer-karadag-ile-a1-almanca-ders-1-temel-almanca-ogrenmeye-baslayin\/#primaryimage"},"thumbnailUrl":"https:\/\/talkpal.ai\/wp-content\/uploads\/2025\/12\/reading-literature-to-learn-languages-fluently.webp","articleSection":["Dil \u00d6\u011frenme G\u00f6r\u00fc\u015fleri"],"inLanguage":"tr"},{"@type":"WebPage","@id":"https:\/\/talkpal.ai\/tr\/muammer-karadag-ile-a1-almanca-ders-1-temel-almanca-ogrenmeye-baslayin\/","url":"https:\/\/talkpal.ai\/tr\/muammer-karadag-ile-a1-almanca-ders-1-temel-almanca-ogrenmeye-baslayin\/","name":"Muammer Karada\u011f ile A1 Almanca Ders 1: Temel Almanca \u00d6\u011frenmeye Ba\u015flay\u0131n! - Talkpal","isPartOf":{"@id":"https:\/\/talkpal.ai\/tr\/#website"},"primaryImageOfPage":{"@id":"https:\/\/talkpal.ai\/tr\/muammer-karadag-ile-a1-almanca-ders-1-temel-almanca-ogrenmeye-baslayin\/#primaryimage"},"image":{"@id":"https:\/\/talkpal.ai\/tr\/muammer-karadag-ile-a1-almanca-ders-1-temel-almanca-ogrenmeye-baslayin\/#primaryimage"},"thumbnailUrl":"https:\/\/talkpal.ai\/wp-content\/uploads\/2025\/12\/reading-literature-to-learn-languages-fluently.webp","datePublished":"2025-07-18T04:02:51+00:00","description":"Almanca \u00f6\u011frenmeye ba\u015flamak isteyenler i\u00e7in do\u011fru kaynaklar\u0131 ve y\u00f6ntemleri bulmak olduk\u00e7a \u00f6nemlidir. \u00d6zellikle ba\u015flang\u0131\u00e7 seviyesinde (A1) Almanca \u00f6\u011frenmek,","breadcrumb":{"@id":"https:\/\/talkpal.ai\/tr\/muammer-karadag-ile-a1-almanca-ders-1-temel-almanca-ogrenmeye-baslayin\/#breadcrumb"},"inLanguage":"tr","potentialAction":[{"@type":"ReadAction","target":["https:\/\/talkpal.ai\/tr\/muammer-karadag-ile-a1-almanca-ders-1-temel-almanca-ogrenmeye-baslayin\/"]}]},{"@type":"ImageObject","inLanguage":"tr","@id":"https:\/\/talkpal.ai\/tr\/muammer-karadag-ile-a1-almanca-ders-1-temel-almanca-ogrenmeye-baslayin\/#primaryimage","url":"https:\/\/talkpal.ai\/wp-content\/uploads\/2025\/12\/reading-literature-to-learn-languages-fluently.webp","contentUrl":"https:\/\/talkpal.ai\/wp-content\/uploads\/2025\/12\/reading-literature-to-learn-languages-fluently.webp","width":1200,"height":896,"caption":"A woman with glasses reads an open book while learning languages in a cozy, lit cafe."},{"@type":"BreadcrumbList","@id":"https:\/\/talkpal.ai\/tr\/muammer-karadag-ile-a1-almanca-ders-1-temel-almanca-ogrenmeye-baslayin\/#breadcrumb","itemListElement":[{"@type":"ListItem","position":1,"name":"Homepage","item":"https:\/\/talkpal.ai\/tr\/"},{"@type":"ListItem","position":2,"name":"Muammer Karada\u011f ile A1 Almanca Ders 1: Temel Almanca \u00d6\u011frenmeye Ba\u015flay\u0131n!"}]},{"@type":"WebSite","@id":"https:\/\/talkpal.ai\/tr\/#website","url":"https:\/\/talkpal.ai\/tr\/","name":"Talkpal","description":"AI Language Learning","publisher":{"@id":"https:\/\/talkpal.ai\/tr\/#organization"},"alternateName":"Talkpal AI","potentialAction":[{"@type":"SearchAction","target":{"@type":"EntryPoint","urlTemplate":"https:\/\/talkpal.ai\/tr\/?s={search_term_string}"},"query-input":{"@type":"PropertyValueSpecification","valueRequired":true,"valueName":"search_term_string"}}],"inLanguage":"tr"},{"@type":"Organization","@id":"https:\/\/talkpal.ai\/tr\/#organization","name":"Talkpal, Inc.","alternateName":"Talkpal AI","url":"https:\/\/talkpal.ai\/tr\/","logo":{"@type":"ImageObject","inLanguage":"tr","@id":"https:\/\/talkpal.ai\/tr\/#\/schema\/logo\/image\/","url":"https:\/\/talkpal.ai\/wp-content\/uploads\/2024\/03\/Talkpal-Logo-Icon.png","contentUrl":"https:\/\/talkpal.ai\/wp-content\/uploads\/2024\/03\/Talkpal-Logo-Icon.png","width":2880,"height":2880,"caption":"Talkpal, Inc."},"image":{"@id":"https:\/\/talkpal.ai\/tr\/#\/schema\/logo\/image\/"},"sameAs":["https:\/\/www.facebook.com\/profile.php?id=100090733639311","https:\/\/x.com\/talkpalai","https:\/\/www.linkedin.com\/company\/talkpal\/","https:\/\/www.youtube.com\/@TalkPal\/","https:\/\/www.tiktok.com\/@talkpal","https:\/\/www.instagram.com\/talkpal_ai\/","https:\/\/www.crunchbase.com\/organization\/talkpal-9cde","https:\/\/www.g2.com\/products\/talkpal-for-business\/","https:\/\/www.trustpilot.com\/review\/talkpal.ai","https:\/\/www.capterra.com\/p\/10006800\/TalkPal\/"],"description":"Talkpal is a language learning web and mobile education app, powered by the latest AI technologies, that provides engaging experiences to its customers in many different languages to help them improve their language skills. Users can chat about unlimited amount of topics with the app and use other modes to practice their language learning.","email":"support@talkpal.ai","legalName":"Talkpal, Inc.","foundingDate":"2023-04-03","duns":"118989042","numberOfEmployees":{"@type":"QuantitativeValue","minValue":"11","maxValue":"50"},"publishingPrinciples":"https:\/\/talkpal.ai\/publishing-principles\/","actionableFeedbackPolicy":"https:\/\/talkpal.ai\/actionable-feedback-policy\/","correctionsPolicy":"https:\/\/talkpal.ai\/corrections-policy\/","ethicsPolicy":"https:\/\/talkpal.ai\/ethics-policy\/","diversityPolicy":"https:\/\/talkpal.ai\/diversity-policy\/","diversityStaffingReport":"https:\/\/talkpal.ai\/diversity-policy\/"}]}},"_links":{"self":[{"href":"https:\/\/talkpal.ai\/tr\/wp-json\/wp\/v2\/posts\/1433446","targetHints":{"allow":["GET"]}}],"collection":[{"href":"https:\/\/talkpal.ai\/tr\/wp-json\/wp\/v2\/posts"}],"about":[{"href":"https:\/\/talkpal.ai\/tr\/wp-json\/wp\/v2\/types\/post"}],"replies":[{"embeddable":true,"href":"https:\/\/talkpal.ai\/tr\/wp-json\/wp\/v2\/comments?post=1433446"}],"version-history":[{"count":0,"href":"https:\/\/talkpal.ai\/tr\/wp-json\/wp\/v2\/posts\/1433446\/revisions"}],"wp:featuredmedia":[{"embeddable":true,"href":"https:\/\/talkpal.ai\/tr\/wp-json\/wp\/v2\/media\/1527874"}],"wp:attachment":[{"href":"https:\/\/talkpal.ai\/tr\/wp-json\/wp\/v2\/media?parent=1433446"}],"wp:term":[{"taxonomy":"category","embeddable":true,"href":"https:\/\/talkpal.ai\/tr\/wp-json\/wp\/v2\/categories?post=1433446"},{"taxonomy":"post_tag","embeddable":true,"href":"https:\/\/talkpal.ai\/tr\/wp-json\/wp\/v2\/tags?post=1433446"}],"curies":[{"name":"wp","href":"https:\/\/api.w.org\/{rel}","templated":true}]}}