{"id":1432796,"date":"2025-07-18T03:52:03","date_gmt":"2025-07-18T03:52:03","guid":{"rendered":"https:\/\/talkpal.ai\/almanca-cumle-yapisi-temel-kurallar-ve-pratik-ipuclari\/"},"modified":"2025-07-18T03:52:03","modified_gmt":"2025-07-18T03:52:03","slug":"almanca-cumle-yapisi-temel-kurallar-ve-pratik-ipuclari","status":"publish","type":"post","link":"https:\/\/talkpal.ai\/tr\/almanca-cumle-yapisi-temel-kurallar-ve-pratik-ipuclari\/","title":{"rendered":"Almanca C\u00fcmle Yap\u0131s\u0131: Temel Kurallar ve Pratik \u0130pu\u00e7lar\u0131"},"content":{"rendered":"<p><a href=\"https:\/\/talkpal.ai\/learn-german\/\">Almanca<\/a> \u00f6\u011frenmek isteyenler i\u00e7in dilin temel yap\u0131 ta\u015flar\u0131ndan biri olan &#8220;almanca c\u00fcmle yap\u0131s\u0131&#8221; konusu b\u00fcy\u00fck \u00f6nem ta\u015f\u0131r. <a href=\"https:\/\/talkpal.ai\/learn-german\/\">Almanca<\/a> c\u00fcmle yap\u0131s\u0131n\u0131 do\u011fru anlamak ve kullanmak, ileti\u015fimi kolayla\u015ft\u0131rmakla kalmaz, ayn\u0131 zamanda dilde ak\u0131c\u0131l\u0131k kazanmay\u0131 da sa\u011flar. <a href=\"https:\/\/talkpal.ai\/ko\/ai-%ec%96%b8%ec%96%b4-%ea%b5%90%ec%82%ac\/\">Talkpal<\/a> gibi interaktif ve pratik odakl\u0131 platformlar, Almanca c\u00fcmle yap\u0131s\u0131n\u0131 \u00f6\u011frenmek ve g\u00fcnl\u00fck konu\u015fmalarda uygulamak i\u00e7in m\u00fckemmel f\u0131rsatlar sunar. Bu yaz\u0131da, Almanca c\u00fcmle yap\u0131s\u0131n\u0131n temel kurallar\u0131ndan ba\u015flayarak, farkl\u0131 c\u00fcmle t\u00fcrleri, zaman kullan\u0131mlar\u0131 ve pratik ipu\u00e7lar\u0131na kadar kapsaml\u0131 bir \u015fekilde ele alaca\u011f\u0131z.<\/p>\n<h2>Almanca C\u00fcmle Yap\u0131s\u0131n\u0131n Temel Kurallar\u0131<\/h2>\n<p>Almanca c\u00fcmle yap\u0131s\u0131, T\u00fcrk\u00e7eye g\u00f6re farkl\u0131l\u0131k g\u00f6steren belirli kurallar i\u00e7erir. Dil \u00f6\u011frenenlerin bu kurallar\u0131 \u00f6\u011frenmesi, anlaml\u0131 ve do\u011fru c\u00fcmleler kurabilmeleri i\u00e7in \u015fartt\u0131r.<\/p>\n<h3>Temel S\u00f6zdizimi: \u00d6zne \u2013 Fiil \u2013 Nesne<\/h3>\n<p>Almanca c\u00fcmlelerde genellikle \u00f6zne (Subjekt) c\u00fcmlenin ba\u015f\u0131nda yer al\u0131r ve ard\u0131ndan fiil (Verb) gelir. Nesne (Objekt) <a href=\"https:\/\/talkpal.ai\/locations\/language-courses-in-ise\/\">ise<\/a> fiilden sonra konumlan\u0131r. \u00d6rnek:<\/p>\n<ul>\n<li><strong>Ich lese ein Buch.<\/strong> (Ben bir kitap okuyorum.)<\/li>\n<li><strong>Er kauft einen Apfel.<\/strong> (O, bir elma sat\u0131n al\u0131yor.)<\/li>\n<\/ul>\n<p>Ancak Almanca, esnek bir yap\u0131ya sahip oldu\u011fu i\u00e7in c\u00fcmlede \u00f6\u011felerin yeri ba\u011flama g\u00f6re de\u011fi\u015febilir.<\/p>\n<h3>Fiilin Konumu<\/h3>\n<p>Almanca c\u00fcmlelerde fiilin yeri en \u00f6nemli unsurlardan biridir. Ana c\u00fcmlelerde fiil genellikle ikinci pozisyonda bulunur. \u00d6rnek:<\/p>\n<ul>\n<li><strong>Heute gehe ich zur Schule.<\/strong> (Bug\u00fcn okula gidiyorum.)<\/li>\n<\/ul>\n<p>Ancak yan c\u00fcmlelerde fiil c\u00fcmlenin sonunda yer al\u0131r:<\/p>\n<ul>\n<li><strong>Ich wei\u00df, dass du kommst.<\/strong> (Senin gelece\u011fini biliyorum.)<\/li>\n<\/ul>\n<h3>\u0130kincil Fiil ve Yard\u0131mc\u0131 Fiiller<\/h3>\n<p>Almanca\u2019da birle\u015fik zamanlarda veya modal fiillerle birlikte fiillerin kullan\u0131m\u0131 yayg\u0131nd\u0131r. Yard\u0131mc\u0131 fiil genellikle ikinci pozisyonda, esas fiil ise c\u00fcmlenin sonunda yer al\u0131r:<\/p>\n<ul>\n<li><strong>Ich habe gestern Fu\u00dfball gespielt.<\/strong> (D\u00fcn futbol oynad\u0131m.)<\/li>\n<li><strong>Er kann gut schwimmen.<\/strong> (O iyi y\u00fczebilir.)<\/li>\n<\/ul>\n<h2>Almanca C\u00fcmle T\u00fcrleri ve Yap\u0131lar\u0131<\/h2>\n<p>Almanca c\u00fcmle yap\u0131s\u0131 sadece basit c\u00fcmlelerle s\u0131n\u0131rl\u0131 de\u011fildir. Farkl\u0131 c\u00fcmle t\u00fcrlerini ve bunlar\u0131n yap\u0131s\u0131n\u0131 bilmek, dilde yetkinli\u011fi art\u0131r\u0131r.<\/p>\n<h3>Basit C\u00fcmleler (Einfache S\u00e4tze)<\/h3>\n<p>Basit c\u00fcmleler tek bir \u00f6zne ve fiil i\u00e7erir. Genellikle g\u00fcnl\u00fck konu\u015fmalarda s\u0131k\u00e7a kullan\u0131l\u0131r. \u00d6rnek:<\/p>\n<ul>\n<li><strong>Ich trinke Wasser.<\/strong> (Su i\u00e7iyorum.)<\/li>\n<\/ul>\n<h3>Bile\u015fik C\u00fcmleler (Zusammengesetzte S\u00e4tze)<\/h3>\n<p>Bile\u015fik c\u00fcmlelerde iki veya daha fazla c\u00fcmle yan yana ya da birbirine ba\u011flanarak kullan\u0131l\u0131r. Ba\u011fla\u00e7lar (und, aber, oder, denn, sondern) ile olu\u015fturulan c\u00fcmlelerde fiilin yeri farkl\u0131l\u0131k g\u00f6sterebilir.<\/p>\n<ul>\n<li><strong>Ich gehe ins Kino, und er bleibt zu Hause.<\/strong> (Ben sinemaya gidiyorum ve o evde kal\u0131yor.)<\/li>\n<\/ul>\n<h3>Yan C\u00fcmleler (Nebens\u00e4tze)<\/h3>\n<p>Yan c\u00fcmlelerde fiil genellikle c\u00fcmlenin sonunda yer al\u0131r ve ba\u011fla\u00e7larla ba\u015flar:<\/p>\n<ul>\n<li><strong>Ich glaube, dass er heute kommt.<\/strong> (Onun bug\u00fcn gelece\u011fine inan\u0131yorum.)<\/li>\n<\/ul>\n<h3>Soru C\u00fcmleleri (Frages\u00e4tze)<\/h3>\n<p>Almanca\u2019da iki t\u00fcr soru c\u00fcmlesi vard\u0131r: evet-hay\u0131r sorular\u0131 ve bilgi sorular\u0131. Fiilin konumu burada b\u00fcy\u00fck \u00f6neme sahiptir.<\/p>\n<ul>\n<li><strong>Kommst du morgen? <\/strong>(Yar\u0131n geliyor musun?) \u2013 Fiil c\u00fcmlenin ba\u015f\u0131nda.<\/li>\n<li><strong>Wann kommst du? <\/strong>(Ne zaman geliyorsun?) \u2013 Soru kelimesi ba\u015fta, fiil ikinci pozisyonda.<\/li>\n<\/ul>\n<h2>Zamanlar ve Almanca C\u00fcmle Yap\u0131s\u0131na Etkisi<\/h2>\n<p>Almanca c\u00fcmle yap\u0131s\u0131n\u0131 do\u011fru kurmak i\u00e7in zamanlar\u0131n (Tempus) do\u011fru kullan\u0131m\u0131 gerekir. Her zaman kipinin c\u00fcmledeki yeri ve fiil formu farkl\u0131l\u0131k g\u00f6sterir.<\/p>\n<h3>\u015eimdiki Zaman (Pr\u00e4sens)<\/h3>\n<p>En yayg\u0131n kullan\u0131lan zaman olan Pr\u00e4sens, g\u00fcnl\u00fck konu\u015fmalarda geni\u015f zaman anlam\u0131nda da kullan\u0131l\u0131r.<\/p>\n<ul>\n<li><strong>Ich lerne Deutsch.<\/strong> (Almanca \u00f6\u011freniyorum.)<\/li>\n<\/ul>\n<h3>Ge\u00e7mi\u015f Zaman (Pr\u00e4teritum ve Perfekt)<\/h3>\n<p>Ge\u00e7mi\u015f zaman anlat\u0131mlar\u0131 iki \u015fekilde yap\u0131l\u0131r:<\/p>\n<ul>\n<li><strong>Pr\u00e4teritum:<\/strong> Yaz\u0131l\u0131 dilde ve resmi metinlerde daha \u00e7ok kullan\u0131l\u0131r. Fiil ikinci pozisyonda, \u00e7ekimli.<\/li>\n<li><strong>Perfekt:<\/strong> Konu\u015fma dilinde yayg\u0131nd\u0131r. Yard\u0131mc\u0131 fiil (haben\/sein) ikinci pozisyonda, esas fiil ise c\u00fcmlenin sonunda yer al\u0131r.<\/li>\n<\/ul>\n<p>\u00d6rnek:<\/p>\n<ul>\n<li><strong>Ich spielte Fu\u00dfball. (Pr\u00e4teritum)<\/strong><\/li>\n<li><strong>Ich habe Fu\u00dfball gespielt. (Perfekt)<\/strong><\/li>\n<\/ul>\n<h3>Gelecek Zaman (Futur I)<\/h3>\n<p>Gelecek zaman anlat\u0131l\u0131rken yard\u0131mc\u0131 fiil &#8220;werden&#8221; kullan\u0131l\u0131r:<\/p>\n<ul>\n<li><strong>Ich werde morgen kommen.<\/strong> (Yar\u0131n gelece\u011fim.)<\/li>\n<\/ul>\n<h2>Almanca C\u00fcmle Yap\u0131s\u0131n\u0131 \u00d6\u011frenmede Talkpal\u2019\u0131n Avantajlar\u0131<\/h2>\n<p>Dil \u00f6\u011freniminde teorik bilgi kadar pratik yapmak da \u00e7ok \u00f6nemlidir. Talkpal, bu noktada Almanca c\u00fcmle yap\u0131s\u0131n\u0131 \u00f6\u011frenmek isteyenler i\u00e7in \u00e7e\u015fitli avantajlar sunar:<\/p>\n<ul>\n<li><strong>Canl\u0131 Konu\u015fma Prati\u011fi:<\/strong> Ana dili Almanca olan e\u011fitmenlerle ger\u00e7ek zamanl\u0131 diyaloglar kurarak c\u00fcmle yap\u0131s\u0131n\u0131 aktif \u015fekilde kullanabilirsiniz.<\/li>\n<li><strong>Ki\u015fiselle\u015ftirilmi\u015f Dersler:<\/strong> Seviyenize uygun, a\u015famal\u0131 ve sistematik olarak c\u00fcmle yap\u0131s\u0131 kurallar\u0131n\u0131 \u00f6\u011frenirsiniz.<\/li>\n<li><strong>Geri Bildirim ve D\u00fczeltme:<\/strong> Hatalar\u0131n\u0131z an\u0131nda d\u00fczeltilerek do\u011fru c\u00fcmle yap\u0131lar\u0131n\u0131 \u00f6\u011frenmeniz sa\u011flan\u0131r.<\/li>\n<li><strong>Esnek Ders Saatleri:<\/strong> \u0130stedi\u011finiz zaman ve yerde, online platform sayesinde pratik yapma imkan\u0131.<\/li>\n<\/ul>\n<h2>Almanca C\u00fcmle Yap\u0131s\u0131 \u00d6\u011frenirken Dikkat Edilmesi Gerekenler<\/h2>\n<p>Almanca c\u00fcmle yap\u0131s\u0131n\u0131 \u00f6\u011frenirken a\u015fa\u011f\u0131daki noktalar\u0131 g\u00f6z \u00f6n\u00fcnde bulundurmak \u00f6\u011frenme s\u00fcrecini h\u0131zland\u0131r\u0131r ve kal\u0131c\u0131 k\u0131lar:<\/p>\n<ul>\n<li><strong>D\u00fczenli Pratik Yapmak:<\/strong> Dil \u00f6\u011frenmenin temelinde tekrar ve pratik vard\u0131r. Konu\u015fma, yazma ve dinleme aktivitelerini d\u00fczenli yap\u0131n.<\/li>\n<li><strong>Gramer Kurallar\u0131n\u0131 \u0130yi Anlamak:<\/strong> Fiil \u00e7ekimleri, zamanlar ve ba\u011fla\u00e7lar gibi temel gramer konular\u0131n\u0131 sa\u011flam \u00f6\u011frenin.<\/li>\n<li><strong>Karma\u015f\u0131k C\u00fcmleleri Par\u00e7alara Ay\u0131rmak:<\/strong> \u00d6zellikle yan c\u00fcmlelerde fiilin konumu ve c\u00fcmle \u00f6\u011felerini tek tek analiz edin.<\/li>\n<li><strong>Kelime Hazinesini Geli\u015ftirmek:<\/strong> Yeni kelimeler \u00f6\u011frenmek ve bunlar\u0131 c\u00fcmle i\u00e7inde kullanmak, yap\u0131lar\u0131n peki\u015fmesini sa\u011flar.<\/li>\n<\/ul>\n<h2>Sonu\u00e7<\/h2>\n<p>Almanca c\u00fcmle yap\u0131s\u0131, Almanca \u00f6\u011frenmenin temel ta\u015flar\u0131ndan biridir ve bu yap\u0131y\u0131 do\u011fru anlamak, etkili ileti\u015fim i\u00e7in gereklidir. Basit c\u00fcmle yap\u0131lar\u0131ndan ba\u015flayarak karma\u015f\u0131k yan c\u00fcmlelere kadar pek \u00e7ok farkl\u0131 yap\u0131y\u0131 \u00f6\u011frenmek m\u00fcmk\u00fcnd\u00fcr. Talkpal gibi interaktif platformlar, dil \u00f6\u011frenimini kolayla\u015ft\u0131r\u0131r ve h\u0131zland\u0131r\u0131r. D\u00fczenli pratik, do\u011fru gramer bilgisi ve motivasyon ile Almanca c\u00fcmle yap\u0131s\u0131nda ustala\u015fmak m\u00fcmk\u00fcnd\u00fcr. Almanca \u00f6\u011frenme yolculu\u011funuzda Talkpal\u2019\u0131 kullanarak hem teorik bilgiyi hem de pratik becerilerinizi geli\u015ftirmeniz tavsiye edilir. B\u00f6ylece Almanca c\u00fcmle yap\u0131s\u0131n\u0131 etkili ve do\u011fru bi\u00e7imde kullanarak ak\u0131c\u0131 bir \u015fekilde Almanca konu\u015fabilirsiniz.<\/p>\n","protected":false},"excerpt":{"rendered":"<p>Almanca \u00f6\u011frenmek isteyenler i\u00e7in dilin temel yap\u0131 ta\u015flar\u0131ndan biri olan &#8220;almanca c\u00fcmle yap\u0131s\u0131&#8221; konusu b\u00fcy\u00fck \u00f6nem ta\u015f\u0131r. Almanca c\u00fcmle yap\u0131s\u0131n\u0131 do\u011fru anlamak ve kullanmak, ileti\u015fimi kolayla\u015ft\u0131rmakla kalmaz, ayn\u0131 zamanda dilde ak\u0131c\u0131l\u0131k kazanmay\u0131 da sa\u011flar. Talkpal gibi interaktif ve pratik odakl\u0131 platformlar, Almanca c\u00fcmle yap\u0131s\u0131n\u0131 \u00f6\u011frenmek ve g\u00fcnl\u00fck konu\u015fmalarda uygulamak i\u00e7in m\u00fckemmel f\u0131rsatlar sunar. Bu yaz\u0131da, [&hellip;]<\/p>\n","protected":false},"author":0,"featured_media":1527676,"comment_status":"","ping_status":"open","sticky":false,"template":"","format":"standard","meta":{"_acf_changed":false,"footnotes":""},"categories":[21345],"tags":[],"class_list":["post-1432796","post","type-post","status-publish","format-standard","has-post-thumbnail","hentry","category-dil-ogrenme-gorusleri"],"acf":[],"yoast_head":"<!-- This site is optimized with the Yoast SEO Premium plugin v27.2 (Yoast SEO v27.2) - https:\/\/yoast.com\/product\/yoast-seo-premium-wordpress\/ -->\n<title>Almanca C\u00fcmle Yap\u0131s\u0131: Temel Kurallar ve Pratik \u0130pu\u00e7lar\u0131 - Talkpal<\/title>\n<meta name=\"description\" content=\"Almanca \u00f6\u011frenmek isteyenler i\u00e7in dilin temel yap\u0131 ta\u015flar\u0131ndan biri olan &quot;almanca c\u00fcmle yap\u0131s\u0131&quot; konusu b\u00fcy\u00fck \u00f6nem ta\u015f\u0131r. Almanca c\u00fcmle yap\u0131s\u0131n\u0131 do\u011fru\" \/>\n<meta name=\"robots\" content=\"index, follow, max-snippet:-1, max-image-preview:large, max-video-preview:-1\" \/>\n<link rel=\"canonical\" href=\"https:\/\/talkpal.ai\/tr\/almanca-cumle-yapisi-temel-kurallar-ve-pratik-ipuclari\/\" \/>\n<meta property=\"og:locale\" content=\"tr_TR\" \/>\n<meta property=\"og:type\" content=\"article\" \/>\n<meta property=\"og:title\" content=\"Almanca C\u00fcmle Yap\u0131s\u0131: Temel Kurallar ve Pratik \u0130pu\u00e7lar\u0131\" \/>\n<meta property=\"og:description\" content=\"Almanca \u00f6\u011frenmek isteyenler i\u00e7in dilin temel yap\u0131 ta\u015flar\u0131ndan biri olan &quot;almanca c\u00fcmle yap\u0131s\u0131&quot; konusu b\u00fcy\u00fck \u00f6nem ta\u015f\u0131r. Almanca c\u00fcmle yap\u0131s\u0131n\u0131 do\u011fru\" \/>\n<meta property=\"og:url\" content=\"https:\/\/talkpal.ai\/tr\/almanca-cumle-yapisi-temel-kurallar-ve-pratik-ipuclari\/\" \/>\n<meta property=\"og:site_name\" content=\"Talkpal\" \/>\n<meta property=\"article:publisher\" content=\"https:\/\/www.facebook.com\/profile.php?id=100090733639311\" \/>\n<meta property=\"article:published_time\" content=\"2025-07-18T03:52:03+00:00\" \/>\n<meta property=\"og:image\" content=\"https:\/\/talkpal.ai\/wp-content\/uploads\/2025\/02\/Progress-tab-16_9.png\" \/>\n\t<meta property=\"og:image:width\" content=\"2880\" \/>\n\t<meta property=\"og:image:height\" content=\"1620\" \/>\n\t<meta property=\"og:image:type\" content=\"image\/png\" \/>\n<meta name=\"twitter:card\" content=\"summary_large_image\" \/>\n<meta name=\"twitter:creator\" content=\"@talkpalai\" \/>\n<meta name=\"twitter:site\" content=\"@talkpalai\" \/>\n<meta name=\"twitter:label1\" content=\"Tahmini okuma s\u00fcresi\" \/>\n\t<meta name=\"twitter:data1\" content=\"5 dakika\" \/>\n<script type=\"application\/ld+json\" class=\"yoast-schema-graph\">{\"@context\":\"https:\/\/schema.org\",\"@graph\":[{\"@type\":\"Article\",\"@id\":\"https:\/\/talkpal.ai\/tr\/almanca-cumle-yapisi-temel-kurallar-ve-pratik-ipuclari\/#article\",\"isPartOf\":{\"@id\":\"https:\/\/talkpal.ai\/tr\/almanca-cumle-yapisi-temel-kurallar-ve-pratik-ipuclari\/\"},\"author\":{\"name\":\"\",\"@id\":\"\"},\"headline\":\"Almanca C\u00fcmle Yap\u0131s\u0131: Temel Kurallar ve Pratik \u0130pu\u00e7lar\u0131\",\"datePublished\":\"2025-07-18T03:52:03+00:00\",\"mainEntityOfPage\":{\"@id\":\"https:\/\/talkpal.ai\/tr\/almanca-cumle-yapisi-temel-kurallar-ve-pratik-ipuclari\/\"},\"wordCount\":1108,\"publisher\":{\"@id\":\"https:\/\/talkpal.ai\/tr\/#organization\"},\"image\":{\"@id\":\"https:\/\/talkpal.ai\/tr\/almanca-cumle-yapisi-temel-kurallar-ve-pratik-ipuclari\/#primaryimage\"},\"thumbnailUrl\":\"https:\/\/talkpal.ai\/wp-content\/uploads\/2025\/12\/group-at-round-table-learning-languages.webp\",\"articleSection\":[\"Dil \u00d6\u011frenme G\u00f6r\u00fc\u015fleri\"],\"inLanguage\":\"tr\"},{\"@type\":\"WebPage\",\"@id\":\"https:\/\/talkpal.ai\/tr\/almanca-cumle-yapisi-temel-kurallar-ve-pratik-ipuclari\/\",\"url\":\"https:\/\/talkpal.ai\/tr\/almanca-cumle-yapisi-temel-kurallar-ve-pratik-ipuclari\/\",\"name\":\"Almanca C\u00fcmle Yap\u0131s\u0131: Temel Kurallar ve Pratik \u0130pu\u00e7lar\u0131 - Talkpal\",\"isPartOf\":{\"@id\":\"https:\/\/talkpal.ai\/tr\/#website\"},\"primaryImageOfPage\":{\"@id\":\"https:\/\/talkpal.ai\/tr\/almanca-cumle-yapisi-temel-kurallar-ve-pratik-ipuclari\/#primaryimage\"},\"image\":{\"@id\":\"https:\/\/talkpal.ai\/tr\/almanca-cumle-yapisi-temel-kurallar-ve-pratik-ipuclari\/#primaryimage\"},\"thumbnailUrl\":\"https:\/\/talkpal.ai\/wp-content\/uploads\/2025\/12\/group-at-round-table-learning-languages.webp\",\"datePublished\":\"2025-07-18T03:52:03+00:00\",\"description\":\"Almanca \u00f6\u011frenmek isteyenler i\u00e7in dilin temel yap\u0131 ta\u015flar\u0131ndan biri olan \\\"almanca c\u00fcmle yap\u0131s\u0131\\\" konusu b\u00fcy\u00fck \u00f6nem ta\u015f\u0131r. Almanca c\u00fcmle yap\u0131s\u0131n\u0131 do\u011fru\",\"breadcrumb\":{\"@id\":\"https:\/\/talkpal.ai\/tr\/almanca-cumle-yapisi-temel-kurallar-ve-pratik-ipuclari\/#breadcrumb\"},\"inLanguage\":\"tr\",\"potentialAction\":[{\"@type\":\"ReadAction\",\"target\":[\"https:\/\/talkpal.ai\/tr\/almanca-cumle-yapisi-temel-kurallar-ve-pratik-ipuclari\/\"]}]},{\"@type\":\"ImageObject\",\"inLanguage\":\"tr\",\"@id\":\"https:\/\/talkpal.ai\/tr\/almanca-cumle-yapisi-temel-kurallar-ve-pratik-ipuclari\/#primaryimage\",\"url\":\"https:\/\/talkpal.ai\/wp-content\/uploads\/2025\/12\/group-at-round-table-learning-languages.webp\",\"contentUrl\":\"https:\/\/talkpal.ai\/wp-content\/uploads\/2025\/12\/group-at-round-table-learning-languages.webp\",\"width\":1200,\"height\":896,\"caption\":\"A group of people sits at a round wooden table in a library for learning languages.\"},{\"@type\":\"BreadcrumbList\",\"@id\":\"https:\/\/talkpal.ai\/tr\/almanca-cumle-yapisi-temel-kurallar-ve-pratik-ipuclari\/#breadcrumb\",\"itemListElement\":[{\"@type\":\"ListItem\",\"position\":1,\"name\":\"Homepage\",\"item\":\"https:\/\/talkpal.ai\/tr\/\"},{\"@type\":\"ListItem\",\"position\":2,\"name\":\"Almanca C\u00fcmle Yap\u0131s\u0131: Temel Kurallar ve Pratik \u0130pu\u00e7lar\u0131\"}]},{\"@type\":\"WebSite\",\"@id\":\"https:\/\/talkpal.ai\/tr\/#website\",\"url\":\"https:\/\/talkpal.ai\/tr\/\",\"name\":\"Talkpal\",\"description\":\"AI Language Learning\",\"publisher\":{\"@id\":\"https:\/\/talkpal.ai\/tr\/#organization\"},\"alternateName\":\"Talkpal AI\",\"potentialAction\":[{\"@type\":\"SearchAction\",\"target\":{\"@type\":\"EntryPoint\",\"urlTemplate\":\"https:\/\/talkpal.ai\/tr\/?s={search_term_string}\"},\"query-input\":{\"@type\":\"PropertyValueSpecification\",\"valueRequired\":true,\"valueName\":\"search_term_string\"}}],\"inLanguage\":\"tr\"},{\"@type\":\"Organization\",\"@id\":\"https:\/\/talkpal.ai\/tr\/#organization\",\"name\":\"Talkpal, Inc.\",\"alternateName\":\"Talkpal AI\",\"url\":\"https:\/\/talkpal.ai\/tr\/\",\"logo\":{\"@type\":\"ImageObject\",\"inLanguage\":\"tr\",\"@id\":\"https:\/\/talkpal.ai\/tr\/#\/schema\/logo\/image\/\",\"url\":\"https:\/\/talkpal.ai\/wp-content\/uploads\/2024\/03\/Talkpal-Logo-Icon.png\",\"contentUrl\":\"https:\/\/talkpal.ai\/wp-content\/uploads\/2024\/03\/Talkpal-Logo-Icon.png\",\"width\":2880,\"height\":2880,\"caption\":\"Talkpal, Inc.\"},\"image\":{\"@id\":\"https:\/\/talkpal.ai\/tr\/#\/schema\/logo\/image\/\"},\"sameAs\":[\"https:\/\/www.facebook.com\/profile.php?id=100090733639311\",\"https:\/\/x.com\/talkpalai\",\"https:\/\/www.linkedin.com\/company\/talkpal\/\",\"https:\/\/www.youtube.com\/@TalkPal\/\",\"https:\/\/www.tiktok.com\/@talkpal\",\"https:\/\/www.instagram.com\/talkpal_ai\/\",\"https:\/\/www.crunchbase.com\/organization\/talkpal-9cde\",\"https:\/\/www.g2.com\/products\/talkpal-for-business\/\",\"https:\/\/www.trustpilot.com\/review\/talkpal.ai\",\"https:\/\/www.capterra.com\/p\/10006800\/TalkPal\/\"],\"description\":\"Talkpal is a language learning web and mobile education app, powered by the latest AI technologies, that provides engaging experiences to its customers in many different languages to help them improve their language skills. Users can chat about unlimited amount of topics with the app and use other modes to practice their language learning.\",\"email\":\"support@talkpal.ai\",\"legalName\":\"Talkpal, Inc.\",\"foundingDate\":\"2023-04-03\",\"duns\":\"118989042\",\"numberOfEmployees\":{\"@type\":\"QuantitativeValue\",\"minValue\":\"11\",\"maxValue\":\"50\"},\"publishingPrinciples\":\"https:\/\/talkpal.ai\/publishing-principles\/\",\"actionableFeedbackPolicy\":\"https:\/\/talkpal.ai\/actionable-feedback-policy\/\",\"correctionsPolicy\":\"https:\/\/talkpal.ai\/corrections-policy\/\",\"ethicsPolicy\":\"https:\/\/talkpal.ai\/ethics-policy\/\",\"diversityPolicy\":\"https:\/\/talkpal.ai\/diversity-policy\/\",\"diversityStaffingReport\":\"https:\/\/talkpal.ai\/diversity-policy\/\"}]}<\/script>\n<!-- \/ Yoast SEO Premium plugin. -->","yoast_head_json":{"title":"Almanca C\u00fcmle Yap\u0131s\u0131: Temel Kurallar ve Pratik \u0130pu\u00e7lar\u0131 - Talkpal","description":"Almanca \u00f6\u011frenmek isteyenler i\u00e7in dilin temel yap\u0131 ta\u015flar\u0131ndan biri olan \"almanca c\u00fcmle yap\u0131s\u0131\" konusu b\u00fcy\u00fck \u00f6nem ta\u015f\u0131r. Almanca c\u00fcmle yap\u0131s\u0131n\u0131 do\u011fru","robots":{"index":"index","follow":"follow","max-snippet":"max-snippet:-1","max-image-preview":"max-image-preview:large","max-video-preview":"max-video-preview:-1"},"canonical":"https:\/\/talkpal.ai\/tr\/almanca-cumle-yapisi-temel-kurallar-ve-pratik-ipuclari\/","og_locale":"tr_TR","og_type":"article","og_title":"Almanca C\u00fcmle Yap\u0131s\u0131: Temel Kurallar ve Pratik \u0130pu\u00e7lar\u0131","og_description":"Almanca \u00f6\u011frenmek isteyenler i\u00e7in dilin temel yap\u0131 ta\u015flar\u0131ndan biri olan \"almanca c\u00fcmle yap\u0131s\u0131\" konusu b\u00fcy\u00fck \u00f6nem ta\u015f\u0131r. Almanca c\u00fcmle yap\u0131s\u0131n\u0131 do\u011fru","og_url":"https:\/\/talkpal.ai\/tr\/almanca-cumle-yapisi-temel-kurallar-ve-pratik-ipuclari\/","og_site_name":"Talkpal","article_publisher":"https:\/\/www.facebook.com\/profile.php?id=100090733639311","article_published_time":"2025-07-18T03:52:03+00:00","og_image":[{"width":2880,"height":1620,"url":"https:\/\/talkpal.ai\/wp-content\/uploads\/2025\/02\/Progress-tab-16_9.png","type":"image\/png"}],"twitter_card":"summary_large_image","twitter_creator":"@talkpalai","twitter_site":"@talkpalai","twitter_misc":{"Tahmini okuma s\u00fcresi":"5 dakika"},"schema":{"@context":"https:\/\/schema.org","@graph":[{"@type":"Article","@id":"https:\/\/talkpal.ai\/tr\/almanca-cumle-yapisi-temel-kurallar-ve-pratik-ipuclari\/#article","isPartOf":{"@id":"https:\/\/talkpal.ai\/tr\/almanca-cumle-yapisi-temel-kurallar-ve-pratik-ipuclari\/"},"author":{"name":"","@id":""},"headline":"Almanca C\u00fcmle Yap\u0131s\u0131: Temel Kurallar ve Pratik \u0130pu\u00e7lar\u0131","datePublished":"2025-07-18T03:52:03+00:00","mainEntityOfPage":{"@id":"https:\/\/talkpal.ai\/tr\/almanca-cumle-yapisi-temel-kurallar-ve-pratik-ipuclari\/"},"wordCount":1108,"publisher":{"@id":"https:\/\/talkpal.ai\/tr\/#organization"},"image":{"@id":"https:\/\/talkpal.ai\/tr\/almanca-cumle-yapisi-temel-kurallar-ve-pratik-ipuclari\/#primaryimage"},"thumbnailUrl":"https:\/\/talkpal.ai\/wp-content\/uploads\/2025\/12\/group-at-round-table-learning-languages.webp","articleSection":["Dil \u00d6\u011frenme G\u00f6r\u00fc\u015fleri"],"inLanguage":"tr"},{"@type":"WebPage","@id":"https:\/\/talkpal.ai\/tr\/almanca-cumle-yapisi-temel-kurallar-ve-pratik-ipuclari\/","url":"https:\/\/talkpal.ai\/tr\/almanca-cumle-yapisi-temel-kurallar-ve-pratik-ipuclari\/","name":"Almanca C\u00fcmle Yap\u0131s\u0131: Temel Kurallar ve Pratik \u0130pu\u00e7lar\u0131 - Talkpal","isPartOf":{"@id":"https:\/\/talkpal.ai\/tr\/#website"},"primaryImageOfPage":{"@id":"https:\/\/talkpal.ai\/tr\/almanca-cumle-yapisi-temel-kurallar-ve-pratik-ipuclari\/#primaryimage"},"image":{"@id":"https:\/\/talkpal.ai\/tr\/almanca-cumle-yapisi-temel-kurallar-ve-pratik-ipuclari\/#primaryimage"},"thumbnailUrl":"https:\/\/talkpal.ai\/wp-content\/uploads\/2025\/12\/group-at-round-table-learning-languages.webp","datePublished":"2025-07-18T03:52:03+00:00","description":"Almanca \u00f6\u011frenmek isteyenler i\u00e7in dilin temel yap\u0131 ta\u015flar\u0131ndan biri olan \"almanca c\u00fcmle yap\u0131s\u0131\" konusu b\u00fcy\u00fck \u00f6nem ta\u015f\u0131r. Almanca c\u00fcmle yap\u0131s\u0131n\u0131 do\u011fru","breadcrumb":{"@id":"https:\/\/talkpal.ai\/tr\/almanca-cumle-yapisi-temel-kurallar-ve-pratik-ipuclari\/#breadcrumb"},"inLanguage":"tr","potentialAction":[{"@type":"ReadAction","target":["https:\/\/talkpal.ai\/tr\/almanca-cumle-yapisi-temel-kurallar-ve-pratik-ipuclari\/"]}]},{"@type":"ImageObject","inLanguage":"tr","@id":"https:\/\/talkpal.ai\/tr\/almanca-cumle-yapisi-temel-kurallar-ve-pratik-ipuclari\/#primaryimage","url":"https:\/\/talkpal.ai\/wp-content\/uploads\/2025\/12\/group-at-round-table-learning-languages.webp","contentUrl":"https:\/\/talkpal.ai\/wp-content\/uploads\/2025\/12\/group-at-round-table-learning-languages.webp","width":1200,"height":896,"caption":"A group of people sits at a round wooden table in a library for learning languages."},{"@type":"BreadcrumbList","@id":"https:\/\/talkpal.ai\/tr\/almanca-cumle-yapisi-temel-kurallar-ve-pratik-ipuclari\/#breadcrumb","itemListElement":[{"@type":"ListItem","position":1,"name":"Homepage","item":"https:\/\/talkpal.ai\/tr\/"},{"@type":"ListItem","position":2,"name":"Almanca C\u00fcmle Yap\u0131s\u0131: Temel Kurallar ve Pratik \u0130pu\u00e7lar\u0131"}]},{"@type":"WebSite","@id":"https:\/\/talkpal.ai\/tr\/#website","url":"https:\/\/talkpal.ai\/tr\/","name":"Talkpal","description":"AI Language Learning","publisher":{"@id":"https:\/\/talkpal.ai\/tr\/#organization"},"alternateName":"Talkpal AI","potentialAction":[{"@type":"SearchAction","target":{"@type":"EntryPoint","urlTemplate":"https:\/\/talkpal.ai\/tr\/?s={search_term_string}"},"query-input":{"@type":"PropertyValueSpecification","valueRequired":true,"valueName":"search_term_string"}}],"inLanguage":"tr"},{"@type":"Organization","@id":"https:\/\/talkpal.ai\/tr\/#organization","name":"Talkpal, Inc.","alternateName":"Talkpal AI","url":"https:\/\/talkpal.ai\/tr\/","logo":{"@type":"ImageObject","inLanguage":"tr","@id":"https:\/\/talkpal.ai\/tr\/#\/schema\/logo\/image\/","url":"https:\/\/talkpal.ai\/wp-content\/uploads\/2024\/03\/Talkpal-Logo-Icon.png","contentUrl":"https:\/\/talkpal.ai\/wp-content\/uploads\/2024\/03\/Talkpal-Logo-Icon.png","width":2880,"height":2880,"caption":"Talkpal, Inc."},"image":{"@id":"https:\/\/talkpal.ai\/tr\/#\/schema\/logo\/image\/"},"sameAs":["https:\/\/www.facebook.com\/profile.php?id=100090733639311","https:\/\/x.com\/talkpalai","https:\/\/www.linkedin.com\/company\/talkpal\/","https:\/\/www.youtube.com\/@TalkPal\/","https:\/\/www.tiktok.com\/@talkpal","https:\/\/www.instagram.com\/talkpal_ai\/","https:\/\/www.crunchbase.com\/organization\/talkpal-9cde","https:\/\/www.g2.com\/products\/talkpal-for-business\/","https:\/\/www.trustpilot.com\/review\/talkpal.ai","https:\/\/www.capterra.com\/p\/10006800\/TalkPal\/"],"description":"Talkpal is a language learning web and mobile education app, powered by the latest AI technologies, that provides engaging experiences to its customers in many different languages to help them improve their language skills. Users can chat about unlimited amount of topics with the app and use other modes to practice their language learning.","email":"support@talkpal.ai","legalName":"Talkpal, Inc.","foundingDate":"2023-04-03","duns":"118989042","numberOfEmployees":{"@type":"QuantitativeValue","minValue":"11","maxValue":"50"},"publishingPrinciples":"https:\/\/talkpal.ai\/publishing-principles\/","actionableFeedbackPolicy":"https:\/\/talkpal.ai\/actionable-feedback-policy\/","correctionsPolicy":"https:\/\/talkpal.ai\/corrections-policy\/","ethicsPolicy":"https:\/\/talkpal.ai\/ethics-policy\/","diversityPolicy":"https:\/\/talkpal.ai\/diversity-policy\/","diversityStaffingReport":"https:\/\/talkpal.ai\/diversity-policy\/"}]}},"_links":{"self":[{"href":"https:\/\/talkpal.ai\/tr\/wp-json\/wp\/v2\/posts\/1432796","targetHints":{"allow":["GET"]}}],"collection":[{"href":"https:\/\/talkpal.ai\/tr\/wp-json\/wp\/v2\/posts"}],"about":[{"href":"https:\/\/talkpal.ai\/tr\/wp-json\/wp\/v2\/types\/post"}],"replies":[{"embeddable":true,"href":"https:\/\/talkpal.ai\/tr\/wp-json\/wp\/v2\/comments?post=1432796"}],"version-history":[{"count":0,"href":"https:\/\/talkpal.ai\/tr\/wp-json\/wp\/v2\/posts\/1432796\/revisions"}],"wp:featuredmedia":[{"embeddable":true,"href":"https:\/\/talkpal.ai\/tr\/wp-json\/wp\/v2\/media\/1527676"}],"wp:attachment":[{"href":"https:\/\/talkpal.ai\/tr\/wp-json\/wp\/v2\/media?parent=1432796"}],"wp:term":[{"taxonomy":"category","embeddable":true,"href":"https:\/\/talkpal.ai\/tr\/wp-json\/wp\/v2\/categories?post=1432796"},{"taxonomy":"post_tag","embeddable":true,"href":"https:\/\/talkpal.ai\/tr\/wp-json\/wp\/v2\/tags?post=1432796"}],"curies":[{"name":"wp","href":"https:\/\/api.w.org\/{rel}","templated":true}]}}