{"id":1430505,"date":"2025-07-18T03:13:44","date_gmt":"2025-07-18T03:13:44","guid":{"rendered":"https:\/\/talkpal.ai\/lar-dig-manader-pa-franska-enkelt-och-snabbt\/"},"modified":"2025-07-18T03:13:44","modified_gmt":"2025-07-18T03:13:44","slug":"lar-dig-manader-pa-franska-enkelt-och-snabbt","status":"publish","type":"post","link":"https:\/\/talkpal.ai\/sv\/lar-dig-manader-pa-franska-enkelt-och-snabbt\/","title":{"rendered":"L\u00e4r dig m\u00e5nader p\u00e5 franska enkelt och snabbt!"},"content":{"rendered":"<p>Att l\u00e4ra sig m\u00e5nader p\u00e5 <a href=\"https:\/\/talkpal.ai\/learn-french\/\">franska<\/a> \u00e4r en grundl\u00e4ggande del av spr\u00e5kinl\u00e4rningen och kan \u00f6ppna d\u00f6rrar till b\u00e4ttre kommunikation och f\u00f6rst\u00e5else f\u00f6r b\u00e5de vardagliga samtal och kulturella sammanhang. Genom att beh\u00e4rska m\u00e5nadernas namn f\u00e5r du inte bara m\u00f6jlighet att uttrycka datum och tider korrekt, utan du f\u00e5r ocks\u00e5 en djupare inblick i den franska kalendern och hur fransktalande m\u00e4nniskor planerar sin vardag. <a href=\"https:\/\/talkpal.ai\/ko\/ai-%ec%96%b8%ec%96%b4-%ea%b5%90%ec%82%ac\/\">Talkpal<\/a> \u00e4r ett utm\u00e4rkt verktyg f\u00f6r att l\u00e4ra sig m\u00e5nader p\u00e5 franska p\u00e5 ett effektivt och engagerande s\u00e4tt, vilket g\u00f6r spr\u00e5kinl\u00e4rningen b\u00e5de rolig och praktisk.<\/p>\n<h2>Varf\u00f6r \u00e4r det viktigt att kunna m\u00e5nader p\u00e5 franska?<\/h2>\n<p>Att kunna m\u00e5nader p\u00e5 franska \u00e4r en av de mest grundl\u00e4ggande aspekterna inom spr\u00e5kinl\u00e4rningen. Det \u00e4r n\u00f6dv\u00e4ndigt f\u00f6r att:<\/p>\n<ul>\n<li>F\u00f6rst\u00e5 och uttrycka datum vid bokningar, m\u00f6ten och evenemang.<\/li>\n<li>Kommunicera effektivt i vardagliga situationer, som att planera resor eller fira h\u00f6gtider.<\/li>\n<li>F\u00f6lja nyheter och kulturella h\u00e4ndelser som ofta refererar till specifika m\u00e5nader.<\/li>\n<li>Utveckla en bredare spr\u00e5klig kompetens och kulturell f\u00f6rst\u00e5else.<\/li>\n<\/ul>\n<h2>\u00d6versikt \u00f6ver m\u00e5nader p\u00e5 franska<\/h2>\n<p>De tolv m\u00e5naderna p\u00e5 franska \u00e4r ganska lika deras <a href=\"https:\/\/talkpal.ai\/learn-swedish\/\">svenska<\/a> motsvarigheter i uttal och stavning, men <a href=\"https:\/\/talkpal.ai\/culture\/how-do-i-use-det-finns-correctly\/\">det finns<\/a> viktiga skillnader att notera. H\u00e4r \u00e4r en lista \u00f6ver m\u00e5nader p\u00e5 franska tillsammans med deras svenska motsvarigheter:<\/p>\n<table>\n<thead>\n<tr>\n<th>Svenska<\/th>\n<th>Franska<\/th>\n<th>Uttal (ungef\u00e4rligt)<\/th>\n<\/tr>\n<\/thead>\n<tbody>\n<tr>\n<td>Januari<\/td>\n<td>janvier<\/td>\n<td>zhahn-vyay<\/td>\n<\/tr>\n<tr>\n<td>Februari<\/td>\n<td>f\u00e9vrier<\/td>\n<td>fay-vree-ay<\/td>\n<\/tr>\n<tr>\n<td>Mars<\/td>\n<td>mars<\/td>\n<td>marss<\/td>\n<\/tr>\n<tr>\n<td>April<\/td>\n<td>avril<\/td>\n<td>ah-vreel<\/td>\n<\/tr>\n<tr>\n<td>Maj<\/td>\n<td>mai<\/td>\n<td>may<\/td>\n<\/tr>\n<tr>\n<td>Juni<\/td>\n<td>juin<\/td>\n<td>zhwan<\/td>\n<\/tr>\n<tr>\n<td>Juli<\/td>\n<td>juillet<\/td>\n<td>zhwee-yay<\/td>\n<\/tr>\n<tr>\n<td>Augusti<\/td>\n<td>ao\u00fbt<\/td>\n<td>oot<\/td>\n<\/tr>\n<tr>\n<td>September<\/td>\n<td>septembre<\/td>\n<td>sep-tahm-bruh<\/td>\n<\/tr>\n<tr>\n<td>Oktober<\/td>\n<td>octobre<\/td>\n<td>ok-toh-bruh<\/td>\n<\/tr>\n<tr>\n<td>November<\/td>\n<td>novembre<\/td>\n<td>noh-vahm-bruh<\/td>\n<\/tr>\n<tr>\n<td>December<\/td>\n<td>d\u00e9cembre<\/td>\n<td>day-sahm-bruh<\/td>\n<\/tr>\n<\/tbody>\n<\/table>\n<h2>Hur du l\u00e4r dig m\u00e5nader p\u00e5 franska effektivt<\/h2>\n<p><a href=\"https:\/\/talkpal.ai\/culture\/how-do-i-use-det-finns-correctly\/\">Det finns<\/a> flera metoder f\u00f6r att snabbt och effektivt l\u00e4ra sig m\u00e5nader p\u00e5 franska. H\u00e4r \u00e4r n\u00e5gra tips som kan hj\u00e4lpa dig att memorera och anv\u00e4nda dem i praktiken:<\/p>\n<ul>\n<li><strong>Repetera regelbundet:<\/strong> Anv\u00e4nd flashcards eller appar som Talkpal f\u00f6r att repetera m\u00e5naderna varje dag.<\/li>\n<li><strong>Skapa associationer:<\/strong> Koppla varje m\u00e5nad till en bild, h\u00e4ndelse eller h\u00f6gtid som g\u00f6r det l\u00e4ttare att minnas.<\/li>\n<li><strong>\u00d6va uttal:<\/strong> Lyssna p\u00e5 franska inl\u00e4rare och f\u00f6rs\u00f6k h\u00e4rma uttalet f\u00f6r att f\u00f6rb\u00e4ttra din egen talf\u00f6rm\u00e5ga.<\/li>\n<li><strong>Anv\u00e4nd m\u00e5naderna i meningar:<\/strong> Skriv eller <a href=\"https:\/\/talkpal.ai\/locations\/language-courses-in-prata\/\">prata<\/a> om datum, din f\u00f6delsedag eller andra viktiga datum p\u00e5 franska.<\/li>\n<li><strong>Engagera dig med Talkpal:<\/strong> Talkpal erbjuder interaktiva \u00f6vningar och samtal som g\u00f6r spr\u00e5kinl\u00e4rningen mer engagerande och effektiv.<\/li>\n<\/ul>\n<h2>Skillnader och likheter i anv\u00e4ndning av m\u00e5nader p\u00e5 franska j\u00e4mf\u00f6rt med svenska<\/h2>\n<p>F\u00f6rutom att l\u00e4ra sig sj\u00e4lva orden \u00e4r det viktigt att f\u00f6rst\u00e5 hur m\u00e5nader anv\u00e4nds i franskan. H\u00e4r \u00e4r n\u00e5gra viktiga skillnader och likheter:<\/p>\n<h3>Stavning och stor bokstav<\/h3>\n<p>P\u00e5 franska skrivs m\u00e5nader alltid med liten bokstav, till skillnad fr\u00e5n svenskan d\u00e4r m\u00e5nader skrivs med stor bokstav i b\u00f6rjan:<\/p>\n<ul>\n<li>Franska: janvier, f\u00e9vrier, mars<\/li>\n<li>Svenska: Januari, Februari, Mars<\/li>\n<\/ul>\n<h3>Anv\u00e4ndning med datum<\/h3>\n<p>N\u00e4r man uttrycker datum p\u00e5 franska anv\u00e4nds ofta prepositionen <em>en<\/em> framf\u00f6r m\u00e5nader, till exempel:<\/p>\n<ul>\n<li>Je suis n\u00e9 <strong>en<\/strong> janvier. (Jag \u00e4r f\u00f6dd i januari.)<\/li>\n<li>Nous partons <strong>en<\/strong> ao\u00fbt. (Vi \u00e5ker i augusti.)<\/li>\n<\/ul>\n<p>Notera att prepositionen <em>en<\/em> alltid anv\u00e4nds med m\u00e5nader, medan p\u00e5 svenska anv\u00e4nds prepositionen <em>i<\/em>.<\/p>\n<h3>Uttal och regionala variationer<\/h3>\n<p>Uttalet av m\u00e5nader kan variera n\u00e5got beroende p\u00e5 region i Frankrike eller andra fransktalande l\u00e4nder, men det finns en standard som rekommenderas f\u00f6r spr\u00e5kinl\u00e4rare. Det \u00e4r <a href=\"https:\/\/talkpal.ai\/locations\/learn-english-in-bra\/\">bra<\/a> att lyssna p\u00e5 olika talare f\u00f6r att v\u00e4nja sig vid variationer.<\/p>\n<h2>Praktiska exempel p\u00e5 meningar med m\u00e5nader p\u00e5 franska<\/h2>\n<p>Att kunna anv\u00e4nda m\u00e5nader i fullst\u00e4ndiga meningar \u00e4r ett viktigt steg i spr\u00e5kinl\u00e4rningen. H\u00e4r \u00e4r n\u00e5gra exempel p\u00e5 hur du kan formulera dig:<\/p>\n<ul>\n<li>Le concert aura lieu <strong>en<\/strong> septembre. (Konserten kommer att \u00e4ga rum i september.)<\/li>\n<li>Nous sommes en <strong>mars<\/strong>. (Vi \u00e4r i mars.)<\/li>\n<li>Mon anniversaire est <strong>en<\/strong> juillet. (Min f\u00f6delsedag \u00e4r i juli.)<\/li>\n<li>Les vacances commencent <strong>en<\/strong> ao\u00fbt. (Semestern b\u00f6rjar i augusti.)<\/li>\n<li>Je pars en France <strong>en<\/strong> avril. (Jag \u00e5ker till Frankrike i april.)<\/li>\n<\/ul>\n<h2>Hur Talkpal kan hj\u00e4lpa dig att l\u00e4ra dig m\u00e5nader p\u00e5 franska<\/h2>\n<p>Talkpal \u00e4r en app och plattform specialiserad p\u00e5 spr\u00e5kinl\u00e4rning som erbjuder interaktiva verktyg f\u00f6r att l\u00e4ra sig franska p\u00e5 ett roligt och effektivt s\u00e4tt. Genom att anv\u00e4nda Talkpal f\u00e5r du:<\/p>\n<ul>\n<li>Personliga \u00f6vningar f\u00f6r att memorera m\u00e5nader p\u00e5 franska.<\/li>\n<li>Interaktiva samtal med modersm\u00e5lstalare f\u00f6r att \u00f6va uttal och konversation.<\/li>\n<li>Spel och quiz som f\u00f6rst\u00e4rker inl\u00e4rningen genom repetition.<\/li>\n<li>Flexibilitet att l\u00e4ra dig n\u00e4r och var som helst, vilket g\u00f6r det l\u00e4ttare att integrera spr\u00e5kinl\u00e4rning i din vardag.<\/li>\n<\/ul>\n<p>Med Talkpal kan du kombinera traditionell memorering med praktisk anv\u00e4ndning, vilket \u00e4r nyckeln till att verkligen beh\u00e4rska m\u00e5nader p\u00e5 franska.<\/p>\n<h2>Sammanfattning<\/h2>\n<p>Att l\u00e4ra sig m\u00e5nader p\u00e5 franska \u00e4r ett viktigt steg f\u00f6r alla som vill f\u00f6rb\u00e4ttra sin spr\u00e5kkunskap och kunna kommunicera effektivt i olika sammanhang. Genom att f\u00f6rst\u00e5 skillnader i stavning, uttal och anv\u00e4ndning kan du undvika vanliga misstag och bli mer sj\u00e4lvs\u00e4ker i ditt tal och skrift. Med verktyg som Talkpal f\u00e5r du en strukturerad och engagerande inl\u00e4rningsupplevelse som hj\u00e4lper dig att snabbt l\u00e4ra dig m\u00e5nader p\u00e5 franska och anv\u00e4nda dem i praktiken. Oavsett om du \u00e4r nyb\u00f6rjare eller vill f\u00f6rb\u00e4ttra dina f\u00e4rdigheter \u00e4r m\u00e5nader en grundl\u00e4ggande byggsten i din franska spr\u00e5kkunskap.<\/p>\n","protected":false},"excerpt":{"rendered":"<p>Att l\u00e4ra sig m\u00e5nader p\u00e5 franska \u00e4r en grundl\u00e4ggande del av spr\u00e5kinl\u00e4rningen och kan \u00f6ppna d\u00f6rrar till b\u00e4ttre kommunikation och f\u00f6rst\u00e5else f\u00f6r b\u00e5de vardagliga samtal och kulturella sammanhang. Genom att beh\u00e4rska m\u00e5nadernas namn f\u00e5r du inte bara m\u00f6jlighet att uttrycka datum och tider korrekt, utan du f\u00e5r ocks\u00e5 en djupare inblick i den franska kalendern [&hellip;]<\/p>\n","protected":false},"author":0,"featured_media":1527649,"comment_status":"","ping_status":"open","sticky":false,"template":"","format":"standard","meta":{"_acf_changed":false,"footnotes":""},"categories":[21311],"tags":[],"class_list":["post-1430505","post","type-post","status-publish","format-standard","has-post-thumbnail","hentry","category-insikter-om-sprakinlarning"],"acf":[],"yoast_head":"<!-- This site is optimized with the Yoast SEO Premium plugin v27.2 (Yoast SEO v27.2) - https:\/\/yoast.com\/product\/yoast-seo-premium-wordpress\/ -->\n<title>L\u00e4r dig m\u00e5nader p\u00e5 franska enkelt och snabbt! - Talkpal<\/title>\n<meta name=\"description\" content=\"Att l\u00e4ra sig m\u00e5nader p\u00e5 franska \u00e4r en grundl\u00e4ggande del av spr\u00e5kinl\u00e4rningen och kan \u00f6ppna d\u00f6rrar till b\u00e4ttre kommunikation och f\u00f6rst\u00e5else f\u00f6r b\u00e5de\" \/>\n<meta name=\"robots\" content=\"index, follow, max-snippet:-1, max-image-preview:large, max-video-preview:-1\" \/>\n<link rel=\"canonical\" href=\"https:\/\/talkpal.ai\/sv\/lar-dig-manader-pa-franska-enkelt-och-snabbt\/\" \/>\n<meta property=\"og:locale\" content=\"sv_SE\" \/>\n<meta property=\"og:type\" content=\"article\" \/>\n<meta property=\"og:title\" content=\"L\u00e4r dig m\u00e5nader p\u00e5 franska enkelt och snabbt!\" \/>\n<meta property=\"og:description\" content=\"Att l\u00e4ra sig m\u00e5nader p\u00e5 franska \u00e4r en grundl\u00e4ggande del av spr\u00e5kinl\u00e4rningen och kan \u00f6ppna d\u00f6rrar till b\u00e4ttre kommunikation och f\u00f6rst\u00e5else f\u00f6r b\u00e5de\" \/>\n<meta property=\"og:url\" content=\"https:\/\/talkpal.ai\/sv\/lar-dig-manader-pa-franska-enkelt-och-snabbt\/\" \/>\n<meta property=\"og:site_name\" content=\"Talkpal\" \/>\n<meta property=\"article:publisher\" content=\"https:\/\/www.facebook.com\/profile.php?id=100090733639311\" \/>\n<meta property=\"article:published_time\" content=\"2025-07-18T03:13:44+00:00\" \/>\n<meta property=\"og:image\" content=\"https:\/\/talkpal.ai\/wp-content\/uploads\/2025\/02\/Progress-tab-16_9.png\" \/>\n\t<meta property=\"og:image:width\" content=\"2880\" \/>\n\t<meta property=\"og:image:height\" content=\"1620\" \/>\n\t<meta property=\"og:image:type\" content=\"image\/png\" \/>\n<meta name=\"twitter:card\" content=\"summary_large_image\" \/>\n<meta name=\"twitter:creator\" content=\"@talkpalai\" \/>\n<meta name=\"twitter:site\" content=\"@talkpalai\" \/>\n<meta name=\"twitter:label1\" content=\"Ber\u00e4knad l\u00e4stid\" \/>\n\t<meta name=\"twitter:data1\" content=\"5 minuter\" \/>\n<script type=\"application\/ld+json\" class=\"yoast-schema-graph\">{\"@context\":\"https:\/\/schema.org\",\"@graph\":[{\"@type\":\"Article\",\"@id\":\"https:\/\/talkpal.ai\/sv\/lar-dig-manader-pa-franska-enkelt-och-snabbt\/#article\",\"isPartOf\":{\"@id\":\"https:\/\/talkpal.ai\/sv\/lar-dig-manader-pa-franska-enkelt-och-snabbt\/\"},\"author\":{\"name\":\"\",\"@id\":\"\"},\"headline\":\"L\u00e4r dig m\u00e5nader p\u00e5 franska enkelt och snabbt!\",\"datePublished\":\"2025-07-18T03:13:44+00:00\",\"mainEntityOfPage\":{\"@id\":\"https:\/\/talkpal.ai\/sv\/lar-dig-manader-pa-franska-enkelt-och-snabbt\/\"},\"wordCount\":983,\"publisher\":{\"@id\":\"https:\/\/talkpal.ai\/sv\/#organization\"},\"image\":{\"@id\":\"https:\/\/talkpal.ai\/sv\/lar-dig-manader-pa-franska-enkelt-och-snabbt\/#primaryimage\"},\"thumbnailUrl\":\"https:\/\/talkpal.ai\/wp-content\/uploads\/2025\/12\/five-students-discussing-to-learn-languages.webp\",\"articleSection\":[\"Insikter om spr\u00e5kinl\u00e4rning\"],\"inLanguage\":\"sv-SE\"},{\"@type\":\"WebPage\",\"@id\":\"https:\/\/talkpal.ai\/sv\/lar-dig-manader-pa-franska-enkelt-och-snabbt\/\",\"url\":\"https:\/\/talkpal.ai\/sv\/lar-dig-manader-pa-franska-enkelt-och-snabbt\/\",\"name\":\"L\u00e4r dig m\u00e5nader p\u00e5 franska enkelt och snabbt! - Talkpal\",\"isPartOf\":{\"@id\":\"https:\/\/talkpal.ai\/sv\/#website\"},\"primaryImageOfPage\":{\"@id\":\"https:\/\/talkpal.ai\/sv\/lar-dig-manader-pa-franska-enkelt-och-snabbt\/#primaryimage\"},\"image\":{\"@id\":\"https:\/\/talkpal.ai\/sv\/lar-dig-manader-pa-franska-enkelt-och-snabbt\/#primaryimage\"},\"thumbnailUrl\":\"https:\/\/talkpal.ai\/wp-content\/uploads\/2025\/12\/five-students-discussing-to-learn-languages.webp\",\"datePublished\":\"2025-07-18T03:13:44+00:00\",\"description\":\"Att l\u00e4ra sig m\u00e5nader p\u00e5 franska \u00e4r en grundl\u00e4ggande del av spr\u00e5kinl\u00e4rningen och kan \u00f6ppna d\u00f6rrar till b\u00e4ttre kommunikation och f\u00f6rst\u00e5else f\u00f6r b\u00e5de\",\"breadcrumb\":{\"@id\":\"https:\/\/talkpal.ai\/sv\/lar-dig-manader-pa-franska-enkelt-och-snabbt\/#breadcrumb\"},\"inLanguage\":\"sv-SE\",\"potentialAction\":[{\"@type\":\"ReadAction\",\"target\":[\"https:\/\/talkpal.ai\/sv\/lar-dig-manader-pa-franska-enkelt-och-snabbt\/\"]}]},{\"@type\":\"ImageObject\",\"inLanguage\":\"sv-SE\",\"@id\":\"https:\/\/talkpal.ai\/sv\/lar-dig-manader-pa-franska-enkelt-och-snabbt\/#primaryimage\",\"url\":\"https:\/\/talkpal.ai\/wp-content\/uploads\/2025\/12\/five-students-discussing-to-learn-languages.webp\",\"contentUrl\":\"https:\/\/talkpal.ai\/wp-content\/uploads\/2025\/12\/five-students-discussing-to-learn-languages.webp\",\"width\":1200,\"height\":896,\"caption\":\"A group of five friends talk and study together while learning languages in a bright room.\"},{\"@type\":\"BreadcrumbList\",\"@id\":\"https:\/\/talkpal.ai\/sv\/lar-dig-manader-pa-franska-enkelt-och-snabbt\/#breadcrumb\",\"itemListElement\":[{\"@type\":\"ListItem\",\"position\":1,\"name\":\"Homepage\",\"item\":\"https:\/\/talkpal.ai\/sv\/\"},{\"@type\":\"ListItem\",\"position\":2,\"name\":\"L\u00e4r dig m\u00e5nader p\u00e5 franska enkelt och snabbt!\"}]},{\"@type\":\"WebSite\",\"@id\":\"https:\/\/talkpal.ai\/sv\/#website\",\"url\":\"https:\/\/talkpal.ai\/sv\/\",\"name\":\"Talkpal\",\"description\":\"AI Language Learning\",\"publisher\":{\"@id\":\"https:\/\/talkpal.ai\/sv\/#organization\"},\"alternateName\":\"Talkpal AI\",\"potentialAction\":[{\"@type\":\"SearchAction\",\"target\":{\"@type\":\"EntryPoint\",\"urlTemplate\":\"https:\/\/talkpal.ai\/sv\/?s={search_term_string}\"},\"query-input\":{\"@type\":\"PropertyValueSpecification\",\"valueRequired\":true,\"valueName\":\"search_term_string\"}}],\"inLanguage\":\"sv-SE\"},{\"@type\":\"Organization\",\"@id\":\"https:\/\/talkpal.ai\/sv\/#organization\",\"name\":\"Talkpal, Inc.\",\"alternateName\":\"Talkpal AI\",\"url\":\"https:\/\/talkpal.ai\/sv\/\",\"logo\":{\"@type\":\"ImageObject\",\"inLanguage\":\"sv-SE\",\"@id\":\"https:\/\/talkpal.ai\/sv\/#\/schema\/logo\/image\/\",\"url\":\"https:\/\/talkpal.ai\/wp-content\/uploads\/2024\/03\/Talkpal-Logo-Icon.png\",\"contentUrl\":\"https:\/\/talkpal.ai\/wp-content\/uploads\/2024\/03\/Talkpal-Logo-Icon.png\",\"width\":2880,\"height\":2880,\"caption\":\"Talkpal, Inc.\"},\"image\":{\"@id\":\"https:\/\/talkpal.ai\/sv\/#\/schema\/logo\/image\/\"},\"sameAs\":[\"https:\/\/www.facebook.com\/profile.php?id=100090733639311\",\"https:\/\/x.com\/talkpalai\",\"https:\/\/www.linkedin.com\/company\/talkpal\/\",\"https:\/\/www.youtube.com\/@TalkPal\/\",\"https:\/\/www.tiktok.com\/@talkpal\",\"https:\/\/www.instagram.com\/talkpal_ai\/\",\"https:\/\/www.crunchbase.com\/organization\/talkpal-9cde\",\"https:\/\/www.g2.com\/products\/talkpal-for-business\/\",\"https:\/\/www.trustpilot.com\/review\/talkpal.ai\",\"https:\/\/www.capterra.com\/p\/10006800\/TalkPal\/\"],\"description\":\"Talkpal is a language learning web and mobile education app, powered by the latest AI technologies, that provides engaging experiences to its customers in many different languages to help them improve their language skills. Users can chat about unlimited amount of topics with the app and use other modes to practice their language learning.\",\"email\":\"support@talkpal.ai\",\"legalName\":\"Talkpal, Inc.\",\"foundingDate\":\"2023-04-03\",\"duns\":\"118989042\",\"numberOfEmployees\":{\"@type\":\"QuantitativeValue\",\"minValue\":\"11\",\"maxValue\":\"50\"},\"publishingPrinciples\":\"https:\/\/talkpal.ai\/publishing-principles\/\",\"actionableFeedbackPolicy\":\"https:\/\/talkpal.ai\/actionable-feedback-policy\/\",\"correctionsPolicy\":\"https:\/\/talkpal.ai\/corrections-policy\/\",\"ethicsPolicy\":\"https:\/\/talkpal.ai\/ethics-policy\/\",\"diversityPolicy\":\"https:\/\/talkpal.ai\/diversity-policy\/\",\"diversityStaffingReport\":\"https:\/\/talkpal.ai\/diversity-policy\/\"}]}<\/script>\n<!-- \/ Yoast SEO Premium plugin. -->","yoast_head_json":{"title":"L\u00e4r dig m\u00e5nader p\u00e5 franska enkelt och snabbt! - Talkpal","description":"Att l\u00e4ra sig m\u00e5nader p\u00e5 franska \u00e4r en grundl\u00e4ggande del av spr\u00e5kinl\u00e4rningen och kan \u00f6ppna d\u00f6rrar till b\u00e4ttre kommunikation och f\u00f6rst\u00e5else f\u00f6r b\u00e5de","robots":{"index":"index","follow":"follow","max-snippet":"max-snippet:-1","max-image-preview":"max-image-preview:large","max-video-preview":"max-video-preview:-1"},"canonical":"https:\/\/talkpal.ai\/sv\/lar-dig-manader-pa-franska-enkelt-och-snabbt\/","og_locale":"sv_SE","og_type":"article","og_title":"L\u00e4r dig m\u00e5nader p\u00e5 franska enkelt och snabbt!","og_description":"Att l\u00e4ra sig m\u00e5nader p\u00e5 franska \u00e4r en grundl\u00e4ggande del av spr\u00e5kinl\u00e4rningen och kan \u00f6ppna d\u00f6rrar till b\u00e4ttre kommunikation och f\u00f6rst\u00e5else f\u00f6r b\u00e5de","og_url":"https:\/\/talkpal.ai\/sv\/lar-dig-manader-pa-franska-enkelt-och-snabbt\/","og_site_name":"Talkpal","article_publisher":"https:\/\/www.facebook.com\/profile.php?id=100090733639311","article_published_time":"2025-07-18T03:13:44+00:00","og_image":[{"width":2880,"height":1620,"url":"https:\/\/talkpal.ai\/wp-content\/uploads\/2025\/02\/Progress-tab-16_9.png","type":"image\/png"}],"twitter_card":"summary_large_image","twitter_creator":"@talkpalai","twitter_site":"@talkpalai","twitter_misc":{"Ber\u00e4knad l\u00e4stid":"5 minuter"},"schema":{"@context":"https:\/\/schema.org","@graph":[{"@type":"Article","@id":"https:\/\/talkpal.ai\/sv\/lar-dig-manader-pa-franska-enkelt-och-snabbt\/#article","isPartOf":{"@id":"https:\/\/talkpal.ai\/sv\/lar-dig-manader-pa-franska-enkelt-och-snabbt\/"},"author":{"name":"","@id":""},"headline":"L\u00e4r dig m\u00e5nader p\u00e5 franska enkelt och snabbt!","datePublished":"2025-07-18T03:13:44+00:00","mainEntityOfPage":{"@id":"https:\/\/talkpal.ai\/sv\/lar-dig-manader-pa-franska-enkelt-och-snabbt\/"},"wordCount":983,"publisher":{"@id":"https:\/\/talkpal.ai\/sv\/#organization"},"image":{"@id":"https:\/\/talkpal.ai\/sv\/lar-dig-manader-pa-franska-enkelt-och-snabbt\/#primaryimage"},"thumbnailUrl":"https:\/\/talkpal.ai\/wp-content\/uploads\/2025\/12\/five-students-discussing-to-learn-languages.webp","articleSection":["Insikter om spr\u00e5kinl\u00e4rning"],"inLanguage":"sv-SE"},{"@type":"WebPage","@id":"https:\/\/talkpal.ai\/sv\/lar-dig-manader-pa-franska-enkelt-och-snabbt\/","url":"https:\/\/talkpal.ai\/sv\/lar-dig-manader-pa-franska-enkelt-och-snabbt\/","name":"L\u00e4r dig m\u00e5nader p\u00e5 franska enkelt och snabbt! - Talkpal","isPartOf":{"@id":"https:\/\/talkpal.ai\/sv\/#website"},"primaryImageOfPage":{"@id":"https:\/\/talkpal.ai\/sv\/lar-dig-manader-pa-franska-enkelt-och-snabbt\/#primaryimage"},"image":{"@id":"https:\/\/talkpal.ai\/sv\/lar-dig-manader-pa-franska-enkelt-och-snabbt\/#primaryimage"},"thumbnailUrl":"https:\/\/talkpal.ai\/wp-content\/uploads\/2025\/12\/five-students-discussing-to-learn-languages.webp","datePublished":"2025-07-18T03:13:44+00:00","description":"Att l\u00e4ra sig m\u00e5nader p\u00e5 franska \u00e4r en grundl\u00e4ggande del av spr\u00e5kinl\u00e4rningen och kan \u00f6ppna d\u00f6rrar till b\u00e4ttre kommunikation och f\u00f6rst\u00e5else f\u00f6r b\u00e5de","breadcrumb":{"@id":"https:\/\/talkpal.ai\/sv\/lar-dig-manader-pa-franska-enkelt-och-snabbt\/#breadcrumb"},"inLanguage":"sv-SE","potentialAction":[{"@type":"ReadAction","target":["https:\/\/talkpal.ai\/sv\/lar-dig-manader-pa-franska-enkelt-och-snabbt\/"]}]},{"@type":"ImageObject","inLanguage":"sv-SE","@id":"https:\/\/talkpal.ai\/sv\/lar-dig-manader-pa-franska-enkelt-och-snabbt\/#primaryimage","url":"https:\/\/talkpal.ai\/wp-content\/uploads\/2025\/12\/five-students-discussing-to-learn-languages.webp","contentUrl":"https:\/\/talkpal.ai\/wp-content\/uploads\/2025\/12\/five-students-discussing-to-learn-languages.webp","width":1200,"height":896,"caption":"A group of five friends talk and study together while learning languages in a bright room."},{"@type":"BreadcrumbList","@id":"https:\/\/talkpal.ai\/sv\/lar-dig-manader-pa-franska-enkelt-och-snabbt\/#breadcrumb","itemListElement":[{"@type":"ListItem","position":1,"name":"Homepage","item":"https:\/\/talkpal.ai\/sv\/"},{"@type":"ListItem","position":2,"name":"L\u00e4r dig m\u00e5nader p\u00e5 franska enkelt och snabbt!"}]},{"@type":"WebSite","@id":"https:\/\/talkpal.ai\/sv\/#website","url":"https:\/\/talkpal.ai\/sv\/","name":"Talkpal","description":"AI Language Learning","publisher":{"@id":"https:\/\/talkpal.ai\/sv\/#organization"},"alternateName":"Talkpal AI","potentialAction":[{"@type":"SearchAction","target":{"@type":"EntryPoint","urlTemplate":"https:\/\/talkpal.ai\/sv\/?s={search_term_string}"},"query-input":{"@type":"PropertyValueSpecification","valueRequired":true,"valueName":"search_term_string"}}],"inLanguage":"sv-SE"},{"@type":"Organization","@id":"https:\/\/talkpal.ai\/sv\/#organization","name":"Talkpal, Inc.","alternateName":"Talkpal AI","url":"https:\/\/talkpal.ai\/sv\/","logo":{"@type":"ImageObject","inLanguage":"sv-SE","@id":"https:\/\/talkpal.ai\/sv\/#\/schema\/logo\/image\/","url":"https:\/\/talkpal.ai\/wp-content\/uploads\/2024\/03\/Talkpal-Logo-Icon.png","contentUrl":"https:\/\/talkpal.ai\/wp-content\/uploads\/2024\/03\/Talkpal-Logo-Icon.png","width":2880,"height":2880,"caption":"Talkpal, Inc."},"image":{"@id":"https:\/\/talkpal.ai\/sv\/#\/schema\/logo\/image\/"},"sameAs":["https:\/\/www.facebook.com\/profile.php?id=100090733639311","https:\/\/x.com\/talkpalai","https:\/\/www.linkedin.com\/company\/talkpal\/","https:\/\/www.youtube.com\/@TalkPal\/","https:\/\/www.tiktok.com\/@talkpal","https:\/\/www.instagram.com\/talkpal_ai\/","https:\/\/www.crunchbase.com\/organization\/talkpal-9cde","https:\/\/www.g2.com\/products\/talkpal-for-business\/","https:\/\/www.trustpilot.com\/review\/talkpal.ai","https:\/\/www.capterra.com\/p\/10006800\/TalkPal\/"],"description":"Talkpal is a language learning web and mobile education app, powered by the latest AI technologies, that provides engaging experiences to its customers in many different languages to help them improve their language skills. Users can chat about unlimited amount of topics with the app and use other modes to practice their language learning.","email":"support@talkpal.ai","legalName":"Talkpal, Inc.","foundingDate":"2023-04-03","duns":"118989042","numberOfEmployees":{"@type":"QuantitativeValue","minValue":"11","maxValue":"50"},"publishingPrinciples":"https:\/\/talkpal.ai\/publishing-principles\/","actionableFeedbackPolicy":"https:\/\/talkpal.ai\/actionable-feedback-policy\/","correctionsPolicy":"https:\/\/talkpal.ai\/corrections-policy\/","ethicsPolicy":"https:\/\/talkpal.ai\/ethics-policy\/","diversityPolicy":"https:\/\/talkpal.ai\/diversity-policy\/","diversityStaffingReport":"https:\/\/talkpal.ai\/diversity-policy\/"}]}},"_links":{"self":[{"href":"https:\/\/talkpal.ai\/sv\/wp-json\/wp\/v2\/posts\/1430505","targetHints":{"allow":["GET"]}}],"collection":[{"href":"https:\/\/talkpal.ai\/sv\/wp-json\/wp\/v2\/posts"}],"about":[{"href":"https:\/\/talkpal.ai\/sv\/wp-json\/wp\/v2\/types\/post"}],"replies":[{"embeddable":true,"href":"https:\/\/talkpal.ai\/sv\/wp-json\/wp\/v2\/comments?post=1430505"}],"version-history":[{"count":0,"href":"https:\/\/talkpal.ai\/sv\/wp-json\/wp\/v2\/posts\/1430505\/revisions"}],"wp:featuredmedia":[{"embeddable":true,"href":"https:\/\/talkpal.ai\/sv\/wp-json\/wp\/v2\/media\/1527649"}],"wp:attachment":[{"href":"https:\/\/talkpal.ai\/sv\/wp-json\/wp\/v2\/media?parent=1430505"}],"wp:term":[{"taxonomy":"category","embeddable":true,"href":"https:\/\/talkpal.ai\/sv\/wp-json\/wp\/v2\/categories?post=1430505"},{"taxonomy":"post_tag","embeddable":true,"href":"https:\/\/talkpal.ai\/sv\/wp-json\/wp\/v2\/tags?post=1430505"}],"curies":[{"name":"wp","href":"https:\/\/api.w.org\/{rel}","templated":true}]}}