{"id":12963,"count":2,"description":"Te\u00f3ria pr\u00eddavn\u00fdch mien v nemeckej gramatike sa zameriava na pochopenie \u00falohy a pou\u017eitia pr\u00eddavn\u00fdch mien vo vet\u00e1ch. Pr\u00eddavn\u00e9 men\u00e1 v nem\u010dine zohr\u00e1vaj\u00fa k\u013e\u00fa\u010dov\u00fa \u00falohu pri opise a \u00faprave podstatn\u00fdch mien. S\u00fahlasia s rodom, \u010d\u00edslom a p\u00e1dom podstatn\u00e9ho mena, s ktor\u00fdm s\u00fa spojen\u00e9.\n\nJedn\u00fdm z k\u013e\u00fa\u010dov\u00fdch aspektov te\u00f3rie pr\u00eddavn\u00fdch mien je koncept siln\u00e9ho a slab\u00e9ho sklo\u0148ovania. Pr\u00eddavn\u00e9 men\u00e1 vo svojej z\u00e1kladnej forme maj\u00fa slab\u00e9 sklo\u0148ovanie, ke\u010f im predch\u00e1dzaj\u00fa ur\u010dit\u00e9 \u010dleny alebo in\u00e9 determinanty, \u010do vykazuje zhodu s rodom a p\u00e1dom. Na druhej strane, siln\u00e9 sklo\u0148ovanie sa pou\u017e\u00edva, ke\u010f pred pr\u00eddavn\u00fdm menom nie s\u00fa \u017eiadne ur\u010dit\u00e9 \u010dleny alebo determinanty a pr\u00eddavn\u00e9 meno mus\u00ed ozna\u010dova\u0165 rod, \u010d\u00edslo a p\u00e1d.\n\nPraktick\u00e9 aplik\u00e1cie te\u00f3rie pr\u00eddavn\u00fdch mien zah\u0155\u0148aj\u00fa pochopenie sklo\u0148ovania pr\u00eddavn\u00fdch mien v z\u00e1vislosti od p\u00e1du podstatn\u00e9ho mena, ktor\u00e9 upravuj\u00fa, ako aj tvorbu komparat\u00edvnych a superlat\u00edvnych tvarov. Okrem toho je d\u00f4le\u017eit\u00e9 pozna\u0165 \u0161pecifick\u00e9 pravidl\u00e1 pre koncovky pr\u00eddavn\u00fdch mien na z\u00e1klade rodu, \u010d\u00edsla a p\u00e1du podstatn\u00e9ho mena.\n\nCelkovo je sol\u00eddne pochopenie te\u00f3rie pr\u00eddavn\u00fdch mien v nemeckej gramatike nevyhnutn\u00e9 na vytv\u00e1ranie gramaticky spr\u00e1vnych a s\u00favisl\u00fdch viet.","link":"https:\/\/talkpal.ai\/sk\/language\/pridavne-mena-nemecka-gramatika\/","name":"Pr\u00eddavn\u00e9 men\u00e1 - nemeck\u00e1 gramatika","slug":"pridavne-mena-nemecka-gramatika","taxonomy":"language","parent":12958,"meta":[],"acf":[],"yoast_head":"<!-- This site is optimized with the Yoast SEO Premium plugin v27.2 (Yoast SEO v27.2) - https:\/\/yoast.com\/product\/yoast-seo-premium-wordpress\/ -->\n<title>Pr\u00eddavn\u00e9 men\u00e1 - nemeck\u00e1 gramatika - Talkpal<\/title>\n<meta name=\"description\" content=\"Te\u00f3ria pr\u00eddavn\u00fdch mien v nemeckej gramatike sa zameriava na pochopenie \u00falohy a pou\u017eitia pr\u00eddavn\u00fdch mien vo vet\u00e1ch. Pr\u00eddavn\u00e9 men\u00e1 v nem\u010dine zohr\u00e1vaj\u00fa k\u013e\u00fa\u010dov\u00fa \u00falohu pri opise a \u00faprave podstatn\u00fdch mien. S\u00fahlasia s rodom, \u010d\u00edslom a p\u00e1dom podstatn\u00e9ho mena, s ktor\u00fdm s\u00fa spojen\u00e9. Jedn\u00fdm z k\u013e\u00fa\u010dov\u00fdch aspektov te\u00f3rie pr\u00eddavn\u00fdch mien je koncept siln\u00e9ho a slab\u00e9ho sklo\u0148ovania. Pr\u00eddavn\u00e9 men\u00e1 vo svojej z\u00e1kladnej forme maj\u00fa slab\u00e9 sklo\u0148ovanie, ke\u010f im predch\u00e1dzaj\u00fa ur\u010dit\u00e9 \u010dleny alebo in\u00e9 determinanty, \u010do vykazuje zhodu s rodom a p\u00e1dom. Na druhej strane, siln\u00e9 sklo\u0148ovanie sa pou\u017e\u00edva, ke\u010f pred pr\u00eddavn\u00fdm menom nie s\u00fa \u017eiadne ur\u010dit\u00e9 \u010dleny alebo determinanty a pr\u00eddavn\u00e9 meno mus\u00ed ozna\u010dova\u0165 rod, \u010d\u00edslo a p\u00e1d. Praktick\u00e9 aplik\u00e1cie te\u00f3rie pr\u00eddavn\u00fdch mien zah\u0155\u0148aj\u00fa pochopenie sklo\u0148ovania pr\u00eddavn\u00fdch mien v z\u00e1vislosti od p\u00e1du podstatn\u00e9ho mena, ktor\u00e9 upravuj\u00fa, ako aj tvorbu komparat\u00edvnych a superlat\u00edvnych tvarov. Okrem toho je d\u00f4le\u017eit\u00e9 pozna\u0165 \u0161pecifick\u00e9 pravidl\u00e1 pre koncovky pr\u00eddavn\u00fdch mien na z\u00e1klade rodu, \u010d\u00edsla a p\u00e1du podstatn\u00e9ho mena. Celkovo je sol\u00eddne pochopenie te\u00f3rie pr\u00eddavn\u00fdch mien v nemeckej gramatike nevyhnutn\u00e9 na vytv\u00e1ranie gramaticky spr\u00e1vnych a s\u00favisl\u00fdch viet.\" \/>\n<meta name=\"robots\" content=\"index, follow, max-snippet:-1, max-image-preview:large, max-video-preview:-1\" \/>\n<link rel=\"canonical\" href=\"https:\/\/talkpal.ai\/sk\/language\/pridavne-mena-nemecka-gramatika\/\" \/>\n<meta property=\"og:locale\" content=\"sk_SK\" \/>\n<meta property=\"og:type\" content=\"article\" \/>\n<meta property=\"og:title\" content=\"Pr\u00eddavn\u00e9 men\u00e1 - nemeck\u00e1 gramatika Archives\" \/>\n<meta property=\"og:description\" content=\"Te\u00f3ria pr\u00eddavn\u00fdch mien v nemeckej gramatike sa zameriava na pochopenie \u00falohy a pou\u017eitia pr\u00eddavn\u00fdch mien vo vet\u00e1ch. Pr\u00eddavn\u00e9 men\u00e1 v nem\u010dine zohr\u00e1vaj\u00fa k\u013e\u00fa\u010dov\u00fa \u00falohu pri opise a \u00faprave podstatn\u00fdch mien. S\u00fahlasia s rodom, \u010d\u00edslom a p\u00e1dom podstatn\u00e9ho mena, s ktor\u00fdm s\u00fa spojen\u00e9. Jedn\u00fdm z k\u013e\u00fa\u010dov\u00fdch aspektov te\u00f3rie pr\u00eddavn\u00fdch mien je koncept siln\u00e9ho a slab\u00e9ho sklo\u0148ovania. Pr\u00eddavn\u00e9 men\u00e1 vo svojej z\u00e1kladnej forme maj\u00fa slab\u00e9 sklo\u0148ovanie, ke\u010f im predch\u00e1dzaj\u00fa ur\u010dit\u00e9 \u010dleny alebo in\u00e9 determinanty, \u010do vykazuje zhodu s rodom a p\u00e1dom. Na druhej strane, siln\u00e9 sklo\u0148ovanie sa pou\u017e\u00edva, ke\u010f pred pr\u00eddavn\u00fdm menom nie s\u00fa \u017eiadne ur\u010dit\u00e9 \u010dleny alebo determinanty a pr\u00eddavn\u00e9 meno mus\u00ed ozna\u010dova\u0165 rod, \u010d\u00edslo a p\u00e1d. Praktick\u00e9 aplik\u00e1cie te\u00f3rie pr\u00eddavn\u00fdch mien zah\u0155\u0148aj\u00fa pochopenie sklo\u0148ovania pr\u00eddavn\u00fdch mien v z\u00e1vislosti od p\u00e1du podstatn\u00e9ho mena, ktor\u00e9 upravuj\u00fa, ako aj tvorbu komparat\u00edvnych a superlat\u00edvnych tvarov. Okrem toho je d\u00f4le\u017eit\u00e9 pozna\u0165 \u0161pecifick\u00e9 pravidl\u00e1 pre koncovky pr\u00eddavn\u00fdch mien na z\u00e1klade rodu, \u010d\u00edsla a p\u00e1du podstatn\u00e9ho mena. Celkovo je sol\u00eddne pochopenie te\u00f3rie pr\u00eddavn\u00fdch mien v nemeckej gramatike nevyhnutn\u00e9 na vytv\u00e1ranie gramaticky spr\u00e1vnych a s\u00favisl\u00fdch viet.\" \/>\n<meta property=\"og:url\" content=\"https:\/\/talkpal.ai\/sk\/language\/pridavne-mena-nemecka-gramatika\/\" \/>\n<meta property=\"og:site_name\" content=\"Talkpal\" \/>\n<meta property=\"og:image\" content=\"https:\/\/talkpal.ai\/wp-content\/uploads\/2024\/04\/Talkpal-Logo-Wordmark.png\" \/>\n\t<meta property=\"og:image:width\" content=\"2880\" \/>\n\t<meta property=\"og:image:height\" content=\"2880\" \/>\n\t<meta property=\"og:image:type\" content=\"image\/png\" \/>\n<meta name=\"twitter:card\" content=\"summary_large_image\" \/>\n<meta name=\"twitter:site\" content=\"@talkpalai\" \/>\n<script type=\"application\/ld+json\" class=\"yoast-schema-graph\">{\"@context\":\"https:\/\/schema.org\",\"@graph\":[{\"@type\":\"CollectionPage\",\"@id\":\"https:\/\/talkpal.ai\/sk\/language\/pridavne-mena-nemecka-gramatika\/\",\"url\":\"https:\/\/talkpal.ai\/sk\/language\/pridavne-mena-nemecka-gramatika\/\",\"name\":\"Pr\u00eddavn\u00e9 men\u00e1 - nemeck\u00e1 gramatika - Talkpal\",\"isPartOf\":{\"@id\":\"https:\/\/talkpal.ai\/sk\/#website\"},\"description\":\"Te\u00f3ria pr\u00eddavn\u00fdch mien v nemeckej gramatike sa zameriava na pochopenie \u00falohy a pou\u017eitia pr\u00eddavn\u00fdch mien vo vet\u00e1ch. Pr\u00eddavn\u00e9 men\u00e1 v nem\u010dine zohr\u00e1vaj\u00fa k\u013e\u00fa\u010dov\u00fa \u00falohu pri opise a \u00faprave podstatn\u00fdch mien. S\u00fahlasia s rodom, \u010d\u00edslom a p\u00e1dom podstatn\u00e9ho mena, s ktor\u00fdm s\u00fa spojen\u00e9. Jedn\u00fdm z k\u013e\u00fa\u010dov\u00fdch aspektov te\u00f3rie pr\u00eddavn\u00fdch mien je koncept siln\u00e9ho a slab\u00e9ho sklo\u0148ovania. Pr\u00eddavn\u00e9 men\u00e1 vo svojej z\u00e1kladnej forme maj\u00fa slab\u00e9 sklo\u0148ovanie, ke\u010f im predch\u00e1dzaj\u00fa ur\u010dit\u00e9 \u010dleny alebo in\u00e9 determinanty, \u010do vykazuje zhodu s rodom a p\u00e1dom. Na druhej strane, siln\u00e9 sklo\u0148ovanie sa pou\u017e\u00edva, ke\u010f pred pr\u00eddavn\u00fdm menom nie s\u00fa \u017eiadne ur\u010dit\u00e9 \u010dleny alebo determinanty a pr\u00eddavn\u00e9 meno mus\u00ed ozna\u010dova\u0165 rod, \u010d\u00edslo a p\u00e1d. Praktick\u00e9 aplik\u00e1cie te\u00f3rie pr\u00eddavn\u00fdch mien zah\u0155\u0148aj\u00fa pochopenie sklo\u0148ovania pr\u00eddavn\u00fdch mien v z\u00e1vislosti od p\u00e1du podstatn\u00e9ho mena, ktor\u00e9 upravuj\u00fa, ako aj tvorbu komparat\u00edvnych a superlat\u00edvnych tvarov. Okrem toho je d\u00f4le\u017eit\u00e9 pozna\u0165 \u0161pecifick\u00e9 pravidl\u00e1 pre koncovky pr\u00eddavn\u00fdch mien na z\u00e1klade rodu, \u010d\u00edsla a p\u00e1du podstatn\u00e9ho mena. Celkovo je sol\u00eddne pochopenie te\u00f3rie pr\u00eddavn\u00fdch mien v nemeckej gramatike nevyhnutn\u00e9 na vytv\u00e1ranie gramaticky spr\u00e1vnych a s\u00favisl\u00fdch viet.\",\"breadcrumb\":{\"@id\":\"https:\/\/talkpal.ai\/sk\/language\/pridavne-mena-nemecka-gramatika\/#breadcrumb\"},\"inLanguage\":\"sk-SK\"},{\"@type\":\"BreadcrumbList\",\"@id\":\"https:\/\/talkpal.ai\/sk\/language\/pridavne-mena-nemecka-gramatika\/#breadcrumb\",\"itemListElement\":[{\"@type\":\"ListItem\",\"position\":1,\"name\":\"Homepage\",\"item\":\"https:\/\/talkpal.ai\/sk\/\"},{\"@type\":\"ListItem\",\"position\":2,\"name\":\"Nem\u010dina\",\"item\":\"https:\/\/talkpal.ai\/sk\/language\/nemcina-sk\/\"},{\"@type\":\"ListItem\",\"position\":3,\"name\":\"Pr\u00eddavn\u00e9 men\u00e1 - nemeck\u00e1 gramatika\"}]},{\"@type\":\"WebSite\",\"@id\":\"https:\/\/talkpal.ai\/sk\/#website\",\"url\":\"https:\/\/talkpal.ai\/sk\/\",\"name\":\"Talkpal\",\"description\":\"AI Language Learning\",\"publisher\":{\"@id\":\"https:\/\/talkpal.ai\/sk\/#organization\"},\"alternateName\":\"Talkpal AI\",\"potentialAction\":[{\"@type\":\"SearchAction\",\"target\":{\"@type\":\"EntryPoint\",\"urlTemplate\":\"https:\/\/talkpal.ai\/sk\/?s={search_term_string}\"},\"query-input\":{\"@type\":\"PropertyValueSpecification\",\"valueRequired\":true,\"valueName\":\"search_term_string\"}}],\"inLanguage\":\"sk-SK\"},{\"@type\":\"Organization\",\"@id\":\"https:\/\/talkpal.ai\/sk\/#organization\",\"name\":\"Talkpal, Inc.\",\"alternateName\":\"Talkpal AI\",\"url\":\"https:\/\/talkpal.ai\/sk\/\",\"logo\":{\"@type\":\"ImageObject\",\"inLanguage\":\"sk-SK\",\"@id\":\"https:\/\/talkpal.ai\/sk\/#\/schema\/logo\/image\/\",\"url\":\"https:\/\/talkpal.ai\/wp-content\/uploads\/2024\/03\/Talkpal-Logo-Icon.png\",\"contentUrl\":\"https:\/\/talkpal.ai\/wp-content\/uploads\/2024\/03\/Talkpal-Logo-Icon.png\",\"width\":2880,\"height\":2880,\"caption\":\"Talkpal, Inc.\"},\"image\":{\"@id\":\"https:\/\/talkpal.ai\/sk\/#\/schema\/logo\/image\/\"},\"sameAs\":[\"https:\/\/www.facebook.com\/profile.php?id=100090733639311\",\"https:\/\/x.com\/talkpalai\",\"https:\/\/www.linkedin.com\/company\/talkpal\/\",\"https:\/\/www.youtube.com\/@TalkPal\/\",\"https:\/\/www.tiktok.com\/@talkpal\",\"https:\/\/www.instagram.com\/talkpal_ai\/\",\"https:\/\/www.crunchbase.com\/organization\/talkpal-9cde\",\"https:\/\/www.g2.com\/products\/talkpal-for-business\/\",\"https:\/\/www.trustpilot.com\/review\/talkpal.ai\",\"https:\/\/www.capterra.com\/p\/10006800\/TalkPal\/\"],\"description\":\"Talkpal is a language learning web and mobile education app, powered by the latest AI technologies, that provides engaging experiences to its customers in many different languages to help them improve their language skills. Users can chat about unlimited amount of topics with the app and use other modes to practice their language learning.\",\"email\":\"support@talkpal.ai\",\"legalName\":\"Talkpal, Inc.\",\"foundingDate\":\"2023-04-03\",\"duns\":\"118989042\",\"numberOfEmployees\":{\"@type\":\"QuantitativeValue\",\"minValue\":\"11\",\"maxValue\":\"50\"},\"publishingPrinciples\":\"https:\/\/talkpal.ai\/publishing-principles\/\",\"actionableFeedbackPolicy\":\"https:\/\/talkpal.ai\/actionable-feedback-policy\/\",\"correctionsPolicy\":\"https:\/\/talkpal.ai\/corrections-policy\/\",\"ethicsPolicy\":\"https:\/\/talkpal.ai\/ethics-policy\/\",\"diversityPolicy\":\"https:\/\/talkpal.ai\/diversity-policy\/\",\"diversityStaffingReport\":\"https:\/\/talkpal.ai\/diversity-policy\/\"}]}<\/script>\n<!-- \/ Yoast SEO Premium plugin. -->","yoast_head_json":{"title":"Pr\u00eddavn\u00e9 men\u00e1 - nemeck\u00e1 gramatika - Talkpal","description":"Te\u00f3ria pr\u00eddavn\u00fdch mien v nemeckej gramatike sa zameriava na pochopenie \u00falohy a pou\u017eitia pr\u00eddavn\u00fdch mien vo vet\u00e1ch. Pr\u00eddavn\u00e9 men\u00e1 v nem\u010dine zohr\u00e1vaj\u00fa k\u013e\u00fa\u010dov\u00fa \u00falohu pri opise a \u00faprave podstatn\u00fdch mien. S\u00fahlasia s rodom, \u010d\u00edslom a p\u00e1dom podstatn\u00e9ho mena, s ktor\u00fdm s\u00fa spojen\u00e9. Jedn\u00fdm z k\u013e\u00fa\u010dov\u00fdch aspektov te\u00f3rie pr\u00eddavn\u00fdch mien je koncept siln\u00e9ho a slab\u00e9ho sklo\u0148ovania. Pr\u00eddavn\u00e9 men\u00e1 vo svojej z\u00e1kladnej forme maj\u00fa slab\u00e9 sklo\u0148ovanie, ke\u010f im predch\u00e1dzaj\u00fa ur\u010dit\u00e9 \u010dleny alebo in\u00e9 determinanty, \u010do vykazuje zhodu s rodom a p\u00e1dom. Na druhej strane, siln\u00e9 sklo\u0148ovanie sa pou\u017e\u00edva, ke\u010f pred pr\u00eddavn\u00fdm menom nie s\u00fa \u017eiadne ur\u010dit\u00e9 \u010dleny alebo determinanty a pr\u00eddavn\u00e9 meno mus\u00ed ozna\u010dova\u0165 rod, \u010d\u00edslo a p\u00e1d. Praktick\u00e9 aplik\u00e1cie te\u00f3rie pr\u00eddavn\u00fdch mien zah\u0155\u0148aj\u00fa pochopenie sklo\u0148ovania pr\u00eddavn\u00fdch mien v z\u00e1vislosti od p\u00e1du podstatn\u00e9ho mena, ktor\u00e9 upravuj\u00fa, ako aj tvorbu komparat\u00edvnych a superlat\u00edvnych tvarov. Okrem toho je d\u00f4le\u017eit\u00e9 pozna\u0165 \u0161pecifick\u00e9 pravidl\u00e1 pre koncovky pr\u00eddavn\u00fdch mien na z\u00e1klade rodu, \u010d\u00edsla a p\u00e1du podstatn\u00e9ho mena. Celkovo je sol\u00eddne pochopenie te\u00f3rie pr\u00eddavn\u00fdch mien v nemeckej gramatike nevyhnutn\u00e9 na vytv\u00e1ranie gramaticky spr\u00e1vnych a s\u00favisl\u00fdch viet.","robots":{"index":"index","follow":"follow","max-snippet":"max-snippet:-1","max-image-preview":"max-image-preview:large","max-video-preview":"max-video-preview:-1"},"canonical":"https:\/\/talkpal.ai\/sk\/language\/pridavne-mena-nemecka-gramatika\/","og_locale":"sk_SK","og_type":"article","og_title":"Pr\u00eddavn\u00e9 men\u00e1 - nemeck\u00e1 gramatika Archives","og_description":"Te\u00f3ria pr\u00eddavn\u00fdch mien v nemeckej gramatike sa zameriava na pochopenie \u00falohy a pou\u017eitia pr\u00eddavn\u00fdch mien vo vet\u00e1ch. Pr\u00eddavn\u00e9 men\u00e1 v nem\u010dine zohr\u00e1vaj\u00fa k\u013e\u00fa\u010dov\u00fa \u00falohu pri opise a \u00faprave podstatn\u00fdch mien. S\u00fahlasia s rodom, \u010d\u00edslom a p\u00e1dom podstatn\u00e9ho mena, s ktor\u00fdm s\u00fa spojen\u00e9. Jedn\u00fdm z k\u013e\u00fa\u010dov\u00fdch aspektov te\u00f3rie pr\u00eddavn\u00fdch mien je koncept siln\u00e9ho a slab\u00e9ho sklo\u0148ovania. Pr\u00eddavn\u00e9 men\u00e1 vo svojej z\u00e1kladnej forme maj\u00fa slab\u00e9 sklo\u0148ovanie, ke\u010f im predch\u00e1dzaj\u00fa ur\u010dit\u00e9 \u010dleny alebo in\u00e9 determinanty, \u010do vykazuje zhodu s rodom a p\u00e1dom. Na druhej strane, siln\u00e9 sklo\u0148ovanie sa pou\u017e\u00edva, ke\u010f pred pr\u00eddavn\u00fdm menom nie s\u00fa \u017eiadne ur\u010dit\u00e9 \u010dleny alebo determinanty a pr\u00eddavn\u00e9 meno mus\u00ed ozna\u010dova\u0165 rod, \u010d\u00edslo a p\u00e1d. Praktick\u00e9 aplik\u00e1cie te\u00f3rie pr\u00eddavn\u00fdch mien zah\u0155\u0148aj\u00fa pochopenie sklo\u0148ovania pr\u00eddavn\u00fdch mien v z\u00e1vislosti od p\u00e1du podstatn\u00e9ho mena, ktor\u00e9 upravuj\u00fa, ako aj tvorbu komparat\u00edvnych a superlat\u00edvnych tvarov. Okrem toho je d\u00f4le\u017eit\u00e9 pozna\u0165 \u0161pecifick\u00e9 pravidl\u00e1 pre koncovky pr\u00eddavn\u00fdch mien na z\u00e1klade rodu, \u010d\u00edsla a p\u00e1du podstatn\u00e9ho mena. Celkovo je sol\u00eddne pochopenie te\u00f3rie pr\u00eddavn\u00fdch mien v nemeckej gramatike nevyhnutn\u00e9 na vytv\u00e1ranie gramaticky spr\u00e1vnych a s\u00favisl\u00fdch viet.","og_url":"https:\/\/talkpal.ai\/sk\/language\/pridavne-mena-nemecka-gramatika\/","og_site_name":"Talkpal","og_image":[{"width":2880,"height":2880,"url":"https:\/\/talkpal.ai\/wp-content\/uploads\/2024\/04\/Talkpal-Logo-Wordmark.png","type":"image\/png"}],"twitter_card":"summary_large_image","twitter_site":"@talkpalai","schema":{"@context":"https:\/\/schema.org","@graph":[{"@type":"CollectionPage","@id":"https:\/\/talkpal.ai\/sk\/language\/pridavne-mena-nemecka-gramatika\/","url":"https:\/\/talkpal.ai\/sk\/language\/pridavne-mena-nemecka-gramatika\/","name":"Pr\u00eddavn\u00e9 men\u00e1 - nemeck\u00e1 gramatika - Talkpal","isPartOf":{"@id":"https:\/\/talkpal.ai\/sk\/#website"},"description":"Te\u00f3ria pr\u00eddavn\u00fdch mien v nemeckej gramatike sa zameriava na pochopenie \u00falohy a pou\u017eitia pr\u00eddavn\u00fdch mien vo vet\u00e1ch. Pr\u00eddavn\u00e9 men\u00e1 v nem\u010dine zohr\u00e1vaj\u00fa k\u013e\u00fa\u010dov\u00fa \u00falohu pri opise a \u00faprave podstatn\u00fdch mien. S\u00fahlasia s rodom, \u010d\u00edslom a p\u00e1dom podstatn\u00e9ho mena, s ktor\u00fdm s\u00fa spojen\u00e9. Jedn\u00fdm z k\u013e\u00fa\u010dov\u00fdch aspektov te\u00f3rie pr\u00eddavn\u00fdch mien je koncept siln\u00e9ho a slab\u00e9ho sklo\u0148ovania. Pr\u00eddavn\u00e9 men\u00e1 vo svojej z\u00e1kladnej forme maj\u00fa slab\u00e9 sklo\u0148ovanie, ke\u010f im predch\u00e1dzaj\u00fa ur\u010dit\u00e9 \u010dleny alebo in\u00e9 determinanty, \u010do vykazuje zhodu s rodom a p\u00e1dom. Na druhej strane, siln\u00e9 sklo\u0148ovanie sa pou\u017e\u00edva, ke\u010f pred pr\u00eddavn\u00fdm menom nie s\u00fa \u017eiadne ur\u010dit\u00e9 \u010dleny alebo determinanty a pr\u00eddavn\u00e9 meno mus\u00ed ozna\u010dova\u0165 rod, \u010d\u00edslo a p\u00e1d. Praktick\u00e9 aplik\u00e1cie te\u00f3rie pr\u00eddavn\u00fdch mien zah\u0155\u0148aj\u00fa pochopenie sklo\u0148ovania pr\u00eddavn\u00fdch mien v z\u00e1vislosti od p\u00e1du podstatn\u00e9ho mena, ktor\u00e9 upravuj\u00fa, ako aj tvorbu komparat\u00edvnych a superlat\u00edvnych tvarov. Okrem toho je d\u00f4le\u017eit\u00e9 pozna\u0165 \u0161pecifick\u00e9 pravidl\u00e1 pre koncovky pr\u00eddavn\u00fdch mien na z\u00e1klade rodu, \u010d\u00edsla a p\u00e1du podstatn\u00e9ho mena. Celkovo je sol\u00eddne pochopenie te\u00f3rie pr\u00eddavn\u00fdch mien v nemeckej gramatike nevyhnutn\u00e9 na vytv\u00e1ranie gramaticky spr\u00e1vnych a s\u00favisl\u00fdch viet.","breadcrumb":{"@id":"https:\/\/talkpal.ai\/sk\/language\/pridavne-mena-nemecka-gramatika\/#breadcrumb"},"inLanguage":"sk-SK"},{"@type":"BreadcrumbList","@id":"https:\/\/talkpal.ai\/sk\/language\/pridavne-mena-nemecka-gramatika\/#breadcrumb","itemListElement":[{"@type":"ListItem","position":1,"name":"Homepage","item":"https:\/\/talkpal.ai\/sk\/"},{"@type":"ListItem","position":2,"name":"Nem\u010dina","item":"https:\/\/talkpal.ai\/sk\/language\/nemcina-sk\/"},{"@type":"ListItem","position":3,"name":"Pr\u00eddavn\u00e9 men\u00e1 - nemeck\u00e1 gramatika"}]},{"@type":"WebSite","@id":"https:\/\/talkpal.ai\/sk\/#website","url":"https:\/\/talkpal.ai\/sk\/","name":"Talkpal","description":"AI Language Learning","publisher":{"@id":"https:\/\/talkpal.ai\/sk\/#organization"},"alternateName":"Talkpal AI","potentialAction":[{"@type":"SearchAction","target":{"@type":"EntryPoint","urlTemplate":"https:\/\/talkpal.ai\/sk\/?s={search_term_string}"},"query-input":{"@type":"PropertyValueSpecification","valueRequired":true,"valueName":"search_term_string"}}],"inLanguage":"sk-SK"},{"@type":"Organization","@id":"https:\/\/talkpal.ai\/sk\/#organization","name":"Talkpal, Inc.","alternateName":"Talkpal AI","url":"https:\/\/talkpal.ai\/sk\/","logo":{"@type":"ImageObject","inLanguage":"sk-SK","@id":"https:\/\/talkpal.ai\/sk\/#\/schema\/logo\/image\/","url":"https:\/\/talkpal.ai\/wp-content\/uploads\/2024\/03\/Talkpal-Logo-Icon.png","contentUrl":"https:\/\/talkpal.ai\/wp-content\/uploads\/2024\/03\/Talkpal-Logo-Icon.png","width":2880,"height":2880,"caption":"Talkpal, Inc."},"image":{"@id":"https:\/\/talkpal.ai\/sk\/#\/schema\/logo\/image\/"},"sameAs":["https:\/\/www.facebook.com\/profile.php?id=100090733639311","https:\/\/x.com\/talkpalai","https:\/\/www.linkedin.com\/company\/talkpal\/","https:\/\/www.youtube.com\/@TalkPal\/","https:\/\/www.tiktok.com\/@talkpal","https:\/\/www.instagram.com\/talkpal_ai\/","https:\/\/www.crunchbase.com\/organization\/talkpal-9cde","https:\/\/www.g2.com\/products\/talkpal-for-business\/","https:\/\/www.trustpilot.com\/review\/talkpal.ai","https:\/\/www.capterra.com\/p\/10006800\/TalkPal\/"],"description":"Talkpal is a language learning web and mobile education app, powered by the latest AI technologies, that provides engaging experiences to its customers in many different languages to help them improve their language skills. Users can chat about unlimited amount of topics with the app and use other modes to practice their language learning.","email":"support@talkpal.ai","legalName":"Talkpal, Inc.","foundingDate":"2023-04-03","duns":"118989042","numberOfEmployees":{"@type":"QuantitativeValue","minValue":"11","maxValue":"50"},"publishingPrinciples":"https:\/\/talkpal.ai\/publishing-principles\/","actionableFeedbackPolicy":"https:\/\/talkpal.ai\/actionable-feedback-policy\/","correctionsPolicy":"https:\/\/talkpal.ai\/corrections-policy\/","ethicsPolicy":"https:\/\/talkpal.ai\/ethics-policy\/","diversityPolicy":"https:\/\/talkpal.ai\/diversity-policy\/","diversityStaffingReport":"https:\/\/talkpal.ai\/diversity-policy\/"}]}},"_links":{"self":[{"href":"https:\/\/talkpal.ai\/sk\/wp-json\/wp\/v2\/language\/12963","targetHints":{"allow":["GET"]}}],"collection":[{"href":"https:\/\/talkpal.ai\/sk\/wp-json\/wp\/v2\/language"}],"about":[{"href":"https:\/\/talkpal.ai\/sk\/wp-json\/wp\/v2\/taxonomies\/language"}],"up":[{"embeddable":true,"href":"https:\/\/talkpal.ai\/sk\/wp-json\/wp\/v2\/language\/12958"}],"wp:post_type":[{"href":"https:\/\/talkpal.ai\/sk\/wp-json\/wp\/v2\/grammar?language=12963"}],"curies":[{"name":"wp","href":"https:\/\/api.w.org\/{rel}","templated":true}]}}