{"id":822831,"date":"2024-06-26T10:16:27","date_gmt":"2024-06-26T10:16:27","guid":{"rendered":"https:\/\/talkpal.ai\/quantos-sons-vocalicos-o-galego-tem\/"},"modified":"2025-12-26T13:46:14","modified_gmt":"2025-12-26T13:46:14","slug":"quantos-sons-vocalicos-o-galego-tem","status":"publish","type":"post","link":"https:\/\/talkpal.ai\/pt-pt\/quantos-sons-vocalicos-o-galego-tem\/","title":{"rendered":"Quantos sons voc\u00e1licos o galego tem?"},"content":{"rendered":"<p>O <a href=\"https:\/\/talkpal.ai\/learn-galician\/\">galego<\/a> \u00e9 uma l\u00edngua rom\u00e2nica falada principalmente na Galiza, uma comunidade aut\u00f3noma no noroeste da Espanha. Para aqueles que j\u00e1 falam <a href=\"https:\/\/talkpal.ai\/learn-portuguese\/\">portugu\u00eas<\/a>, <a href=\"https:\/\/talkpal.ai\/pt-pt\/aprender-galego\/\">aprender galego<\/a> pode ser uma tarefa relativamente f\u00e1cil, devido \u00e0s muitas semelhan\u00e7as entre as duas l\u00ednguas. No entanto, para entender completamente o galego, \u00e9 essencial compreender os <a href=\"https:\/\/talkpal.ai\/pt-pt\/quantos-sons-vocalicos-o-suaili-tem\/\">sons voc\u00e1licos<\/a> da l\u00edngua. Neste artigo, vamos explorar quantos sons voc\u00e1licos o galego tem, <a href=\"https:\/\/talkpal.ai\/locations\/language-courses-in-como\/\">como<\/a> s\u00e3o classificados e como se comparam com os sons voc\u00e1licos do <a href=\"https:\/\/talkpal.ai\/pt-pt\/culture\/idiomas-regionais-de-portugal-conectando-se-com-o-portugues-europeu\/\">portugu\u00eas europeu<\/a>.<\/p>\n<h2>A Import\u00e2ncia dos Sons Voc\u00e1licos<\/h2>\n<p>Os sons voc\u00e1licos desempenham um papel crucial em qualquer l\u00edngua. S\u00e3o essenciais para a pron\u00fancia correta das palavras e, por conseguinte, para a comunica\u00e7\u00e3o eficaz. No caso do galego, os sons voc\u00e1licos podem influenciar o significado das palavras e, portanto, uma compreens\u00e3o profunda destes sons \u00e9 vital para qualquer aprendiz da l\u00edngua.<\/p>\n<h2>Classifica\u00e7\u00e3o dos Sons Voc\u00e1licos<\/h2>\n<p>Os sons voc\u00e1licos podem ser classificados de v\u00e1rias maneiras. Uma das classifica\u00e7\u00f5es mais comuns baseia-se na <b>posi\u00e7\u00e3o da l\u00edngua<\/b> durante a articula\u00e7\u00e3o do som. Esta classifica\u00e7\u00e3o inclui:<\/p>\n<p>1. <b>Altura<\/b> da l\u00edngua (alta, m\u00e9dia, baixa)<br \/>\n2. <b>Retra\u00e7\u00e3o<\/b> da l\u00edngua (anterior, <a href=\"https:\/\/talkpal.ai\/locations\/language-courses-in-central\/\">central<\/a>, posterior)<br \/>\n3. <b>Arredondamento<\/b> dos l\u00e1bios (arredondado, n\u00e3o arredondado)<\/p>\n<p>Outra classifica\u00e7\u00e3o importante \u00e9 a distin\u00e7\u00e3o entre <b>vogais orais<\/b> e <b>vogais nasais<\/b>. No galego, tal como no portugu\u00eas, esta distin\u00e7\u00e3o \u00e9 fundamental.<\/p>\n<h3>Vogais Orais<\/h3>\n<p>No galego, existem cinco vogais orais principais, que s\u00e3o as mesmas que encontramos no portugu\u00eas:<\/p>\n<p>1. <b>\/a\/<\/b> &#8211; Representada pela letra &#8220;a&#8221;, como em &#8220;casa&#8221;.<br \/>\n2. <b>\/e\/<\/b> &#8211; Representada pela letra &#8220;e&#8221;, como em &#8220;mesa&#8221;.<br \/>\n3. <b>\/i\/<\/b> &#8211; Representada pela letra &#8220;i&#8221;, como em &#8220;vida&#8221;.<br \/>\n4. <b>\/o\/<\/b> &#8211; Representada pela letra &#8220;o&#8221;, como em &#8220;roda&#8221;.<br \/>\n5. <b>\/u\/<\/b> &#8211; Representada pela letra &#8220;u&#8221;, como em &#8220;luz&#8221;.<\/p>\n<p>Estas vogais podem aparecer em diferentes contextos e posi\u00e7\u00f5es dentro das palavras, e a sua pron\u00fancia pode variar ligeiramente dependendo do sotaque regional.<\/p>\n<h3>Vogais Nasais<\/h3>\n<p>Assim como no portugu\u00eas, o galego tamb\u00e9m possui vogais nasais. Estas vogais s\u00e3o produzidas quando o ar passa tanto pela boca quanto pelo nariz durante a articula\u00e7\u00e3o. No galego, as vogais nasais s\u00e3o:<\/p>\n<p>1. <b>\/\u00e3\/<\/b> &#8211; Representada pela letra &#8220;\u00e3&#8221;, como em &#8220;m\u00e3o&#8221;.<br \/>\n2. <b>\/\u1ebd\/<\/b> &#8211; Representada pela letra &#8220;\u1ebd&#8221;, como em &#8220;bem&#8221;.<br \/>\n3. <b>\/\u0129\/<\/b> &#8211; Representada pela letra &#8220;\u0129&#8221;, como em &#8220;sim&#8221;.<br \/>\n4. <b>\/\u00f5\/<\/b> &#8211; Representada pela letra &#8220;\u00f5&#8221;, como em &#8220;bom&#8221;.<br \/>\n5. <b>\/\u0169\/<\/b> &#8211; Representada pela letra &#8220;\u0169&#8221;, como em &#8220;um&#8221;.<\/p>\n<p>A presen\u00e7a de vogais nasais \u00e9 uma das caracter\u00edsticas que o galego compartilha com o portugu\u00eas, mas a sua utiliza\u00e7\u00e3o e a frequ\u00eancia com que aparecem podem diferir.<\/p>\n<h2>Diferen\u00e7as Regionais<\/h2>\n<p>A Galiza \u00e9 uma regi\u00e3o com uma rica diversidade lingu\u00edstica, e isso reflete-se na pron\u00fancia dos sons voc\u00e1licos. Embora os sons voc\u00e1licos principais sejam os mesmos em toda a Galiza, existem varia\u00e7\u00f5es regionais significativas. Por exemplo, em algumas \u00e1reas, a vogal <b>\/e\/<\/b> pode ser pronunciada de forma mais aberta, aproximando-se de <b>\/\u025b\/<\/b>, especialmente em contextos informais.<\/p>\n<h3>Influ\u00eancia do Espanhol<\/h3>\n<p>Outra considera\u00e7\u00e3o importante \u00e9 a influ\u00eancia do espanhol na pron\u00fancia do galego. Muitos falantes de galego s\u00e3o bil\u00edngues em espanhol e galego, e essa conviv\u00eancia de l\u00ednguas pode levar a uma <b>interfer\u00eancia lingu\u00edstica<\/b>. Por exemplo, a tend\u00eancia para a redu\u00e7\u00e3o voc\u00e1lica em contextos \u00e1tonos \u00e9 mais pronunciada em falantes que s\u00e3o fortemente influenciados pelo espanhol.<\/p>\n<h2>Compara\u00e7\u00e3o com o Portugu\u00eas Europeu<\/h2>\n<p>Para os falantes de portugu\u00eas europeu, muitas das caracter\u00edsticas dos sons voc\u00e1licos do galego ser\u00e3o familiares. No entanto, existem algumas diferen\u00e7as subtis que vale a pena destacar.<\/p>\n<h3>Vogais Abertas e Fechadas<\/h3>\n<p>Uma das principais diferen\u00e7as entre o galego e o portugu\u00eas europeu \u00e9 a distin\u00e7\u00e3o entre vogais abertas e fechadas. No portugu\u00eas, esta distin\u00e7\u00e3o \u00e9 bastante marcada, especialmente para as vogais <b>\/e\/<\/b> e <b>\/o\/<\/b>. No galego, embora essa distin\u00e7\u00e3o exista, n\u00e3o \u00e9 t\u00e3o prevalente. Por exemplo, a palavra &#8220;mesa&#8221; \u00e9 pronunciada com um <b>\/e\/<\/b> fechado no portugu\u00eas europeu, mas pode ser pronunciada com um <b>\/e\/<\/b> mais aberto no galego.<\/p>\n<h3>Redu\u00e7\u00e3o Voc\u00e1lica<\/h3>\n<p>Outra diferen\u00e7a importante \u00e9 a redu\u00e7\u00e3o voc\u00e1lica em s\u00edlabas \u00e1tonas. No portugu\u00eas europeu, \u00e9 comum reduzir as vogais \u00e1tonas a um som de schwa <b>\/\u0259\/<\/b>. No galego, essa redu\u00e7\u00e3o \u00e9 menos comum, e as vogais tendem a manter a sua qualidade mesmo em s\u00edlabas \u00e1tonas. Isso pode tornar o galego mais f\u00e1cil de entender para os falantes de portugu\u00eas, uma vez que as vogais s\u00e3o mais distintas.<\/p>\n<h2>Exerc\u00edcios Pr\u00e1ticos<\/h2>\n<p>Para melhorar a compreens\u00e3o e a pron\u00fancia dos sons voc\u00e1licos do galego, \u00e9 \u00fatil praticar com exerc\u00edcios espec\u00edficos. Aqui est\u00e3o alguns exerc\u00edcios que podem ajudar:<\/p>\n<h3>Exerc\u00edcio 1: Identifica\u00e7\u00e3o de Sons Voc\u00e1licos<\/h3>\n<p>Ou\u00e7a grava\u00e7\u00f5es de falantes nativos de galego e tente identificar os diferentes sons voc\u00e1licos. Preste aten\u00e7\u00e3o \u00e0s diferen\u00e7as subtis na pron\u00fancia e compare-as com a pron\u00fancia em portugu\u00eas.<\/p>\n<h3>Exerc\u00edcio 2: Repeti\u00e7\u00e3o e Imita\u00e7\u00e3o<\/h3>\n<p>Escolha algumas palavras em galego que contenham os diferentes sons voc\u00e1licos e pratique a repeti\u00e7\u00e3o dessas palavras. Tente imitar a pron\u00fancia dos falantes nativos o mais fielmente poss\u00edvel.<\/p>\n<h3>Exerc\u00edcio 3: Leitura em Voz Alta<\/h3>\n<p>Leia textos em galego em voz alta, concentrando-se na pron\u00fancia correta dos sons voc\u00e1licos. Pe\u00e7a a um falante nativo para corrigir a sua pron\u00fancia, se poss\u00edvel.<\/p>\n<h2>Conclus\u00e3o<\/h2>\n<p>Entender os sons voc\u00e1licos do galego \u00e9 essencial para qualquer pessoa que queira aprender a l\u00edngua. Embora existam muitas semelhan\u00e7as com o portugu\u00eas europeu, tamb\u00e9m h\u00e1 diferen\u00e7as importantes que devem ser reconhecidas. Ao prestar aten\u00e7\u00e3o a essas diferen\u00e7as e praticar regularmente, os aprendizes podem melhorar a sua pron\u00fancia e compreens\u00e3o do galego, facilitando a comunica\u00e7\u00e3o eficaz com os falantes nativos.<\/p>\n<p>Esperamos que este artigo tenha fornecido uma vis\u00e3o clara e abrangente dos sons voc\u00e1licos do galego. Com pr\u00e1tica e dedica\u00e7\u00e3o, qualquer pessoa pode dominar estes sons e falar galego com confian\u00e7a.<\/p>\n","protected":false},"excerpt":{"rendered":"<p>O galego \u00e9 uma l\u00edngua rom\u00e2nica falada principalmente na Galiza, uma comunidade aut\u00f3noma no noroeste da Espanha. Para aqueles que j\u00e1 falam portugu\u00eas, aprender galego pode ser uma tarefa relativamente f\u00e1cil, devido \u00e0s muitas semelhan\u00e7as entre as duas l\u00ednguas. No entanto, para entender completamente o galego, \u00e9 essencial compreender os sons voc\u00e1licos da l\u00edngua. Neste [&hellip;]<\/p>\n","protected":false},"author":0,"featured_media":1527846,"comment_status":"open","ping_status":"open","sticky":false,"template":"","format":"standard","meta":{"_acf_changed":false,"footnotes":""},"categories":[3642],"tags":[],"class_list":["post-822831","post","type-post","status-publish","format-standard","has-post-thumbnail","hentry","category-aprendizagem-de-linguas"],"acf":[],"yoast_head":"<!-- This site is optimized with the Yoast SEO Premium plugin v27.2 (Yoast SEO v27.2) - https:\/\/yoast.com\/product\/yoast-seo-premium-wordpress\/ -->\n<title>Quantos sons voc\u00e1licos o galego tem? - Talkpal<\/title>\n<meta name=\"description\" content=\"O galego \u00e9 uma l\u00edngua rom\u00e2nica falada principalmente na Galiza, uma comunidade aut\u00f3noma no noroeste da Espanha. Para aqueles que j\u00e1 falam portugu\u00eas,\" \/>\n<meta name=\"robots\" content=\"index, follow, max-snippet:-1, max-image-preview:large, max-video-preview:-1\" \/>\n<link rel=\"canonical\" href=\"https:\/\/talkpal.ai\/pt-pt\/quantos-sons-vocalicos-o-galego-tem\/\" \/>\n<meta property=\"og:locale\" content=\"pt_PT\" \/>\n<meta property=\"og:type\" content=\"article\" \/>\n<meta property=\"og:title\" content=\"Quantos sons voc\u00e1licos o galego tem?\" \/>\n<meta property=\"og:description\" content=\"O galego \u00e9 uma l\u00edngua rom\u00e2nica falada principalmente na Galiza, uma comunidade aut\u00f3noma no noroeste da Espanha. Para aqueles que j\u00e1 falam portugu\u00eas,\" \/>\n<meta property=\"og:url\" content=\"https:\/\/talkpal.ai\/pt-pt\/quantos-sons-vocalicos-o-galego-tem\/\" \/>\n<meta property=\"og:site_name\" content=\"Talkpal\" \/>\n<meta property=\"article:publisher\" content=\"https:\/\/www.facebook.com\/profile.php?id=100090733639311\" \/>\n<meta property=\"article:published_time\" content=\"2024-06-26T10:16:27+00:00\" \/>\n<meta property=\"article:modified_time\" content=\"2025-12-26T13:46:14+00:00\" \/>\n<meta property=\"og:image\" content=\"https:\/\/talkpal.ai\/wp-content\/uploads\/2025\/02\/Progress-tab-16_9.png\" \/>\n\t<meta property=\"og:image:width\" content=\"2880\" \/>\n\t<meta property=\"og:image:height\" content=\"1620\" \/>\n\t<meta property=\"og:image:type\" content=\"image\/png\" \/>\n<meta name=\"twitter:card\" content=\"summary_large_image\" \/>\n<meta name=\"twitter:creator\" content=\"@talkpalai\" \/>\n<meta name=\"twitter:site\" content=\"@talkpalai\" \/>\n<meta name=\"twitter:label1\" content=\"Tempo estimado de leitura\" \/>\n\t<meta name=\"twitter:data1\" content=\"5 minutos\" \/>\n<script type=\"application\/ld+json\" class=\"yoast-schema-graph\">{\"@context\":\"https:\/\/schema.org\",\"@graph\":[{\"@type\":\"Article\",\"@id\":\"https:\/\/talkpal.ai\/pt-pt\/quantos-sons-vocalicos-o-galego-tem\/#article\",\"isPartOf\":{\"@id\":\"https:\/\/talkpal.ai\/pt-pt\/quantos-sons-vocalicos-o-galego-tem\/\"},\"author\":{\"name\":\"\",\"@id\":\"\"},\"headline\":\"Quantos sons voc\u00e1licos o galego tem?\",\"datePublished\":\"2024-06-26T10:16:27+00:00\",\"dateModified\":\"2025-12-26T13:46:14+00:00\",\"mainEntityOfPage\":{\"@id\":\"https:\/\/talkpal.ai\/pt-pt\/quantos-sons-vocalicos-o-galego-tem\/\"},\"wordCount\":1036,\"commentCount\":0,\"publisher\":{\"@id\":\"https:\/\/talkpal.ai\/pt-pt\/#organization\"},\"image\":{\"@id\":\"https:\/\/talkpal.ai\/pt-pt\/quantos-sons-vocalicos-o-galego-tem\/#primaryimage\"},\"thumbnailUrl\":\"https:\/\/talkpal.ai\/wp-content\/uploads\/2025\/12\/people-use-laptops-while-learning-languages.webp\",\"articleSection\":[\"Aprendizagem de l\u00ednguas\"],\"inLanguage\":\"pt-PT\",\"potentialAction\":[{\"@type\":\"CommentAction\",\"name\":\"Comment\",\"target\":[\"https:\/\/talkpal.ai\/pt-pt\/quantos-sons-vocalicos-o-galego-tem\/#respond\"]}]},{\"@type\":\"WebPage\",\"@id\":\"https:\/\/talkpal.ai\/pt-pt\/quantos-sons-vocalicos-o-galego-tem\/\",\"url\":\"https:\/\/talkpal.ai\/pt-pt\/quantos-sons-vocalicos-o-galego-tem\/\",\"name\":\"Quantos sons voc\u00e1licos o galego tem? - Talkpal\",\"isPartOf\":{\"@id\":\"https:\/\/talkpal.ai\/pt-pt\/#website\"},\"primaryImageOfPage\":{\"@id\":\"https:\/\/talkpal.ai\/pt-pt\/quantos-sons-vocalicos-o-galego-tem\/#primaryimage\"},\"image\":{\"@id\":\"https:\/\/talkpal.ai\/pt-pt\/quantos-sons-vocalicos-o-galego-tem\/#primaryimage\"},\"thumbnailUrl\":\"https:\/\/talkpal.ai\/wp-content\/uploads\/2025\/12\/people-use-laptops-while-learning-languages.webp\",\"datePublished\":\"2024-06-26T10:16:27+00:00\",\"dateModified\":\"2025-12-26T13:46:14+00:00\",\"description\":\"O galego \u00e9 uma l\u00edngua rom\u00e2nica falada principalmente na Galiza, uma comunidade aut\u00f3noma no noroeste da Espanha. Para aqueles que j\u00e1 falam portugu\u00eas,\",\"breadcrumb\":{\"@id\":\"https:\/\/talkpal.ai\/pt-pt\/quantos-sons-vocalicos-o-galego-tem\/#breadcrumb\"},\"inLanguage\":\"pt-PT\",\"potentialAction\":[{\"@type\":\"ReadAction\",\"target\":[\"https:\/\/talkpal.ai\/pt-pt\/quantos-sons-vocalicos-o-galego-tem\/\"]}]},{\"@type\":\"ImageObject\",\"inLanguage\":\"pt-PT\",\"@id\":\"https:\/\/talkpal.ai\/pt-pt\/quantos-sons-vocalicos-o-galego-tem\/#primaryimage\",\"url\":\"https:\/\/talkpal.ai\/wp-content\/uploads\/2025\/12\/people-use-laptops-while-learning-languages.webp\",\"contentUrl\":\"https:\/\/talkpal.ai\/wp-content\/uploads\/2025\/12\/people-use-laptops-while-learning-languages.webp\",\"width\":1200,\"height\":896},{\"@type\":\"BreadcrumbList\",\"@id\":\"https:\/\/talkpal.ai\/pt-pt\/quantos-sons-vocalicos-o-galego-tem\/#breadcrumb\",\"itemListElement\":[{\"@type\":\"ListItem\",\"position\":1,\"name\":\"Homepage\",\"item\":\"https:\/\/talkpal.ai\/pt-pt\/\"},{\"@type\":\"ListItem\",\"position\":2,\"name\":\"Quantos sons voc\u00e1licos o galego tem?\"}]},{\"@type\":\"WebSite\",\"@id\":\"https:\/\/talkpal.ai\/pt-pt\/#website\",\"url\":\"https:\/\/talkpal.ai\/pt-pt\/\",\"name\":\"Talkpal\",\"description\":\"AI Language Learning\",\"publisher\":{\"@id\":\"https:\/\/talkpal.ai\/pt-pt\/#organization\"},\"alternateName\":\"Talkpal AI\",\"potentialAction\":[{\"@type\":\"SearchAction\",\"target\":{\"@type\":\"EntryPoint\",\"urlTemplate\":\"https:\/\/talkpal.ai\/pt-pt\/?s={search_term_string}\"},\"query-input\":{\"@type\":\"PropertyValueSpecification\",\"valueRequired\":true,\"valueName\":\"search_term_string\"}}],\"inLanguage\":\"pt-PT\"},{\"@type\":\"Organization\",\"@id\":\"https:\/\/talkpal.ai\/pt-pt\/#organization\",\"name\":\"Talkpal, Inc.\",\"alternateName\":\"Talkpal AI\",\"url\":\"https:\/\/talkpal.ai\/pt-pt\/\",\"logo\":{\"@type\":\"ImageObject\",\"inLanguage\":\"pt-PT\",\"@id\":\"https:\/\/talkpal.ai\/pt-pt\/#\/schema\/logo\/image\/\",\"url\":\"https:\/\/talkpal.ai\/wp-content\/uploads\/2024\/03\/Talkpal-Logo-Icon.png\",\"contentUrl\":\"https:\/\/talkpal.ai\/wp-content\/uploads\/2024\/03\/Talkpal-Logo-Icon.png\",\"width\":2880,\"height\":2880,\"caption\":\"Talkpal, Inc.\"},\"image\":{\"@id\":\"https:\/\/talkpal.ai\/pt-pt\/#\/schema\/logo\/image\/\"},\"sameAs\":[\"https:\/\/www.facebook.com\/profile.php?id=100090733639311\",\"https:\/\/x.com\/talkpalai\",\"https:\/\/www.linkedin.com\/company\/talkpal\/\",\"https:\/\/www.youtube.com\/@TalkPal\/\",\"https:\/\/www.tiktok.com\/@talkpal\",\"https:\/\/www.instagram.com\/talkpal_ai\/\",\"https:\/\/www.crunchbase.com\/organization\/talkpal-9cde\",\"https:\/\/www.g2.com\/products\/talkpal-for-business\/\",\"https:\/\/www.trustpilot.com\/review\/talkpal.ai\",\"https:\/\/www.capterra.com\/p\/10006800\/TalkPal\/\"],\"description\":\"Talkpal is a language learning web and mobile education app, powered by the latest AI technologies, that provides engaging experiences to its customers in many different languages to help them improve their language skills. Users can chat about unlimited amount of topics with the app and use other modes to practice their language learning.\",\"email\":\"support@talkpal.ai\",\"legalName\":\"Talkpal, Inc.\",\"foundingDate\":\"2023-04-03\",\"duns\":\"118989042\",\"numberOfEmployees\":{\"@type\":\"QuantitativeValue\",\"minValue\":\"11\",\"maxValue\":\"50\"},\"publishingPrinciples\":\"https:\/\/talkpal.ai\/publishing-principles\/\",\"actionableFeedbackPolicy\":\"https:\/\/talkpal.ai\/actionable-feedback-policy\/\",\"correctionsPolicy\":\"https:\/\/talkpal.ai\/corrections-policy\/\",\"ethicsPolicy\":\"https:\/\/talkpal.ai\/ethics-policy\/\",\"diversityPolicy\":\"https:\/\/talkpal.ai\/diversity-policy\/\",\"diversityStaffingReport\":\"https:\/\/talkpal.ai\/diversity-policy\/\"}]}<\/script>\n<!-- \/ Yoast SEO Premium plugin. -->","yoast_head_json":{"title":"Quantos sons voc\u00e1licos o galego tem? - Talkpal","description":"O galego \u00e9 uma l\u00edngua rom\u00e2nica falada principalmente na Galiza, uma comunidade aut\u00f3noma no noroeste da Espanha. Para aqueles que j\u00e1 falam portugu\u00eas,","robots":{"index":"index","follow":"follow","max-snippet":"max-snippet:-1","max-image-preview":"max-image-preview:large","max-video-preview":"max-video-preview:-1"},"canonical":"https:\/\/talkpal.ai\/pt-pt\/quantos-sons-vocalicos-o-galego-tem\/","og_locale":"pt_PT","og_type":"article","og_title":"Quantos sons voc\u00e1licos o galego tem?","og_description":"O galego \u00e9 uma l\u00edngua rom\u00e2nica falada principalmente na Galiza, uma comunidade aut\u00f3noma no noroeste da Espanha. Para aqueles que j\u00e1 falam portugu\u00eas,","og_url":"https:\/\/talkpal.ai\/pt-pt\/quantos-sons-vocalicos-o-galego-tem\/","og_site_name":"Talkpal","article_publisher":"https:\/\/www.facebook.com\/profile.php?id=100090733639311","article_published_time":"2024-06-26T10:16:27+00:00","article_modified_time":"2025-12-26T13:46:14+00:00","og_image":[{"width":2880,"height":1620,"url":"https:\/\/talkpal.ai\/wp-content\/uploads\/2025\/02\/Progress-tab-16_9.png","type":"image\/png"}],"twitter_card":"summary_large_image","twitter_creator":"@talkpalai","twitter_site":"@talkpalai","twitter_misc":{"Tempo estimado de leitura":"5 minutos"},"schema":{"@context":"https:\/\/schema.org","@graph":[{"@type":"Article","@id":"https:\/\/talkpal.ai\/pt-pt\/quantos-sons-vocalicos-o-galego-tem\/#article","isPartOf":{"@id":"https:\/\/talkpal.ai\/pt-pt\/quantos-sons-vocalicos-o-galego-tem\/"},"author":{"name":"","@id":""},"headline":"Quantos sons voc\u00e1licos o galego tem?","datePublished":"2024-06-26T10:16:27+00:00","dateModified":"2025-12-26T13:46:14+00:00","mainEntityOfPage":{"@id":"https:\/\/talkpal.ai\/pt-pt\/quantos-sons-vocalicos-o-galego-tem\/"},"wordCount":1036,"commentCount":0,"publisher":{"@id":"https:\/\/talkpal.ai\/pt-pt\/#organization"},"image":{"@id":"https:\/\/talkpal.ai\/pt-pt\/quantos-sons-vocalicos-o-galego-tem\/#primaryimage"},"thumbnailUrl":"https:\/\/talkpal.ai\/wp-content\/uploads\/2025\/12\/people-use-laptops-while-learning-languages.webp","articleSection":["Aprendizagem de l\u00ednguas"],"inLanguage":"pt-PT","potentialAction":[{"@type":"CommentAction","name":"Comment","target":["https:\/\/talkpal.ai\/pt-pt\/quantos-sons-vocalicos-o-galego-tem\/#respond"]}]},{"@type":"WebPage","@id":"https:\/\/talkpal.ai\/pt-pt\/quantos-sons-vocalicos-o-galego-tem\/","url":"https:\/\/talkpal.ai\/pt-pt\/quantos-sons-vocalicos-o-galego-tem\/","name":"Quantos sons voc\u00e1licos o galego tem? - Talkpal","isPartOf":{"@id":"https:\/\/talkpal.ai\/pt-pt\/#website"},"primaryImageOfPage":{"@id":"https:\/\/talkpal.ai\/pt-pt\/quantos-sons-vocalicos-o-galego-tem\/#primaryimage"},"image":{"@id":"https:\/\/talkpal.ai\/pt-pt\/quantos-sons-vocalicos-o-galego-tem\/#primaryimage"},"thumbnailUrl":"https:\/\/talkpal.ai\/wp-content\/uploads\/2025\/12\/people-use-laptops-while-learning-languages.webp","datePublished":"2024-06-26T10:16:27+00:00","dateModified":"2025-12-26T13:46:14+00:00","description":"O galego \u00e9 uma l\u00edngua rom\u00e2nica falada principalmente na Galiza, uma comunidade aut\u00f3noma no noroeste da Espanha. Para aqueles que j\u00e1 falam portugu\u00eas,","breadcrumb":{"@id":"https:\/\/talkpal.ai\/pt-pt\/quantos-sons-vocalicos-o-galego-tem\/#breadcrumb"},"inLanguage":"pt-PT","potentialAction":[{"@type":"ReadAction","target":["https:\/\/talkpal.ai\/pt-pt\/quantos-sons-vocalicos-o-galego-tem\/"]}]},{"@type":"ImageObject","inLanguage":"pt-PT","@id":"https:\/\/talkpal.ai\/pt-pt\/quantos-sons-vocalicos-o-galego-tem\/#primaryimage","url":"https:\/\/talkpal.ai\/wp-content\/uploads\/2025\/12\/people-use-laptops-while-learning-languages.webp","contentUrl":"https:\/\/talkpal.ai\/wp-content\/uploads\/2025\/12\/people-use-laptops-while-learning-languages.webp","width":1200,"height":896},{"@type":"BreadcrumbList","@id":"https:\/\/talkpal.ai\/pt-pt\/quantos-sons-vocalicos-o-galego-tem\/#breadcrumb","itemListElement":[{"@type":"ListItem","position":1,"name":"Homepage","item":"https:\/\/talkpal.ai\/pt-pt\/"},{"@type":"ListItem","position":2,"name":"Quantos sons voc\u00e1licos o galego tem?"}]},{"@type":"WebSite","@id":"https:\/\/talkpal.ai\/pt-pt\/#website","url":"https:\/\/talkpal.ai\/pt-pt\/","name":"Talkpal","description":"AI Language Learning","publisher":{"@id":"https:\/\/talkpal.ai\/pt-pt\/#organization"},"alternateName":"Talkpal AI","potentialAction":[{"@type":"SearchAction","target":{"@type":"EntryPoint","urlTemplate":"https:\/\/talkpal.ai\/pt-pt\/?s={search_term_string}"},"query-input":{"@type":"PropertyValueSpecification","valueRequired":true,"valueName":"search_term_string"}}],"inLanguage":"pt-PT"},{"@type":"Organization","@id":"https:\/\/talkpal.ai\/pt-pt\/#organization","name":"Talkpal, Inc.","alternateName":"Talkpal AI","url":"https:\/\/talkpal.ai\/pt-pt\/","logo":{"@type":"ImageObject","inLanguage":"pt-PT","@id":"https:\/\/talkpal.ai\/pt-pt\/#\/schema\/logo\/image\/","url":"https:\/\/talkpal.ai\/wp-content\/uploads\/2024\/03\/Talkpal-Logo-Icon.png","contentUrl":"https:\/\/talkpal.ai\/wp-content\/uploads\/2024\/03\/Talkpal-Logo-Icon.png","width":2880,"height":2880,"caption":"Talkpal, Inc."},"image":{"@id":"https:\/\/talkpal.ai\/pt-pt\/#\/schema\/logo\/image\/"},"sameAs":["https:\/\/www.facebook.com\/profile.php?id=100090733639311","https:\/\/x.com\/talkpalai","https:\/\/www.linkedin.com\/company\/talkpal\/","https:\/\/www.youtube.com\/@TalkPal\/","https:\/\/www.tiktok.com\/@talkpal","https:\/\/www.instagram.com\/talkpal_ai\/","https:\/\/www.crunchbase.com\/organization\/talkpal-9cde","https:\/\/www.g2.com\/products\/talkpal-for-business\/","https:\/\/www.trustpilot.com\/review\/talkpal.ai","https:\/\/www.capterra.com\/p\/10006800\/TalkPal\/"],"description":"Talkpal is a language learning web and mobile education app, powered by the latest AI technologies, that provides engaging experiences to its customers in many different languages to help them improve their language skills. Users can chat about unlimited amount of topics with the app and use other modes to practice their language learning.","email":"support@talkpal.ai","legalName":"Talkpal, Inc.","foundingDate":"2023-04-03","duns":"118989042","numberOfEmployees":{"@type":"QuantitativeValue","minValue":"11","maxValue":"50"},"publishingPrinciples":"https:\/\/talkpal.ai\/publishing-principles\/","actionableFeedbackPolicy":"https:\/\/talkpal.ai\/actionable-feedback-policy\/","correctionsPolicy":"https:\/\/talkpal.ai\/corrections-policy\/","ethicsPolicy":"https:\/\/talkpal.ai\/ethics-policy\/","diversityPolicy":"https:\/\/talkpal.ai\/diversity-policy\/","diversityStaffingReport":"https:\/\/talkpal.ai\/diversity-policy\/"}]}},"_links":{"self":[{"href":"https:\/\/talkpal.ai\/pt-pt\/wp-json\/wp\/v2\/posts\/822831","targetHints":{"allow":["GET"]}}],"collection":[{"href":"https:\/\/talkpal.ai\/pt-pt\/wp-json\/wp\/v2\/posts"}],"about":[{"href":"https:\/\/talkpal.ai\/pt-pt\/wp-json\/wp\/v2\/types\/post"}],"replies":[{"embeddable":true,"href":"https:\/\/talkpal.ai\/pt-pt\/wp-json\/wp\/v2\/comments?post=822831"}],"version-history":[{"count":0,"href":"https:\/\/talkpal.ai\/pt-pt\/wp-json\/wp\/v2\/posts\/822831\/revisions"}],"wp:featuredmedia":[{"embeddable":true,"href":"https:\/\/talkpal.ai\/pt-pt\/wp-json\/wp\/v2\/media\/1527846"}],"wp:attachment":[{"href":"https:\/\/talkpal.ai\/pt-pt\/wp-json\/wp\/v2\/media?parent=822831"}],"wp:term":[{"taxonomy":"category","embeddable":true,"href":"https:\/\/talkpal.ai\/pt-pt\/wp-json\/wp\/v2\/categories?post=822831"},{"taxonomy":"post_tag","embeddable":true,"href":"https:\/\/talkpal.ai\/pt-pt\/wp-json\/wp\/v2\/tags?post=822831"}],"curies":[{"name":"wp","href":"https:\/\/api.w.org\/{rel}","templated":true}]}}