{"id":686018,"date":"2024-06-06T15:30:26","date_gmt":"2024-06-06T15:30:26","guid":{"rendered":"https:\/\/talkpal.ai\/aprenda-a-falar-em-publico-em-galego\/"},"modified":"2024-06-06T15:30:26","modified_gmt":"2024-06-06T15:30:26","slug":"aprenda-a-falar-em-publico-em-galego","status":"publish","type":"post","link":"https:\/\/talkpal.ai\/pt-pt\/aprenda-a-falar-em-publico-em-galego\/","title":{"rendered":"Aprenda a falar em p\u00fablico em galego"},"content":{"rendered":"<p><H3>Introdu\u00e7\u00e3o \u00e0 Import\u00e2ncia de Falar em P\u00fablico em <a href=\"https:\/\/talkpal.ai\/learn-galician\/\">Galego<\/a><\/H3><\/p>\n<p>Falar em p\u00fablico \u00e9 uma habilidade essencial em diversas \u00e1reas da vida, desde o ambiente profissional at\u00e9 eventos sociais. No contexto <a href=\"https:\/\/talkpal.ai\/learn-galician\/\">galego<\/a>, a capacidade de se expressar adequadamente em galego n\u00e3o s\u00f3 fortalece a identidade cultural, mas tamb\u00e9m promove a preserva\u00e7\u00e3o e valoriza\u00e7\u00e3o da l\u00edngua. Aprender a falar em p\u00fablico em galego \u00e9 um passo significativo para qualquer pessoa que queira se comunicar de forma eficaz e culturalmente relevante.<\/p>\n<p><H3>Benef\u00edcios de Falar em P\u00fablico em Galego<\/H3><\/p>\n<p><H3>Fortalecimento da Identidade Cultural<\/H3><\/p>\n<p>Falar em p\u00fablico em galego ajuda a refor\u00e7ar a identidade cultural. \u00c9 uma forma de homenagear e preservar a heran\u00e7a lingu\u00edstica da Galiza.<\/p>\n<p><H3>Melhora das Oportunidades Profissionais<\/H3><\/p>\n<p>No mercado de trabalho, a capacidade de se comunicar em galego pode abrir portas para in\u00fameras oportunidades profissionais, especialmente em \u00e1reas <a href=\"https:\/\/talkpal.ai\/locations\/language-courses-in-como\/\">como<\/a> <a href=\"https:\/\/talkpal.ai\/talkpal-for-education\/\">educa\u00e7\u00e3o<\/a>, administra\u00e7\u00e3o p\u00fablica e comunica\u00e7\u00e3o.<\/p>\n<p><H3>Desenvolvimento Pessoal<\/H3><\/p>\n<p>A habilidade de falar em p\u00fablico, independentemente da l\u00edngua, \u00e9 um fator crucial para o desenvolvimento pessoal. Melhora a autoconfian\u00e7a, as habilidades de comunica\u00e7\u00e3o e a capacidade de persuadir e liderar.<\/p>\n<p><H3><a href=\"https:\/\/talkpal.ai\/locations\/language-courses-in-passos\/\">Passos<\/a> para Aprender a Falar em P\u00fablico em Galego<\/H3><\/p>\n<p><H3>Conhe\u00e7a o Seu P\u00fablico<\/H3><\/p>\n<p>Antes de qualquer apresenta\u00e7\u00e3o, \u00e9 fundamental conhecer o p\u00fablico-alvo. Isso inclui entender suas expectativas, n\u00edvel de conhecimento sobre o tema e prefer\u00eancias lingu\u00edsticas.<\/p>\n<p><b>An\u00e1lise de Demografia:<\/b> Idade, g\u00eanero, profiss\u00e3o.<br \/>\n<b>Interesses e Necessidades:<\/b> Temas de interesse, quest\u00f5es importantes.<br \/>\n<b>N\u00edvel de Conhecimento:<\/b> Familiaridade com o galego e o tema da apresenta\u00e7\u00e3o.<\/p>\n<p><H3>Domine o Conte\u00fado<\/H3><\/p>\n<p>O dom\u00ednio do conte\u00fado \u00e9 crucial para qualquer apresenta\u00e7\u00e3o eficaz. Isso inclui n\u00e3o apenas o conhecimento profundo do tema, mas tamb\u00e9m a capacidade de apresentar informa\u00e7\u00f5es de forma clara e organizada.<\/p>\n<p><b>Pesquisa e Estudo:<\/b> Dedique tempo \u00e0 pesquisa e ao estudo do tema.<br \/>\n<b>Organiza\u00e7\u00e3o do Conte\u00fado:<\/b> Estruture a apresenta\u00e7\u00e3o de forma l\u00f3gica e coerente.<br \/>\n<b>Ensaios:<\/b> Pratique a apresenta\u00e7\u00e3o v\u00e1rias vezes para garantir fluidez e confian\u00e7a.<\/p>\n<p><H3>Desenvolva Habilidades Lingu\u00edsticas em Galego<\/H3><\/p>\n<p>Para falar em p\u00fablico em galego, \u00e9 essencial ter um bom dom\u00ednio da l\u00edngua. Isso pode ser alcan\u00e7ado atrav\u00e9s de v\u00e1rias estrat\u00e9gias:<\/p>\n<p><b>Leitura:<\/b> Leia livros, jornais e revistas em galego para melhorar o vocabul\u00e1rio e a compreens\u00e3o.<br \/>\n<b>Escrita:<\/b> Pratique escrever textos em galego, como artigos, ensaios e discursos.<br \/>\n<b>Conversa\u00e7\u00e3o:<\/b> Participe de conversas em galego com falantes nativos ou em grupos de estudo.<\/p>\n<p><H3>Utilize Recursos Audiovisuais<\/H3><\/p>\n<p>O uso de recursos audiovisuais pode enriquecer a sua apresenta\u00e7\u00e3o e tornar a mensagem mais clara e envolvente.<\/p>\n<p><b>Slides:<\/b> Crie slides claros e concisos para destacar pontos-chave.<br \/>\n<b>V\u00eddeos:<\/b> Utilize v\u00eddeos relevantes para ilustrar conceitos ou fornecer exemplos.<br \/>\n<b>Gr\u00e1ficos e Imagens:<\/b> Use gr\u00e1ficos e imagens para tornar dados e informa\u00e7\u00f5es mais compreens\u00edveis.<\/p>\n<p><H3>T\u00e9cnicas de Comunica\u00e7\u00e3o N\u00e3o Verbal<\/H3><\/p>\n<p>A comunica\u00e7\u00e3o n\u00e3o verbal desempenha um papel crucial na efic\u00e1cia de uma apresenta\u00e7\u00e3o. Isso inclui linguagem corporal, express\u00f5es faciais e <a href=\"https:\/\/talkpal.ai\/contact\/\">contato<\/a> visual.<\/p>\n<p><b>Postura:<\/b> Mantenha uma postura aberta e confiante.<br \/>\n<b>Gestos:<\/b> Use gestos para enfatizar pontos importantes.<br \/>\n<b>Express\u00f5es Faciais:<\/b> Utilize express\u00f5es faciais para transmitir emo\u00e7\u00f5es e engajar o p\u00fablico.<br \/>\n<b>Contato Visual:<\/b> Estabele\u00e7a e mantenha <a href=\"https:\/\/talkpal.ai\/contact\/\">contato<\/a> visual com o p\u00fablico para criar uma conex\u00e3o.<\/p>\n<p><H3>Gerenciamento da Ansiedade<\/H3><\/p>\n<p>Muitas pessoas sentem ansiedade ao falar em p\u00fablico. Existem v\u00e1rias t\u00e9cnicas que podem ajudar a gerenciar essa ansiedade:<\/p>\n<p><b>Respira\u00e7\u00e3o:<\/b> Pratique t\u00e9cnicas de respira\u00e7\u00e3o profunda para acalmar os nervos.<br \/>\n<b>Visualiza\u00e7\u00e3o:<\/b> Visualize uma apresenta\u00e7\u00e3o bem-sucedida para aumentar a confian\u00e7a.<br \/>\n<b>Pr\u00e1tica:<\/b> Quanto mais voc\u00ea pratica, mais confiante e menos ansioso voc\u00ea se sentir\u00e1.<\/p>\n<p><H3>Feedback e Melhoria Cont\u00ednua<\/H3><\/p>\n<p>Ap\u00f3s cada apresenta\u00e7\u00e3o, \u00e9 importante buscar feedback e usar essa informa\u00e7\u00e3o para melhorar continuamente.<\/p>\n<p><b>Autoavalia\u00e7\u00e3o:<\/b> Reflita sobre o que correu bem e o que pode ser melhorado.<br \/>\n<b>Feedback do P\u00fablico:<\/b> Pe\u00e7a feedback ao p\u00fablico para obter diferentes perspectivas.<br \/>\n<b>Desenvolvimento Cont\u00ednuo:<\/b> Continue a praticar e a desenvolver suas habilidades de falar em p\u00fablico.<\/p>\n<p><H3>Exemplos de Discursos em Galego<\/H3><\/p>\n<p>Para ilustrar como falar em p\u00fablico em galego, vamos analisar alguns exemplos de discursos bem-sucedidos.<\/p>\n<p><H3>Discurso de Boas-Vindas<\/H3><\/p>\n<p>&#8220;Boas tardes a todos. \u00c9 un pracer darvos a benvida a este evento tan especial. Hoxe, imos celebrar xuntos os logros da nosa comunidade e reflexionar sobre os desaf\u00edos que temos por diante. Agradezo a vosa presenza e espero que disfrutedes do programa que preparamos.&#8221;<\/p>\n<p><H3>Discurso Motivacional<\/H3><\/p>\n<p>&#8220;Queridos amigos, estamos aqu\u00ed hoxe para lembrar que cada un de n\u00f3s ten o poder de facer a diferenza. A trav\u00e9s do noso esforzo e dedicaci\u00f3n, podemos superar calquera obst\u00e1culo e alcanzar os nosos so\u00f1os. Non esquezades nunca que a verdadeira forza reside dentro de cada un de n\u00f3s.&#8221;<\/p>\n<p><H3>Discurso Informativo<\/H3><\/p>\n<p>&#8220;Bos d\u00edas a todos. Hoxe, vou falarvos sobre a importancia da preservaci\u00f3n do medio ambiente. A nosa terra est\u00e1 en perigo, e \u00e9 responsabilidade de todos n\u00f3s tomar medidas para protexela. A trav\u00e9s de pequenas acci\u00f3ns, como reciclar e reducir o consumo de pl\u00e1sticos, podemos contribu\u00edr a un <a href=\"https:\/\/talkpal.ai\/ja\/grammar_exercises\/futuro-%e3%82%b9%e3%83%9a%e3%82%a4%e3%83%b3%e8%aa%9e%e3%81%ae%e6%96%87%e6%b3%95%e3%81%ae%e6%bc%94%e7%bf%92\/\">futuro<\/a> m\u00e1is sustentable.&#8221;<\/p>\n<p><H3>Conclus\u00e3o<\/H3><\/p>\n<p>Aprender a falar em p\u00fablico em galego \u00e9 uma habilidade valiosa que pode trazer in\u00fameros benef\u00edcios, desde o fortalecimento da identidade cultural at\u00e9 o desenvolvimento pessoal e profissional. Com dedica\u00e7\u00e3o e pr\u00e1tica, qualquer pessoa pode aprimorar suas habilidades de comunica\u00e7\u00e3o e se tornar um orador eficaz em galego. Lembre-se de conhecer o seu p\u00fablico, dominar o conte\u00fado, desenvolver habilidades lingu\u00edsticas, utilizar recursos audiovisuais, prestar aten\u00e7\u00e3o \u00e0 comunica\u00e7\u00e3o n\u00e3o verbal, gerenciar a ansiedade e buscar feedback para melhoria cont\u00ednua. Com essas estrat\u00e9gias, voc\u00ea estar\u00e1 bem preparado para se destacar em qualquer apresenta\u00e7\u00e3o em p\u00fablico em galego.<\/p>\n","protected":false},"excerpt":{"rendered":"<p>Introdu\u00e7\u00e3o \u00e0 Import\u00e2ncia de Falar em P\u00fablico em Galego Falar em p\u00fablico \u00e9 uma habilidade essencial em diversas \u00e1reas da vida, desde o ambiente profissional at\u00e9 eventos sociais. No contexto galego, a capacidade de se expressar adequadamente em galego n\u00e3o s\u00f3 fortalece a identidade cultural, mas tamb\u00e9m promove a preserva\u00e7\u00e3o e valoriza\u00e7\u00e3o da l\u00edngua. Aprender [&hellip;]<\/p>\n","protected":false},"author":0,"featured_media":1527690,"comment_status":"open","ping_status":"open","sticky":false,"template":"","format":"standard","meta":{"_acf_changed":false,"footnotes":""},"categories":[3642],"tags":[],"class_list":["post-686018","post","type-post","status-publish","format-standard","has-post-thumbnail","hentry","category-aprendizagem-de-linguas"],"acf":[],"yoast_head":"<!-- This site is optimized with the Yoast SEO Premium plugin v27.2 (Yoast SEO v27.2) - https:\/\/yoast.com\/product\/yoast-seo-premium-wordpress\/ -->\n<title>Aprenda a falar em p\u00fablico em galego - Talkpal<\/title>\n<meta name=\"description\" content=\"Introdu\u00e7\u00e3o \u00e0 Import\u00e2ncia de Falar em P\u00fablico em Galego Falar em p\u00fablico \u00e9 uma habilidade essencial em diversas \u00e1reas da vida, desde o ambiente\" \/>\n<meta name=\"robots\" content=\"index, follow, max-snippet:-1, max-image-preview:large, max-video-preview:-1\" \/>\n<link rel=\"canonical\" href=\"https:\/\/talkpal.ai\/pt-pt\/aprenda-a-falar-em-publico-em-galego\/\" \/>\n<meta property=\"og:locale\" content=\"pt_PT\" \/>\n<meta property=\"og:type\" content=\"article\" \/>\n<meta property=\"og:title\" content=\"Aprenda a falar em p\u00fablico em galego\" \/>\n<meta property=\"og:description\" content=\"Introdu\u00e7\u00e3o \u00e0 Import\u00e2ncia de Falar em P\u00fablico em Galego Falar em p\u00fablico \u00e9 uma habilidade essencial em diversas \u00e1reas da vida, desde o ambiente\" \/>\n<meta property=\"og:url\" content=\"https:\/\/talkpal.ai\/pt-pt\/aprenda-a-falar-em-publico-em-galego\/\" \/>\n<meta property=\"og:site_name\" content=\"Talkpal\" \/>\n<meta property=\"article:publisher\" content=\"https:\/\/www.facebook.com\/profile.php?id=100090733639311\" \/>\n<meta property=\"article:published_time\" content=\"2024-06-06T15:30:26+00:00\" \/>\n<meta property=\"og:image\" content=\"https:\/\/talkpal.ai\/wp-content\/uploads\/2025\/02\/Progress-tab-16_9.png\" \/>\n\t<meta property=\"og:image:width\" content=\"2880\" \/>\n\t<meta property=\"og:image:height\" content=\"1620\" \/>\n\t<meta property=\"og:image:type\" content=\"image\/png\" \/>\n<meta name=\"twitter:card\" content=\"summary_large_image\" \/>\n<meta name=\"twitter:creator\" content=\"@talkpalai\" \/>\n<meta name=\"twitter:site\" content=\"@talkpalai\" \/>\n<meta name=\"twitter:label1\" content=\"Tempo estimado de leitura\" \/>\n\t<meta name=\"twitter:data1\" content=\"5 minutos\" \/>\n<script type=\"application\/ld+json\" class=\"yoast-schema-graph\">{\"@context\":\"https:\/\/schema.org\",\"@graph\":[{\"@type\":\"Article\",\"@id\":\"https:\/\/talkpal.ai\/pt-pt\/aprenda-a-falar-em-publico-em-galego\/#article\",\"isPartOf\":{\"@id\":\"https:\/\/talkpal.ai\/pt-pt\/aprenda-a-falar-em-publico-em-galego\/\"},\"author\":{\"name\":\"\",\"@id\":\"\"},\"headline\":\"Aprenda a falar em p\u00fablico em galego\",\"datePublished\":\"2024-06-06T15:30:26+00:00\",\"mainEntityOfPage\":{\"@id\":\"https:\/\/talkpal.ai\/pt-pt\/aprenda-a-falar-em-publico-em-galego\/\"},\"wordCount\":1004,\"commentCount\":0,\"publisher\":{\"@id\":\"https:\/\/talkpal.ai\/pt-pt\/#organization\"},\"image\":{\"@id\":\"https:\/\/talkpal.ai\/pt-pt\/aprenda-a-falar-em-publico-em-galego\/#primaryimage\"},\"thumbnailUrl\":\"https:\/\/talkpal.ai\/wp-content\/uploads\/2025\/12\/group-reads-together-to-learn-languages.webp\",\"articleSection\":[\"Aprendizagem de l\u00ednguas\"],\"inLanguage\":\"pt-PT\",\"potentialAction\":[{\"@type\":\"CommentAction\",\"name\":\"Comment\",\"target\":[\"https:\/\/talkpal.ai\/pt-pt\/aprenda-a-falar-em-publico-em-galego\/#respond\"]}]},{\"@type\":\"WebPage\",\"@id\":\"https:\/\/talkpal.ai\/pt-pt\/aprenda-a-falar-em-publico-em-galego\/\",\"url\":\"https:\/\/talkpal.ai\/pt-pt\/aprenda-a-falar-em-publico-em-galego\/\",\"name\":\"Aprenda a falar em p\u00fablico em galego - Talkpal\",\"isPartOf\":{\"@id\":\"https:\/\/talkpal.ai\/pt-pt\/#website\"},\"primaryImageOfPage\":{\"@id\":\"https:\/\/talkpal.ai\/pt-pt\/aprenda-a-falar-em-publico-em-galego\/#primaryimage\"},\"image\":{\"@id\":\"https:\/\/talkpal.ai\/pt-pt\/aprenda-a-falar-em-publico-em-galego\/#primaryimage\"},\"thumbnailUrl\":\"https:\/\/talkpal.ai\/wp-content\/uploads\/2025\/12\/group-reads-together-to-learn-languages.webp\",\"datePublished\":\"2024-06-06T15:30:26+00:00\",\"description\":\"Introdu\u00e7\u00e3o \u00e0 Import\u00e2ncia de Falar em P\u00fablico em Galego Falar em p\u00fablico \u00e9 uma habilidade essencial em diversas \u00e1reas da vida, desde o ambiente\",\"breadcrumb\":{\"@id\":\"https:\/\/talkpal.ai\/pt-pt\/aprenda-a-falar-em-publico-em-galego\/#breadcrumb\"},\"inLanguage\":\"pt-PT\",\"potentialAction\":[{\"@type\":\"ReadAction\",\"target\":[\"https:\/\/talkpal.ai\/pt-pt\/aprenda-a-falar-em-publico-em-galego\/\"]}]},{\"@type\":\"ImageObject\",\"inLanguage\":\"pt-PT\",\"@id\":\"https:\/\/talkpal.ai\/pt-pt\/aprenda-a-falar-em-publico-em-galego\/#primaryimage\",\"url\":\"https:\/\/talkpal.ai\/wp-content\/uploads\/2025\/12\/group-reads-together-to-learn-languages.webp\",\"contentUrl\":\"https:\/\/talkpal.ai\/wp-content\/uploads\/2025\/12\/group-reads-together-to-learn-languages.webp\",\"width\":1200,\"height\":896,\"caption\":\"Several students sit at a table in a warm, sunlit room while learning languages with their textbooks.\"},{\"@type\":\"BreadcrumbList\",\"@id\":\"https:\/\/talkpal.ai\/pt-pt\/aprenda-a-falar-em-publico-em-galego\/#breadcrumb\",\"itemListElement\":[{\"@type\":\"ListItem\",\"position\":1,\"name\":\"Homepage\",\"item\":\"https:\/\/talkpal.ai\/pt-pt\/\"},{\"@type\":\"ListItem\",\"position\":2,\"name\":\"Aprenda a falar em p\u00fablico em galego\"}]},{\"@type\":\"WebSite\",\"@id\":\"https:\/\/talkpal.ai\/pt-pt\/#website\",\"url\":\"https:\/\/talkpal.ai\/pt-pt\/\",\"name\":\"Talkpal\",\"description\":\"AI Language Learning\",\"publisher\":{\"@id\":\"https:\/\/talkpal.ai\/pt-pt\/#organization\"},\"alternateName\":\"Talkpal AI\",\"potentialAction\":[{\"@type\":\"SearchAction\",\"target\":{\"@type\":\"EntryPoint\",\"urlTemplate\":\"https:\/\/talkpal.ai\/pt-pt\/?s={search_term_string}\"},\"query-input\":{\"@type\":\"PropertyValueSpecification\",\"valueRequired\":true,\"valueName\":\"search_term_string\"}}],\"inLanguage\":\"pt-PT\"},{\"@type\":\"Organization\",\"@id\":\"https:\/\/talkpal.ai\/pt-pt\/#organization\",\"name\":\"Talkpal, Inc.\",\"alternateName\":\"Talkpal AI\",\"url\":\"https:\/\/talkpal.ai\/pt-pt\/\",\"logo\":{\"@type\":\"ImageObject\",\"inLanguage\":\"pt-PT\",\"@id\":\"https:\/\/talkpal.ai\/pt-pt\/#\/schema\/logo\/image\/\",\"url\":\"https:\/\/talkpal.ai\/wp-content\/uploads\/2024\/03\/Talkpal-Logo-Icon.png\",\"contentUrl\":\"https:\/\/talkpal.ai\/wp-content\/uploads\/2024\/03\/Talkpal-Logo-Icon.png\",\"width\":2880,\"height\":2880,\"caption\":\"Talkpal, Inc.\"},\"image\":{\"@id\":\"https:\/\/talkpal.ai\/pt-pt\/#\/schema\/logo\/image\/\"},\"sameAs\":[\"https:\/\/www.facebook.com\/profile.php?id=100090733639311\",\"https:\/\/x.com\/talkpalai\",\"https:\/\/www.linkedin.com\/company\/talkpal\/\",\"https:\/\/www.youtube.com\/@TalkPal\/\",\"https:\/\/www.tiktok.com\/@talkpal\",\"https:\/\/www.instagram.com\/talkpal_ai\/\",\"https:\/\/www.crunchbase.com\/organization\/talkpal-9cde\",\"https:\/\/www.g2.com\/products\/talkpal-for-business\/\",\"https:\/\/www.trustpilot.com\/review\/talkpal.ai\",\"https:\/\/www.capterra.com\/p\/10006800\/TalkPal\/\"],\"description\":\"Talkpal is a language learning web and mobile education app, powered by the latest AI technologies, that provides engaging experiences to its customers in many different languages to help them improve their language skills. Users can chat about unlimited amount of topics with the app and use other modes to practice their language learning.\",\"email\":\"support@talkpal.ai\",\"legalName\":\"Talkpal, Inc.\",\"foundingDate\":\"2023-04-03\",\"duns\":\"118989042\",\"numberOfEmployees\":{\"@type\":\"QuantitativeValue\",\"minValue\":\"11\",\"maxValue\":\"50\"},\"publishingPrinciples\":\"https:\/\/talkpal.ai\/publishing-principles\/\",\"actionableFeedbackPolicy\":\"https:\/\/talkpal.ai\/actionable-feedback-policy\/\",\"correctionsPolicy\":\"https:\/\/talkpal.ai\/corrections-policy\/\",\"ethicsPolicy\":\"https:\/\/talkpal.ai\/ethics-policy\/\",\"diversityPolicy\":\"https:\/\/talkpal.ai\/diversity-policy\/\",\"diversityStaffingReport\":\"https:\/\/talkpal.ai\/diversity-policy\/\"}]}<\/script>\n<!-- \/ Yoast SEO Premium plugin. -->","yoast_head_json":{"title":"Aprenda a falar em p\u00fablico em galego - Talkpal","description":"Introdu\u00e7\u00e3o \u00e0 Import\u00e2ncia de Falar em P\u00fablico em Galego Falar em p\u00fablico \u00e9 uma habilidade essencial em diversas \u00e1reas da vida, desde o ambiente","robots":{"index":"index","follow":"follow","max-snippet":"max-snippet:-1","max-image-preview":"max-image-preview:large","max-video-preview":"max-video-preview:-1"},"canonical":"https:\/\/talkpal.ai\/pt-pt\/aprenda-a-falar-em-publico-em-galego\/","og_locale":"pt_PT","og_type":"article","og_title":"Aprenda a falar em p\u00fablico em galego","og_description":"Introdu\u00e7\u00e3o \u00e0 Import\u00e2ncia de Falar em P\u00fablico em Galego Falar em p\u00fablico \u00e9 uma habilidade essencial em diversas \u00e1reas da vida, desde o ambiente","og_url":"https:\/\/talkpal.ai\/pt-pt\/aprenda-a-falar-em-publico-em-galego\/","og_site_name":"Talkpal","article_publisher":"https:\/\/www.facebook.com\/profile.php?id=100090733639311","article_published_time":"2024-06-06T15:30:26+00:00","og_image":[{"width":2880,"height":1620,"url":"https:\/\/talkpal.ai\/wp-content\/uploads\/2025\/02\/Progress-tab-16_9.png","type":"image\/png"}],"twitter_card":"summary_large_image","twitter_creator":"@talkpalai","twitter_site":"@talkpalai","twitter_misc":{"Tempo estimado de leitura":"5 minutos"},"schema":{"@context":"https:\/\/schema.org","@graph":[{"@type":"Article","@id":"https:\/\/talkpal.ai\/pt-pt\/aprenda-a-falar-em-publico-em-galego\/#article","isPartOf":{"@id":"https:\/\/talkpal.ai\/pt-pt\/aprenda-a-falar-em-publico-em-galego\/"},"author":{"name":"","@id":""},"headline":"Aprenda a falar em p\u00fablico em galego","datePublished":"2024-06-06T15:30:26+00:00","mainEntityOfPage":{"@id":"https:\/\/talkpal.ai\/pt-pt\/aprenda-a-falar-em-publico-em-galego\/"},"wordCount":1004,"commentCount":0,"publisher":{"@id":"https:\/\/talkpal.ai\/pt-pt\/#organization"},"image":{"@id":"https:\/\/talkpal.ai\/pt-pt\/aprenda-a-falar-em-publico-em-galego\/#primaryimage"},"thumbnailUrl":"https:\/\/talkpal.ai\/wp-content\/uploads\/2025\/12\/group-reads-together-to-learn-languages.webp","articleSection":["Aprendizagem de l\u00ednguas"],"inLanguage":"pt-PT","potentialAction":[{"@type":"CommentAction","name":"Comment","target":["https:\/\/talkpal.ai\/pt-pt\/aprenda-a-falar-em-publico-em-galego\/#respond"]}]},{"@type":"WebPage","@id":"https:\/\/talkpal.ai\/pt-pt\/aprenda-a-falar-em-publico-em-galego\/","url":"https:\/\/talkpal.ai\/pt-pt\/aprenda-a-falar-em-publico-em-galego\/","name":"Aprenda a falar em p\u00fablico em galego - Talkpal","isPartOf":{"@id":"https:\/\/talkpal.ai\/pt-pt\/#website"},"primaryImageOfPage":{"@id":"https:\/\/talkpal.ai\/pt-pt\/aprenda-a-falar-em-publico-em-galego\/#primaryimage"},"image":{"@id":"https:\/\/talkpal.ai\/pt-pt\/aprenda-a-falar-em-publico-em-galego\/#primaryimage"},"thumbnailUrl":"https:\/\/talkpal.ai\/wp-content\/uploads\/2025\/12\/group-reads-together-to-learn-languages.webp","datePublished":"2024-06-06T15:30:26+00:00","description":"Introdu\u00e7\u00e3o \u00e0 Import\u00e2ncia de Falar em P\u00fablico em Galego Falar em p\u00fablico \u00e9 uma habilidade essencial em diversas \u00e1reas da vida, desde o ambiente","breadcrumb":{"@id":"https:\/\/talkpal.ai\/pt-pt\/aprenda-a-falar-em-publico-em-galego\/#breadcrumb"},"inLanguage":"pt-PT","potentialAction":[{"@type":"ReadAction","target":["https:\/\/talkpal.ai\/pt-pt\/aprenda-a-falar-em-publico-em-galego\/"]}]},{"@type":"ImageObject","inLanguage":"pt-PT","@id":"https:\/\/talkpal.ai\/pt-pt\/aprenda-a-falar-em-publico-em-galego\/#primaryimage","url":"https:\/\/talkpal.ai\/wp-content\/uploads\/2025\/12\/group-reads-together-to-learn-languages.webp","contentUrl":"https:\/\/talkpal.ai\/wp-content\/uploads\/2025\/12\/group-reads-together-to-learn-languages.webp","width":1200,"height":896,"caption":"Several students sit at a table in a warm, sunlit room while learning languages with their textbooks."},{"@type":"BreadcrumbList","@id":"https:\/\/talkpal.ai\/pt-pt\/aprenda-a-falar-em-publico-em-galego\/#breadcrumb","itemListElement":[{"@type":"ListItem","position":1,"name":"Homepage","item":"https:\/\/talkpal.ai\/pt-pt\/"},{"@type":"ListItem","position":2,"name":"Aprenda a falar em p\u00fablico em galego"}]},{"@type":"WebSite","@id":"https:\/\/talkpal.ai\/pt-pt\/#website","url":"https:\/\/talkpal.ai\/pt-pt\/","name":"Talkpal","description":"AI Language Learning","publisher":{"@id":"https:\/\/talkpal.ai\/pt-pt\/#organization"},"alternateName":"Talkpal AI","potentialAction":[{"@type":"SearchAction","target":{"@type":"EntryPoint","urlTemplate":"https:\/\/talkpal.ai\/pt-pt\/?s={search_term_string}"},"query-input":{"@type":"PropertyValueSpecification","valueRequired":true,"valueName":"search_term_string"}}],"inLanguage":"pt-PT"},{"@type":"Organization","@id":"https:\/\/talkpal.ai\/pt-pt\/#organization","name":"Talkpal, Inc.","alternateName":"Talkpal AI","url":"https:\/\/talkpal.ai\/pt-pt\/","logo":{"@type":"ImageObject","inLanguage":"pt-PT","@id":"https:\/\/talkpal.ai\/pt-pt\/#\/schema\/logo\/image\/","url":"https:\/\/talkpal.ai\/wp-content\/uploads\/2024\/03\/Talkpal-Logo-Icon.png","contentUrl":"https:\/\/talkpal.ai\/wp-content\/uploads\/2024\/03\/Talkpal-Logo-Icon.png","width":2880,"height":2880,"caption":"Talkpal, Inc."},"image":{"@id":"https:\/\/talkpal.ai\/pt-pt\/#\/schema\/logo\/image\/"},"sameAs":["https:\/\/www.facebook.com\/profile.php?id=100090733639311","https:\/\/x.com\/talkpalai","https:\/\/www.linkedin.com\/company\/talkpal\/","https:\/\/www.youtube.com\/@TalkPal\/","https:\/\/www.tiktok.com\/@talkpal","https:\/\/www.instagram.com\/talkpal_ai\/","https:\/\/www.crunchbase.com\/organization\/talkpal-9cde","https:\/\/www.g2.com\/products\/talkpal-for-business\/","https:\/\/www.trustpilot.com\/review\/talkpal.ai","https:\/\/www.capterra.com\/p\/10006800\/TalkPal\/"],"description":"Talkpal is a language learning web and mobile education app, powered by the latest AI technologies, that provides engaging experiences to its customers in many different languages to help them improve their language skills. Users can chat about unlimited amount of topics with the app and use other modes to practice their language learning.","email":"support@talkpal.ai","legalName":"Talkpal, Inc.","foundingDate":"2023-04-03","duns":"118989042","numberOfEmployees":{"@type":"QuantitativeValue","minValue":"11","maxValue":"50"},"publishingPrinciples":"https:\/\/talkpal.ai\/publishing-principles\/","actionableFeedbackPolicy":"https:\/\/talkpal.ai\/actionable-feedback-policy\/","correctionsPolicy":"https:\/\/talkpal.ai\/corrections-policy\/","ethicsPolicy":"https:\/\/talkpal.ai\/ethics-policy\/","diversityPolicy":"https:\/\/talkpal.ai\/diversity-policy\/","diversityStaffingReport":"https:\/\/talkpal.ai\/diversity-policy\/"}]}},"_links":{"self":[{"href":"https:\/\/talkpal.ai\/pt-pt\/wp-json\/wp\/v2\/posts\/686018","targetHints":{"allow":["GET"]}}],"collection":[{"href":"https:\/\/talkpal.ai\/pt-pt\/wp-json\/wp\/v2\/posts"}],"about":[{"href":"https:\/\/talkpal.ai\/pt-pt\/wp-json\/wp\/v2\/types\/post"}],"replies":[{"embeddable":true,"href":"https:\/\/talkpal.ai\/pt-pt\/wp-json\/wp\/v2\/comments?post=686018"}],"version-history":[{"count":0,"href":"https:\/\/talkpal.ai\/pt-pt\/wp-json\/wp\/v2\/posts\/686018\/revisions"}],"wp:featuredmedia":[{"embeddable":true,"href":"https:\/\/talkpal.ai\/pt-pt\/wp-json\/wp\/v2\/media\/1527690"}],"wp:attachment":[{"href":"https:\/\/talkpal.ai\/pt-pt\/wp-json\/wp\/v2\/media?parent=686018"}],"wp:term":[{"taxonomy":"category","embeddable":true,"href":"https:\/\/talkpal.ai\/pt-pt\/wp-json\/wp\/v2\/categories?post=686018"},{"taxonomy":"post_tag","embeddable":true,"href":"https:\/\/talkpal.ai\/pt-pt\/wp-json\/wp\/v2\/tags?post=686018"}],"curies":[{"name":"wp","href":"https:\/\/api.w.org\/{rel}","templated":true}]}}