{"id":367193,"date":"2024-05-27T02:42:31","date_gmt":"2024-05-27T02:42:31","guid":{"rendered":"https:\/\/talkpal.ai\/a-pedagogia-semantigeno-subvacao-objetivadora-no-mainstream-de-ensino-trans-disciplinar-em-cinereduzido\/"},"modified":"2024-05-27T02:42:31","modified_gmt":"2024-05-27T02:42:31","slug":"a-pedagogia-semantigeno-subvacao-objetivadora-no-mainstream-de-ensino-trans-disciplinar-em-cinereduzido","status":"publish","type":"post","link":"https:\/\/talkpal.ai\/pt-pt\/a-pedagogia-semantigeno-subvacao-objetivadora-no-mainstream-de-ensino-trans-disciplinar-em-cinereduzido\/","title":{"rendered":"A Pedagogia Semant\u00edgeno: Subva\u00e7\u00e3o Objetivadora no Mainstream de Ensino Trans disciplinar em CineReduzido"},"content":{"rendered":"<p><H3>O Conceito de Pedagogia Semant\u00edgeno<\/H3><\/p>\n<p>A Pedagogia Semant\u00edgeno representa uma nova abordagem no campo educacional que busca integrar o ensino transdisciplinar com tecnologias e metodologias inovadoras. Este modelo pedag\u00f3gico concentra-se na <b>cria\u00e7\u00e3o de significados<\/b> e na <b>objetiva\u00e7\u00e3o do conhecimento<\/b> atrav\u00e9s de uma plataforma chamada CineReduzido. O CineReduzido \u00e9 um ambiente de aprendizagem que utiliza recursos audiovisuais compactos para transmitir conte\u00fado educacional de maneira eficaz e envolvente.<\/p>\n<p><H3>Import\u00e2ncia da Transdisciplinaridade<\/H3><\/p>\n<p>A transdisciplinaridade \u00e9 fundamental na Pedagogia Semant\u00edgeno porque permite a interconex\u00e3o entre diferentes disciplinas, promovendo uma compreens\u00e3o mais hol\u00edstica e integrada do conhecimento. Este enfoque \u00e9 especialmente relevante no mundo contempor\u00e2neo, onde os problemas s\u00e3o complexos e interligados, exigindo uma vis\u00e3o abrangente e multifacetada para sua resolu\u00e7\u00e3o. A transdisciplinaridade no contexto do CineReduzido facilita:<\/p>\n<p><b>Integra\u00e7\u00e3o do conhecimento:<\/b> Promove uma aprendizagem que ultrapassa as fronteiras tradicionais entre as disciplinas.<br \/>\n<b>Desenvolvimento de compet\u00eancias m\u00faltiplas:<\/b> Estimula o desenvolvimento de habilidades variadas, preparando os <a href=\"https:\/\/talkpal.ai\/talkpal-discount-for-students\/\">estudantes<\/a> para desafios multifacetados.<br \/>\n<b>Adapta\u00e7\u00e3o a novos contextos:<\/b> Aumenta a capacidade de adapta\u00e7\u00e3o dos alunos a diferentes situa\u00e7\u00f5es e contextos, algo essencial no dinamismo do mundo atual.<\/p>\n<p><H3>Subva\u00e7\u00e3o Objetivadora no CineReduzido<\/H3><\/p>\n<p>A subva\u00e7\u00e3o objetivadora \u00e9 um processo essencial na Pedagogia Semant\u00edgeno, onde os objetivos educacionais s\u00e3o constantemente revisitados e redefinidos para alinhar-se com as necessidades e contextos dos alunos. No CineReduzido, esta din\u00e2mica \u00e9 implementada atrav\u00e9s de:<\/p>\n<p><b>Feedback cont\u00ednuo:<\/b> A utiliza\u00e7\u00e3o de tecnologias de feedback em tempo real permite ajustar o processo de ensino-aprendizagem \u00e0s necessidades individuais dos estudantes.<br \/>\n<b>Flexibilidade curricular:<\/b> Os curr\u00edculos s\u00e3o adapt\u00e1veis e podem ser personalizados conforme o progresso e interesse dos alunos, garantindo um aprendizado mais eficaz e engajador.<br \/>\n<b>Interatividade:<\/b> As sess\u00f5es de CineReduzido s\u00e3o altamente interativas, incentivando a participa\u00e7\u00e3o ativa dos alunos e promovendo um ambiente de aprendizado colaborativo.<\/p>\n<p><H3>A Tecnologia <a href=\"https:\/\/talkpal.ai\/locations\/language-courses-in-como\/\">como<\/a> Facilitadora<\/H3><\/p>\n<p>No contexto da Pedagogia Semant\u00edgeno, a tecnologia desempenha um papel crucial, especialmente atrav\u00e9s do CineReduzido. As ferramentas tecnol\u00f3gicas utilizadas s\u00e3o projetadas para:<\/p>\n<p><b>Melhorar a acessibilidade:<\/b> Tornar o conte\u00fado educacional acess\u00edvel a um maior n\u00famero de pessoas, independentemente de suas limita\u00e7\u00f5es geogr\u00e1ficas ou f\u00edsicas.<br \/>\n<b>Incrementar a efici\u00eancia:<\/b> A tecnologia permite uma distribui\u00e7\u00e3o mais r\u00e1pida e eficiente do conte\u00fado educacional, facilitando um aprendizado mais \u00e1gil e adapt\u00e1vel.<br \/>\n<b>Engajamento visual e auditivo:<\/b> Os recursos audiovisuais s\u00e3o especialmente eficazes em capturar a aten\u00e7\u00e3o dos alunos e melhorar a reten\u00e7\u00e3o de informa\u00e7\u00f5es.<\/p>\n<p><H3>Desafios e Solu\u00e7\u00f5es na Implementa\u00e7\u00e3o<\/H3><\/p>\n<p>Apesar das vantagens inerentes \u00e0 Pedagogia Semant\u00edgeno e ao uso do CineReduzido, existem desafios que necessitam ser abordados para uma implementa\u00e7\u00e3o eficaz:<\/p>\n<p><b>Forma\u00e7\u00e3o de professores:<\/b> \u00c9 crucial investir na forma\u00e7\u00e3o cont\u00ednua dos educadores <a href=\"https:\/\/talkpal.ai\/culture\/how-do-i-use-para-que-correctly\/\">para que<\/a> possam efetivamente utilizar as novas tecnologias e metodologias transdisciplinares.<br \/>\n<b>Infraestrutura tecnol\u00f3gica:<\/b> As institui\u00e7\u00f5es devem garantir que possuem a infraestrutura adequada para suportar as tecnologias necess\u00e1rias para o CineReduzido.<br \/>\n<b>Resist\u00eancia \u00e0 mudan\u00e7a:<\/b> Mudan\u00e7as significativas no sistema educacional podem encontrar resist\u00eancia. \u00c9 essencial criar estrat\u00e9gias de engajamento e inclus\u00e3o para todos os stakeholders envolvidos.<\/p>\n<p><H3>Conclus\u00e3o<\/H3><\/p>\n<p>A Pedagogia Semant\u00edgeno e o CineReduzido representam um avan\u00e7o significativo na forma como o conhecimento \u00e9 transmitido e assimilado. Ao integrar tecnologia, transdisciplinaridade e uma abordagem objetiva na cria\u00e7\u00e3o de significados, este modelo oferece uma resposta robusta aos desafios educacionais contempor\u00e2neos. Continuar a explorar e aperfei\u00e7oar esta abordagem ser\u00e1 vital para atingir uma <a href=\"https:\/\/talkpal.ai\/talkpal-for-education\/\">educa\u00e7\u00e3o<\/a> verdadeiramente transformadora e inclusiva.<\/p>\n","protected":false},"excerpt":{"rendered":"<p>O Conceito de Pedagogia Semant\u00edgeno A Pedagogia Semant\u00edgeno representa uma nova abordagem no campo educacional que busca integrar o ensino transdisciplinar com tecnologias e metodologias inovadoras. Este modelo pedag\u00f3gico concentra-se na cria\u00e7\u00e3o de significados e na objetiva\u00e7\u00e3o do conhecimento atrav\u00e9s de uma plataforma chamada CineReduzido. O CineReduzido \u00e9 um ambiente de aprendizagem que utiliza recursos [&hellip;]<\/p>\n","protected":false},"author":0,"featured_media":1527658,"comment_status":"open","ping_status":"open","sticky":false,"template":"","format":"standard","meta":{"_acf_changed":false,"footnotes":""},"categories":[3642],"tags":[],"class_list":["post-367193","post","type-post","status-publish","format-standard","has-post-thumbnail","hentry","category-aprendizagem-de-linguas"],"acf":[],"yoast_head":"<!-- This site is optimized with the Yoast SEO Premium plugin v27.2 (Yoast SEO v27.2) - https:\/\/yoast.com\/product\/yoast-seo-premium-wordpress\/ -->\n<title>A Pedagogia Semant\u00edgeno: Subva\u00e7\u00e3o Objetivadora no Mainstream de Ensino Trans disciplinar em CineReduzido - Talkpal<\/title>\n<meta name=\"description\" content=\"O Conceito de Pedagogia Semant\u00edgeno A Pedagogia Semant\u00edgeno representa uma nova abordagem no campo educacional que busca integrar o ensino\" \/>\n<meta name=\"robots\" content=\"index, follow, max-snippet:-1, max-image-preview:large, max-video-preview:-1\" \/>\n<link rel=\"canonical\" href=\"https:\/\/talkpal.ai\/pt-pt\/a-pedagogia-semantigeno-subvacao-objetivadora-no-mainstream-de-ensino-trans-disciplinar-em-cinereduzido\/\" \/>\n<meta property=\"og:locale\" content=\"pt_PT\" \/>\n<meta property=\"og:type\" content=\"article\" \/>\n<meta property=\"og:title\" content=\"A Pedagogia Semant\u00edgeno: Subva\u00e7\u00e3o Objetivadora no Mainstream de Ensino Trans disciplinar em CineReduzido\" \/>\n<meta property=\"og:description\" content=\"O Conceito de Pedagogia Semant\u00edgeno A Pedagogia Semant\u00edgeno representa uma nova abordagem no campo educacional que busca integrar o ensino\" \/>\n<meta property=\"og:url\" content=\"https:\/\/talkpal.ai\/pt-pt\/a-pedagogia-semantigeno-subvacao-objetivadora-no-mainstream-de-ensino-trans-disciplinar-em-cinereduzido\/\" \/>\n<meta property=\"og:site_name\" content=\"Talkpal\" \/>\n<meta property=\"article:publisher\" content=\"https:\/\/www.facebook.com\/profile.php?id=100090733639311\" \/>\n<meta property=\"article:published_time\" content=\"2024-05-27T02:42:31+00:00\" \/>\n<meta property=\"og:image\" content=\"https:\/\/talkpal.ai\/wp-content\/uploads\/2025\/02\/Progress-tab-16_9.png\" \/>\n\t<meta property=\"og:image:width\" content=\"2880\" \/>\n\t<meta property=\"og:image:height\" content=\"1620\" \/>\n\t<meta property=\"og:image:type\" content=\"image\/png\" \/>\n<meta name=\"twitter:card\" content=\"summary_large_image\" \/>\n<meta name=\"twitter:creator\" content=\"@talkpalai\" \/>\n<meta name=\"twitter:site\" content=\"@talkpalai\" \/>\n<meta name=\"twitter:label1\" content=\"Tempo estimado de leitura\" \/>\n\t<meta name=\"twitter:data1\" content=\"3 minutos\" \/>\n<script type=\"application\/ld+json\" class=\"yoast-schema-graph\">{\"@context\":\"https:\/\/schema.org\",\"@graph\":[{\"@type\":\"Article\",\"@id\":\"https:\/\/talkpal.ai\/pt-pt\/a-pedagogia-semantigeno-subvacao-objetivadora-no-mainstream-de-ensino-trans-disciplinar-em-cinereduzido\/#article\",\"isPartOf\":{\"@id\":\"https:\/\/talkpal.ai\/pt-pt\/a-pedagogia-semantigeno-subvacao-objetivadora-no-mainstream-de-ensino-trans-disciplinar-em-cinereduzido\/\"},\"author\":{\"name\":\"\",\"@id\":\"\"},\"headline\":\"A Pedagogia Semant\u00edgeno: Subva\u00e7\u00e3o Objetivadora no Mainstream de Ensino Trans disciplinar em CineReduzido\",\"datePublished\":\"2024-05-27T02:42:31+00:00\",\"mainEntityOfPage\":{\"@id\":\"https:\/\/talkpal.ai\/pt-pt\/a-pedagogia-semantigeno-subvacao-objetivadora-no-mainstream-de-ensino-trans-disciplinar-em-cinereduzido\/\"},\"wordCount\":608,\"commentCount\":0,\"publisher\":{\"@id\":\"https:\/\/talkpal.ai\/pt-pt\/#organization\"},\"image\":{\"@id\":\"https:\/\/talkpal.ai\/pt-pt\/a-pedagogia-semantigeno-subvacao-objetivadora-no-mainstream-de-ensino-trans-disciplinar-em-cinereduzido\/#primaryimage\"},\"thumbnailUrl\":\"https:\/\/talkpal.ai\/wp-content\/uploads\/2025\/12\/friends-analyze-text-to-learn-languages.webp\",\"articleSection\":[\"Aprendizagem de l\u00ednguas\"],\"inLanguage\":\"pt-PT\",\"potentialAction\":[{\"@type\":\"CommentAction\",\"name\":\"Comment\",\"target\":[\"https:\/\/talkpal.ai\/pt-pt\/a-pedagogia-semantigeno-subvacao-objetivadora-no-mainstream-de-ensino-trans-disciplinar-em-cinereduzido\/#respond\"]}]},{\"@type\":\"WebPage\",\"@id\":\"https:\/\/talkpal.ai\/pt-pt\/a-pedagogia-semantigeno-subvacao-objetivadora-no-mainstream-de-ensino-trans-disciplinar-em-cinereduzido\/\",\"url\":\"https:\/\/talkpal.ai\/pt-pt\/a-pedagogia-semantigeno-subvacao-objetivadora-no-mainstream-de-ensino-trans-disciplinar-em-cinereduzido\/\",\"name\":\"A Pedagogia Semant\u00edgeno: Subva\u00e7\u00e3o Objetivadora no Mainstream de Ensino Trans disciplinar em CineReduzido - Talkpal\",\"isPartOf\":{\"@id\":\"https:\/\/talkpal.ai\/pt-pt\/#website\"},\"primaryImageOfPage\":{\"@id\":\"https:\/\/talkpal.ai\/pt-pt\/a-pedagogia-semantigeno-subvacao-objetivadora-no-mainstream-de-ensino-trans-disciplinar-em-cinereduzido\/#primaryimage\"},\"image\":{\"@id\":\"https:\/\/talkpal.ai\/pt-pt\/a-pedagogia-semantigeno-subvacao-objetivadora-no-mainstream-de-ensino-trans-disciplinar-em-cinereduzido\/#primaryimage\"},\"thumbnailUrl\":\"https:\/\/talkpal.ai\/wp-content\/uploads\/2025\/12\/friends-analyze-text-to-learn-languages.webp\",\"datePublished\":\"2024-05-27T02:42:31+00:00\",\"description\":\"O Conceito de Pedagogia Semant\u00edgeno A Pedagogia Semant\u00edgeno representa uma nova abordagem no campo educacional que busca integrar o ensino\",\"breadcrumb\":{\"@id\":\"https:\/\/talkpal.ai\/pt-pt\/a-pedagogia-semantigeno-subvacao-objetivadora-no-mainstream-de-ensino-trans-disciplinar-em-cinereduzido\/#breadcrumb\"},\"inLanguage\":\"pt-PT\",\"potentialAction\":[{\"@type\":\"ReadAction\",\"target\":[\"https:\/\/talkpal.ai\/pt-pt\/a-pedagogia-semantigeno-subvacao-objetivadora-no-mainstream-de-ensino-trans-disciplinar-em-cinereduzido\/\"]}]},{\"@type\":\"ImageObject\",\"inLanguage\":\"pt-PT\",\"@id\":\"https:\/\/talkpal.ai\/pt-pt\/a-pedagogia-semantigeno-subvacao-objetivadora-no-mainstream-de-ensino-trans-disciplinar-em-cinereduzido\/#primaryimage\",\"url\":\"https:\/\/talkpal.ai\/wp-content\/uploads\/2025\/12\/friends-analyze-text-to-learn-languages.webp\",\"contentUrl\":\"https:\/\/talkpal.ai\/wp-content\/uploads\/2025\/12\/friends-analyze-text-to-learn-languages.webp\",\"width\":1200,\"height\":896,\"caption\":\"Three friends sit together at a library desk to analyze textbook passages while learning languages.\"},{\"@type\":\"BreadcrumbList\",\"@id\":\"https:\/\/talkpal.ai\/pt-pt\/a-pedagogia-semantigeno-subvacao-objetivadora-no-mainstream-de-ensino-trans-disciplinar-em-cinereduzido\/#breadcrumb\",\"itemListElement\":[{\"@type\":\"ListItem\",\"position\":1,\"name\":\"Homepage\",\"item\":\"https:\/\/talkpal.ai\/pt-pt\/\"},{\"@type\":\"ListItem\",\"position\":2,\"name\":\"A Pedagogia Semant\u00edgeno: Subva\u00e7\u00e3o Objetivadora no Mainstream de Ensino Trans disciplinar em CineReduzido\"}]},{\"@type\":\"WebSite\",\"@id\":\"https:\/\/talkpal.ai\/pt-pt\/#website\",\"url\":\"https:\/\/talkpal.ai\/pt-pt\/\",\"name\":\"Talkpal\",\"description\":\"AI Language Learning\",\"publisher\":{\"@id\":\"https:\/\/talkpal.ai\/pt-pt\/#organization\"},\"alternateName\":\"Talkpal AI\",\"potentialAction\":[{\"@type\":\"SearchAction\",\"target\":{\"@type\":\"EntryPoint\",\"urlTemplate\":\"https:\/\/talkpal.ai\/pt-pt\/?s={search_term_string}\"},\"query-input\":{\"@type\":\"PropertyValueSpecification\",\"valueRequired\":true,\"valueName\":\"search_term_string\"}}],\"inLanguage\":\"pt-PT\"},{\"@type\":\"Organization\",\"@id\":\"https:\/\/talkpal.ai\/pt-pt\/#organization\",\"name\":\"Talkpal, Inc.\",\"alternateName\":\"Talkpal AI\",\"url\":\"https:\/\/talkpal.ai\/pt-pt\/\",\"logo\":{\"@type\":\"ImageObject\",\"inLanguage\":\"pt-PT\",\"@id\":\"https:\/\/talkpal.ai\/pt-pt\/#\/schema\/logo\/image\/\",\"url\":\"https:\/\/talkpal.ai\/wp-content\/uploads\/2024\/03\/Talkpal-Logo-Icon.png\",\"contentUrl\":\"https:\/\/talkpal.ai\/wp-content\/uploads\/2024\/03\/Talkpal-Logo-Icon.png\",\"width\":2880,\"height\":2880,\"caption\":\"Talkpal, Inc.\"},\"image\":{\"@id\":\"https:\/\/talkpal.ai\/pt-pt\/#\/schema\/logo\/image\/\"},\"sameAs\":[\"https:\/\/www.facebook.com\/profile.php?id=100090733639311\",\"https:\/\/x.com\/talkpalai\",\"https:\/\/www.linkedin.com\/company\/talkpal\/\",\"https:\/\/www.youtube.com\/@TalkPal\/\",\"https:\/\/www.tiktok.com\/@talkpal\",\"https:\/\/www.instagram.com\/talkpal_ai\/\",\"https:\/\/www.crunchbase.com\/organization\/talkpal-9cde\",\"https:\/\/www.g2.com\/products\/talkpal-for-business\/\",\"https:\/\/www.trustpilot.com\/review\/talkpal.ai\",\"https:\/\/www.capterra.com\/p\/10006800\/TalkPal\/\"],\"description\":\"Talkpal is a language learning web and mobile education app, powered by the latest AI technologies, that provides engaging experiences to its customers in many different languages to help them improve their language skills. Users can chat about unlimited amount of topics with the app and use other modes to practice their language learning.\",\"email\":\"support@talkpal.ai\",\"legalName\":\"Talkpal, Inc.\",\"foundingDate\":\"2023-04-03\",\"duns\":\"118989042\",\"numberOfEmployees\":{\"@type\":\"QuantitativeValue\",\"minValue\":\"11\",\"maxValue\":\"50\"},\"publishingPrinciples\":\"https:\/\/talkpal.ai\/publishing-principles\/\",\"actionableFeedbackPolicy\":\"https:\/\/talkpal.ai\/actionable-feedback-policy\/\",\"correctionsPolicy\":\"https:\/\/talkpal.ai\/corrections-policy\/\",\"ethicsPolicy\":\"https:\/\/talkpal.ai\/ethics-policy\/\",\"diversityPolicy\":\"https:\/\/talkpal.ai\/diversity-policy\/\",\"diversityStaffingReport\":\"https:\/\/talkpal.ai\/diversity-policy\/\"}]}<\/script>\n<!-- \/ Yoast SEO Premium plugin. -->","yoast_head_json":{"title":"A Pedagogia Semant\u00edgeno: Subva\u00e7\u00e3o Objetivadora no Mainstream de Ensino Trans disciplinar em CineReduzido - Talkpal","description":"O Conceito de Pedagogia Semant\u00edgeno A Pedagogia Semant\u00edgeno representa uma nova abordagem no campo educacional que busca integrar o ensino","robots":{"index":"index","follow":"follow","max-snippet":"max-snippet:-1","max-image-preview":"max-image-preview:large","max-video-preview":"max-video-preview:-1"},"canonical":"https:\/\/talkpal.ai\/pt-pt\/a-pedagogia-semantigeno-subvacao-objetivadora-no-mainstream-de-ensino-trans-disciplinar-em-cinereduzido\/","og_locale":"pt_PT","og_type":"article","og_title":"A Pedagogia Semant\u00edgeno: Subva\u00e7\u00e3o Objetivadora no Mainstream de Ensino Trans disciplinar em CineReduzido","og_description":"O Conceito de Pedagogia Semant\u00edgeno A Pedagogia Semant\u00edgeno representa uma nova abordagem no campo educacional que busca integrar o ensino","og_url":"https:\/\/talkpal.ai\/pt-pt\/a-pedagogia-semantigeno-subvacao-objetivadora-no-mainstream-de-ensino-trans-disciplinar-em-cinereduzido\/","og_site_name":"Talkpal","article_publisher":"https:\/\/www.facebook.com\/profile.php?id=100090733639311","article_published_time":"2024-05-27T02:42:31+00:00","og_image":[{"width":2880,"height":1620,"url":"https:\/\/talkpal.ai\/wp-content\/uploads\/2025\/02\/Progress-tab-16_9.png","type":"image\/png"}],"twitter_card":"summary_large_image","twitter_creator":"@talkpalai","twitter_site":"@talkpalai","twitter_misc":{"Tempo estimado de leitura":"3 minutos"},"schema":{"@context":"https:\/\/schema.org","@graph":[{"@type":"Article","@id":"https:\/\/talkpal.ai\/pt-pt\/a-pedagogia-semantigeno-subvacao-objetivadora-no-mainstream-de-ensino-trans-disciplinar-em-cinereduzido\/#article","isPartOf":{"@id":"https:\/\/talkpal.ai\/pt-pt\/a-pedagogia-semantigeno-subvacao-objetivadora-no-mainstream-de-ensino-trans-disciplinar-em-cinereduzido\/"},"author":{"name":"","@id":""},"headline":"A Pedagogia Semant\u00edgeno: Subva\u00e7\u00e3o Objetivadora no Mainstream de Ensino Trans disciplinar em CineReduzido","datePublished":"2024-05-27T02:42:31+00:00","mainEntityOfPage":{"@id":"https:\/\/talkpal.ai\/pt-pt\/a-pedagogia-semantigeno-subvacao-objetivadora-no-mainstream-de-ensino-trans-disciplinar-em-cinereduzido\/"},"wordCount":608,"commentCount":0,"publisher":{"@id":"https:\/\/talkpal.ai\/pt-pt\/#organization"},"image":{"@id":"https:\/\/talkpal.ai\/pt-pt\/a-pedagogia-semantigeno-subvacao-objetivadora-no-mainstream-de-ensino-trans-disciplinar-em-cinereduzido\/#primaryimage"},"thumbnailUrl":"https:\/\/talkpal.ai\/wp-content\/uploads\/2025\/12\/friends-analyze-text-to-learn-languages.webp","articleSection":["Aprendizagem de l\u00ednguas"],"inLanguage":"pt-PT","potentialAction":[{"@type":"CommentAction","name":"Comment","target":["https:\/\/talkpal.ai\/pt-pt\/a-pedagogia-semantigeno-subvacao-objetivadora-no-mainstream-de-ensino-trans-disciplinar-em-cinereduzido\/#respond"]}]},{"@type":"WebPage","@id":"https:\/\/talkpal.ai\/pt-pt\/a-pedagogia-semantigeno-subvacao-objetivadora-no-mainstream-de-ensino-trans-disciplinar-em-cinereduzido\/","url":"https:\/\/talkpal.ai\/pt-pt\/a-pedagogia-semantigeno-subvacao-objetivadora-no-mainstream-de-ensino-trans-disciplinar-em-cinereduzido\/","name":"A Pedagogia Semant\u00edgeno: Subva\u00e7\u00e3o Objetivadora no Mainstream de Ensino Trans disciplinar em CineReduzido - Talkpal","isPartOf":{"@id":"https:\/\/talkpal.ai\/pt-pt\/#website"},"primaryImageOfPage":{"@id":"https:\/\/talkpal.ai\/pt-pt\/a-pedagogia-semantigeno-subvacao-objetivadora-no-mainstream-de-ensino-trans-disciplinar-em-cinereduzido\/#primaryimage"},"image":{"@id":"https:\/\/talkpal.ai\/pt-pt\/a-pedagogia-semantigeno-subvacao-objetivadora-no-mainstream-de-ensino-trans-disciplinar-em-cinereduzido\/#primaryimage"},"thumbnailUrl":"https:\/\/talkpal.ai\/wp-content\/uploads\/2025\/12\/friends-analyze-text-to-learn-languages.webp","datePublished":"2024-05-27T02:42:31+00:00","description":"O Conceito de Pedagogia Semant\u00edgeno A Pedagogia Semant\u00edgeno representa uma nova abordagem no campo educacional que busca integrar o ensino","breadcrumb":{"@id":"https:\/\/talkpal.ai\/pt-pt\/a-pedagogia-semantigeno-subvacao-objetivadora-no-mainstream-de-ensino-trans-disciplinar-em-cinereduzido\/#breadcrumb"},"inLanguage":"pt-PT","potentialAction":[{"@type":"ReadAction","target":["https:\/\/talkpal.ai\/pt-pt\/a-pedagogia-semantigeno-subvacao-objetivadora-no-mainstream-de-ensino-trans-disciplinar-em-cinereduzido\/"]}]},{"@type":"ImageObject","inLanguage":"pt-PT","@id":"https:\/\/talkpal.ai\/pt-pt\/a-pedagogia-semantigeno-subvacao-objetivadora-no-mainstream-de-ensino-trans-disciplinar-em-cinereduzido\/#primaryimage","url":"https:\/\/talkpal.ai\/wp-content\/uploads\/2025\/12\/friends-analyze-text-to-learn-languages.webp","contentUrl":"https:\/\/talkpal.ai\/wp-content\/uploads\/2025\/12\/friends-analyze-text-to-learn-languages.webp","width":1200,"height":896,"caption":"Three friends sit together at a library desk to analyze textbook passages while learning languages."},{"@type":"BreadcrumbList","@id":"https:\/\/talkpal.ai\/pt-pt\/a-pedagogia-semantigeno-subvacao-objetivadora-no-mainstream-de-ensino-trans-disciplinar-em-cinereduzido\/#breadcrumb","itemListElement":[{"@type":"ListItem","position":1,"name":"Homepage","item":"https:\/\/talkpal.ai\/pt-pt\/"},{"@type":"ListItem","position":2,"name":"A Pedagogia Semant\u00edgeno: Subva\u00e7\u00e3o Objetivadora no Mainstream de Ensino Trans disciplinar em CineReduzido"}]},{"@type":"WebSite","@id":"https:\/\/talkpal.ai\/pt-pt\/#website","url":"https:\/\/talkpal.ai\/pt-pt\/","name":"Talkpal","description":"AI Language Learning","publisher":{"@id":"https:\/\/talkpal.ai\/pt-pt\/#organization"},"alternateName":"Talkpal AI","potentialAction":[{"@type":"SearchAction","target":{"@type":"EntryPoint","urlTemplate":"https:\/\/talkpal.ai\/pt-pt\/?s={search_term_string}"},"query-input":{"@type":"PropertyValueSpecification","valueRequired":true,"valueName":"search_term_string"}}],"inLanguage":"pt-PT"},{"@type":"Organization","@id":"https:\/\/talkpal.ai\/pt-pt\/#organization","name":"Talkpal, Inc.","alternateName":"Talkpal AI","url":"https:\/\/talkpal.ai\/pt-pt\/","logo":{"@type":"ImageObject","inLanguage":"pt-PT","@id":"https:\/\/talkpal.ai\/pt-pt\/#\/schema\/logo\/image\/","url":"https:\/\/talkpal.ai\/wp-content\/uploads\/2024\/03\/Talkpal-Logo-Icon.png","contentUrl":"https:\/\/talkpal.ai\/wp-content\/uploads\/2024\/03\/Talkpal-Logo-Icon.png","width":2880,"height":2880,"caption":"Talkpal, Inc."},"image":{"@id":"https:\/\/talkpal.ai\/pt-pt\/#\/schema\/logo\/image\/"},"sameAs":["https:\/\/www.facebook.com\/profile.php?id=100090733639311","https:\/\/x.com\/talkpalai","https:\/\/www.linkedin.com\/company\/talkpal\/","https:\/\/www.youtube.com\/@TalkPal\/","https:\/\/www.tiktok.com\/@talkpal","https:\/\/www.instagram.com\/talkpal_ai\/","https:\/\/www.crunchbase.com\/organization\/talkpal-9cde","https:\/\/www.g2.com\/products\/talkpal-for-business\/","https:\/\/www.trustpilot.com\/review\/talkpal.ai","https:\/\/www.capterra.com\/p\/10006800\/TalkPal\/"],"description":"Talkpal is a language learning web and mobile education app, powered by the latest AI technologies, that provides engaging experiences to its customers in many different languages to help them improve their language skills. Users can chat about unlimited amount of topics with the app and use other modes to practice their language learning.","email":"support@talkpal.ai","legalName":"Talkpal, Inc.","foundingDate":"2023-04-03","duns":"118989042","numberOfEmployees":{"@type":"QuantitativeValue","minValue":"11","maxValue":"50"},"publishingPrinciples":"https:\/\/talkpal.ai\/publishing-principles\/","actionableFeedbackPolicy":"https:\/\/talkpal.ai\/actionable-feedback-policy\/","correctionsPolicy":"https:\/\/talkpal.ai\/corrections-policy\/","ethicsPolicy":"https:\/\/talkpal.ai\/ethics-policy\/","diversityPolicy":"https:\/\/talkpal.ai\/diversity-policy\/","diversityStaffingReport":"https:\/\/talkpal.ai\/diversity-policy\/"}]}},"_links":{"self":[{"href":"https:\/\/talkpal.ai\/pt-pt\/wp-json\/wp\/v2\/posts\/367193","targetHints":{"allow":["GET"]}}],"collection":[{"href":"https:\/\/talkpal.ai\/pt-pt\/wp-json\/wp\/v2\/posts"}],"about":[{"href":"https:\/\/talkpal.ai\/pt-pt\/wp-json\/wp\/v2\/types\/post"}],"replies":[{"embeddable":true,"href":"https:\/\/talkpal.ai\/pt-pt\/wp-json\/wp\/v2\/comments?post=367193"}],"version-history":[{"count":0,"href":"https:\/\/talkpal.ai\/pt-pt\/wp-json\/wp\/v2\/posts\/367193\/revisions"}],"wp:featuredmedia":[{"embeddable":true,"href":"https:\/\/talkpal.ai\/pt-pt\/wp-json\/wp\/v2\/media\/1527658"}],"wp:attachment":[{"href":"https:\/\/talkpal.ai\/pt-pt\/wp-json\/wp\/v2\/media?parent=367193"}],"wp:term":[{"taxonomy":"category","embeddable":true,"href":"https:\/\/talkpal.ai\/pt-pt\/wp-json\/wp\/v2\/categories?post=367193"},{"taxonomy":"post_tag","embeddable":true,"href":"https:\/\/talkpal.ai\/pt-pt\/wp-json\/wp\/v2\/tags?post=367193"}],"curies":[{"name":"wp","href":"https:\/\/api.w.org\/{rel}","templated":true}]}}