{"id":367163,"date":"2024-05-27T02:38:39","date_gmt":"2024-05-27T02:38:39","guid":{"rendered":"https:\/\/talkpal.ai\/politicas-publicas-e-niveles-applicacao-de-pragmaticas-microssociolinguisticas-de-ensino-axial\/"},"modified":"2024-05-27T02:38:39","modified_gmt":"2024-05-27T02:38:39","slug":"politicas-publicas-e-niveles-applicacao-de-pragmaticas-microssociolinguisticas-de-ensino-axial","status":"publish","type":"post","link":"https:\/\/talkpal.ai\/pt-pt\/politicas-publicas-e-niveles-applicacao-de-pragmaticas-microssociolinguisticas-de-ensino-axial\/","title":{"rendered":"Pol\u00edticas P\u00fablicas e Niveles: Applica\u00e7\u00e3o de Pragm\u00e1ticas, Microssociolingu\u00edsticas de Ensino Axial"},"content":{"rendered":"<p><H3>Contextualiza\u00e7\u00e3o das Pol\u00edticas P\u00fablicas em <a href=\"https:\/\/talkpal.ai\/talkpal-for-education\/\">Educa\u00e7\u00e3o<\/a><\/H3><\/p>\n<p>No contexto educacional contempor\u00e2neo, a implementa\u00e7\u00e3o de pol\u00edticas p\u00fablicas eficazes \u00e9 essencial para garantir a qualidade e a equidade da <a href=\"https:\/\/talkpal.ai\/talkpal-for-education\/\">educa\u00e7\u00e3o<\/a>. Estas pol\u00edticas devem ser estrategicamente desenvolvidas para responder \u00e0s necessidades espec\u00edficas de cada contexto sociolingu\u00edstico. Neste \u00e2mbito, a aplica\u00e7\u00e3o de pragm\u00e1ticas e microssociolingu\u00edsticas tem mostrado ser uma ferramenta crucial para o desenvolvimento de estrat\u00e9gias de ensino que sejam tanto inclusivas quanto eficazes.<\/p>\n<p><b>Pragm\u00e1tica Educacional:<\/b> Refere-se ao uso da linguagem em contextos sociais e \u00e0 maneira <a href=\"https:\/\/talkpal.ai\/locations\/language-courses-in-como\/\">como<\/a> isso influencia a interpreta\u00e7\u00e3o do significado. Na educa\u00e7\u00e3o, a pragm\u00e1tica pode ajudar a moldar como os conceitos s\u00e3o ensinados e compreendidos pelos alunos, levando em conta as varia\u00e7\u00f5es lingu\u00edsticas e culturais.<\/p>\n<p><b>Microssociolingu\u00edstica:<\/b> Esta subdisciplina da sociolingu\u00edstica foca nas fun\u00e7\u00f5es da linguagem em pequenos grupos e seu impacto na aprendizagem. Atrav\u00e9s da microssociolingu\u00edstica, \u00e9 poss\u00edvel analisar como a intera\u00e7\u00e3o social dentro da sala de aula influencia o processo de ensino-aprendizagem.<\/p>\n<p><H3>Desenvolvimento de Estrat\u00e9gias de Ensino Axial<\/H3><\/p>\n<p>A cria\u00e7\u00e3o de estrat\u00e9gias de ensino que incorporam considera\u00e7\u00f5es pragm\u00e1ticas e microssociolingu\u00edsticas pode transformar a experi\u00eancia educativa. O ensino axial, nesse sentido, refere-se ao desenvolvimento de um n\u00facleo <a href=\"https:\/\/talkpal.ai\/locations\/language-courses-in-central\/\">central<\/a> de estrat\u00e9gias que s\u00e3o adaptadas para atender \u00e0s necessidades lingu\u00edsticas e culturais espec\u00edficas dos alunos.<\/p>\n<p><b>Abordagens centradas no aluno:<\/b> Estas estrat\u00e9gias enfocam as necessidades, habilidades e experi\u00eancias dos alunos como ponto de partida para o desenvolvimento curricular. A personaliza\u00e7\u00e3o do aprendizado \u00e9 fundamental para engajar os alunos e promover uma compreens\u00e3o mais profunda dos conte\u00fados.<\/p>\n<p><b>Inclus\u00e3o de contextos multiculturais:<\/b> No mundo globalizado, \u00e9 imprescind\u00edvel que as estrat\u00e9gias de ensino reconhe\u00e7am e valorizem a diversidade cultural e lingu\u00edstica dos alunos. Isso n\u00e3o apenas enriquece o ambiente de aprendizagem, mas tamb\u00e9m prepara os alunos para um mundo cada vez mais interconectado.<\/p>\n<p><H3>Implementa\u00e7\u00e3o de Pol\u00edticas P\u00fablicas Eficazes<\/H3><\/p>\n<p><a href=\"https:\/\/talkpal.ai\/culture\/how-do-i-use-para-que-correctly\/\">Para que<\/a> as estrat\u00e9gias de ensino axial sejam efetivamente implementadas, \u00e9 necess\u00e1rio que existam pol\u00edticas p\u00fablicas que apoiem e promovam pr\u00e1ticas educacionais inovadoras e inclusivas.<\/p>\n<p><b>Aloca\u00e7\u00e3o de recursos:<\/b> O investimento em recursos educacionais, como tecnologia, materiais did\u00e1ticos adaptativos e forma\u00e7\u00e3o de <a href=\"https:\/\/talkpal.ai\/talkpal-discount-for-teachers\/\">professores<\/a>, \u00e9 crucial para a implementa\u00e7\u00e3o bem-sucedida de pr\u00e1ticas educativas que considerem a pragm\u00e1tica e a microssociolingu\u00edstica.<\/p>\n<p><b>Forma\u00e7\u00e3o e desenvolvimento profissional cont\u00ednuo:<\/b> <a href=\"https:\/\/talkpal.ai\/talkpal-discount-for-teachers\/\">Professores<\/a> devem receber forma\u00e7\u00e3o cont\u00ednua que os habilite a aplicar estrat\u00e9gias de ensino inovadoras e a entender a import\u00e2ncia das vari\u00e1veis lingu\u00edsticas e culturais no processo de ensino-aprendizagem.<\/p>\n<p><H3>Desafios e Perspectivas Futuras<\/H3><\/p>\n<p>Apesar dos avan\u00e7os nas pol\u00edticas p\u00fablicas e nas estrat\u00e9gias de ensino, ainda existem desafios significativos que precisam ser superados <a href=\"https:\/\/talkpal.ai\/culture\/how-do-i-use-para-que-correctly\/\">para que<\/a> todos os alunos tenham acesso a uma educa\u00e7\u00e3o de qualidade que respeite suas caracter\u00edsticas lingu\u00edsticas e culturais.<\/p>\n<p><b>Superar barreiras lingu\u00edsticas:<\/b> Uma das maiores <a href=\"https:\/\/talkpal.ai\/locations\/language-courses-in-barreiras\/\">barreiras<\/a> no ensino \u00e9 a diversidade lingu\u00edstica dentro das salas de aula. Pol\u00edticas p\u00fablicas eficazes devem promover o multilinguismo e apoiar o ensino de l\u00ednguas adicionais, al\u00e9m de valorizar as l\u00ednguas maternas dos alunos.<\/p>\n<p><b>Adapta\u00e7\u00e3o curricular:<\/b> Adaptar o curr\u00edculo para incluir uma variedade de perspectivas culturais e lingu\u00edsticas \u00e9 essencial para criar um ambiente de aprendizagem inclusivo. Isso requer uma revis\u00e3o cont\u00ednua dos conte\u00fados e m\u00e9todos de ensino para garantir que sejam relevantes e acess\u00edveis a todos os alunos.<\/p>\n<p>Em conclus\u00e3o, a integra\u00e7\u00e3o de pragm\u00e1ticas e microssociolingu\u00edsticas no desenvolvimento de pol\u00edticas p\u00fablicas e estrat\u00e9gias de ensino axial \u00e9 fundamental para promover uma educa\u00e7\u00e3o mais inclusiva e eficaz. As pol\u00edticas p\u00fablicas devem continuar a evoluir para responder \u00e0s necessidades de uma popula\u00e7\u00e3o estudantil diversificada, garantindo que todos os alunos tenham as mesmas oportunidades de sucesso educacional.<\/p>\n","protected":false},"excerpt":{"rendered":"<p>Contextualiza\u00e7\u00e3o das Pol\u00edticas P\u00fablicas em Educa\u00e7\u00e3o No contexto educacional contempor\u00e2neo, a implementa\u00e7\u00e3o de pol\u00edticas p\u00fablicas eficazes \u00e9 essencial para garantir a qualidade e a equidade da educa\u00e7\u00e3o. Estas pol\u00edticas devem ser estrategicamente desenvolvidas para responder \u00e0s necessidades espec\u00edficas de cada contexto sociolingu\u00edstico. Neste \u00e2mbito, a aplica\u00e7\u00e3o de pragm\u00e1ticas e microssociolingu\u00edsticas tem mostrado ser uma ferramenta [&hellip;]<\/p>\n","protected":false},"author":0,"featured_media":1528071,"comment_status":"open","ping_status":"open","sticky":false,"template":"","format":"standard","meta":{"_acf_changed":false,"footnotes":""},"categories":[3642],"tags":[],"class_list":["post-367163","post","type-post","status-publish","format-standard","has-post-thumbnail","hentry","category-aprendizagem-de-linguas"],"acf":[],"yoast_head":"<!-- This site is optimized with the Yoast SEO Premium plugin v27.2 (Yoast SEO v27.2) - https:\/\/yoast.com\/product\/yoast-seo-premium-wordpress\/ -->\n<title>Pol\u00edticas P\u00fablicas e Niveles: Applica\u00e7\u00e3o de Pragm\u00e1ticas, Microssociolingu\u00edsticas de Ensino Axial - Talkpal<\/title>\n<meta name=\"description\" content=\"Contextualiza\u00e7\u00e3o das Pol\u00edticas P\u00fablicas em Educa\u00e7\u00e3o No contexto educacional contempor\u00e2neo, a implementa\u00e7\u00e3o de pol\u00edticas p\u00fablicas eficazes \u00e9 essencial para\" \/>\n<meta name=\"robots\" content=\"index, follow, max-snippet:-1, max-image-preview:large, max-video-preview:-1\" \/>\n<link rel=\"canonical\" href=\"https:\/\/talkpal.ai\/pt-pt\/politicas-publicas-e-niveles-applicacao-de-pragmaticas-microssociolinguisticas-de-ensino-axial\/\" \/>\n<meta property=\"og:locale\" content=\"pt_PT\" \/>\n<meta property=\"og:type\" content=\"article\" \/>\n<meta property=\"og:title\" content=\"Pol\u00edticas P\u00fablicas e Niveles: Applica\u00e7\u00e3o de Pragm\u00e1ticas, Microssociolingu\u00edsticas de Ensino Axial\" \/>\n<meta property=\"og:description\" content=\"Contextualiza\u00e7\u00e3o das Pol\u00edticas P\u00fablicas em Educa\u00e7\u00e3o No contexto educacional contempor\u00e2neo, a implementa\u00e7\u00e3o de pol\u00edticas p\u00fablicas eficazes \u00e9 essencial para\" \/>\n<meta property=\"og:url\" content=\"https:\/\/talkpal.ai\/pt-pt\/politicas-publicas-e-niveles-applicacao-de-pragmaticas-microssociolinguisticas-de-ensino-axial\/\" \/>\n<meta property=\"og:site_name\" content=\"Talkpal\" \/>\n<meta property=\"article:publisher\" content=\"https:\/\/www.facebook.com\/profile.php?id=100090733639311\" \/>\n<meta property=\"article:published_time\" content=\"2024-05-27T02:38:39+00:00\" \/>\n<meta property=\"og:image\" content=\"https:\/\/talkpal.ai\/wp-content\/uploads\/2025\/02\/Progress-tab-16_9.png\" \/>\n\t<meta property=\"og:image:width\" content=\"2880\" \/>\n\t<meta property=\"og:image:height\" content=\"1620\" \/>\n\t<meta property=\"og:image:type\" content=\"image\/png\" \/>\n<meta name=\"twitter:card\" content=\"summary_large_image\" \/>\n<meta name=\"twitter:creator\" content=\"@talkpalai\" \/>\n<meta name=\"twitter:site\" content=\"@talkpalai\" \/>\n<meta name=\"twitter:label1\" content=\"Tempo estimado de leitura\" \/>\n\t<meta name=\"twitter:data1\" content=\"3 minutos\" \/>\n<script type=\"application\/ld+json\" class=\"yoast-schema-graph\">{\"@context\":\"https:\/\/schema.org\",\"@graph\":[{\"@type\":\"Article\",\"@id\":\"https:\/\/talkpal.ai\/pt-pt\/politicas-publicas-e-niveles-applicacao-de-pragmaticas-microssociolinguisticas-de-ensino-axial\/#article\",\"isPartOf\":{\"@id\":\"https:\/\/talkpal.ai\/pt-pt\/politicas-publicas-e-niveles-applicacao-de-pragmaticas-microssociolinguisticas-de-ensino-axial\/\"},\"author\":{\"name\":\"\",\"@id\":\"\"},\"headline\":\"Pol\u00edticas P\u00fablicas e Niveles: Applica\u00e7\u00e3o de Pragm\u00e1ticas, Microssociolingu\u00edsticas de Ensino Axial\",\"datePublished\":\"2024-05-27T02:38:39+00:00\",\"mainEntityOfPage\":{\"@id\":\"https:\/\/talkpal.ai\/pt-pt\/politicas-publicas-e-niveles-applicacao-de-pragmaticas-microssociolinguisticas-de-ensino-axial\/\"},\"wordCount\":681,\"commentCount\":0,\"publisher\":{\"@id\":\"https:\/\/talkpal.ai\/pt-pt\/#organization\"},\"image\":{\"@id\":\"https:\/\/talkpal.ai\/pt-pt\/politicas-publicas-e-niveles-applicacao-de-pragmaticas-microssociolinguisticas-de-ensino-axial\/#primaryimage\"},\"thumbnailUrl\":\"https:\/\/talkpal.ai\/wp-content\/uploads\/2025\/12\/typing-is-done-to-learn-languages.webp\",\"articleSection\":[\"Aprendizagem de l\u00ednguas\"],\"inLanguage\":\"pt-PT\",\"potentialAction\":[{\"@type\":\"CommentAction\",\"name\":\"Comment\",\"target\":[\"https:\/\/talkpal.ai\/pt-pt\/politicas-publicas-e-niveles-applicacao-de-pragmaticas-microssociolinguisticas-de-ensino-axial\/#respond\"]}]},{\"@type\":\"WebPage\",\"@id\":\"https:\/\/talkpal.ai\/pt-pt\/politicas-publicas-e-niveles-applicacao-de-pragmaticas-microssociolinguisticas-de-ensino-axial\/\",\"url\":\"https:\/\/talkpal.ai\/pt-pt\/politicas-publicas-e-niveles-applicacao-de-pragmaticas-microssociolinguisticas-de-ensino-axial\/\",\"name\":\"Pol\u00edticas P\u00fablicas e Niveles: Applica\u00e7\u00e3o de Pragm\u00e1ticas, Microssociolingu\u00edsticas de Ensino Axial - Talkpal\",\"isPartOf\":{\"@id\":\"https:\/\/talkpal.ai\/pt-pt\/#website\"},\"primaryImageOfPage\":{\"@id\":\"https:\/\/talkpal.ai\/pt-pt\/politicas-publicas-e-niveles-applicacao-de-pragmaticas-microssociolinguisticas-de-ensino-axial\/#primaryimage\"},\"image\":{\"@id\":\"https:\/\/talkpal.ai\/pt-pt\/politicas-publicas-e-niveles-applicacao-de-pragmaticas-microssociolinguisticas-de-ensino-axial\/#primaryimage\"},\"thumbnailUrl\":\"https:\/\/talkpal.ai\/wp-content\/uploads\/2025\/12\/typing-is-done-to-learn-languages.webp\",\"datePublished\":\"2024-05-27T02:38:39+00:00\",\"description\":\"Contextualiza\u00e7\u00e3o das Pol\u00edticas P\u00fablicas em Educa\u00e7\u00e3o No contexto educacional contempor\u00e2neo, a implementa\u00e7\u00e3o de pol\u00edticas p\u00fablicas eficazes \u00e9 essencial para\",\"breadcrumb\":{\"@id\":\"https:\/\/talkpal.ai\/pt-pt\/politicas-publicas-e-niveles-applicacao-de-pragmaticas-microssociolinguisticas-de-ensino-axial\/#breadcrumb\"},\"inLanguage\":\"pt-PT\",\"potentialAction\":[{\"@type\":\"ReadAction\",\"target\":[\"https:\/\/talkpal.ai\/pt-pt\/politicas-publicas-e-niveles-applicacao-de-pragmaticas-microssociolinguisticas-de-ensino-axial\/\"]}]},{\"@type\":\"ImageObject\",\"inLanguage\":\"pt-PT\",\"@id\":\"https:\/\/talkpal.ai\/pt-pt\/politicas-publicas-e-niveles-applicacao-de-pragmaticas-microssociolinguisticas-de-ensino-axial\/#primaryimage\",\"url\":\"https:\/\/talkpal.ai\/wp-content\/uploads\/2025\/12\/typing-is-done-to-learn-languages.webp\",\"contentUrl\":\"https:\/\/talkpal.ai\/wp-content\/uploads\/2025\/12\/typing-is-done-to-learn-languages.webp\",\"width\":1200,\"height\":896,\"caption\":\"Several people work at library desks with computer monitors for learning languages during the day.\"},{\"@type\":\"BreadcrumbList\",\"@id\":\"https:\/\/talkpal.ai\/pt-pt\/politicas-publicas-e-niveles-applicacao-de-pragmaticas-microssociolinguisticas-de-ensino-axial\/#breadcrumb\",\"itemListElement\":[{\"@type\":\"ListItem\",\"position\":1,\"name\":\"Homepage\",\"item\":\"https:\/\/talkpal.ai\/pt-pt\/\"},{\"@type\":\"ListItem\",\"position\":2,\"name\":\"Pol\u00edticas P\u00fablicas e Niveles: Applica\u00e7\u00e3o de Pragm\u00e1ticas, Microssociolingu\u00edsticas de Ensino Axial\"}]},{\"@type\":\"WebSite\",\"@id\":\"https:\/\/talkpal.ai\/pt-pt\/#website\",\"url\":\"https:\/\/talkpal.ai\/pt-pt\/\",\"name\":\"Talkpal\",\"description\":\"AI Language Learning\",\"publisher\":{\"@id\":\"https:\/\/talkpal.ai\/pt-pt\/#organization\"},\"alternateName\":\"Talkpal AI\",\"potentialAction\":[{\"@type\":\"SearchAction\",\"target\":{\"@type\":\"EntryPoint\",\"urlTemplate\":\"https:\/\/talkpal.ai\/pt-pt\/?s={search_term_string}\"},\"query-input\":{\"@type\":\"PropertyValueSpecification\",\"valueRequired\":true,\"valueName\":\"search_term_string\"}}],\"inLanguage\":\"pt-PT\"},{\"@type\":\"Organization\",\"@id\":\"https:\/\/talkpal.ai\/pt-pt\/#organization\",\"name\":\"Talkpal, Inc.\",\"alternateName\":\"Talkpal AI\",\"url\":\"https:\/\/talkpal.ai\/pt-pt\/\",\"logo\":{\"@type\":\"ImageObject\",\"inLanguage\":\"pt-PT\",\"@id\":\"https:\/\/talkpal.ai\/pt-pt\/#\/schema\/logo\/image\/\",\"url\":\"https:\/\/talkpal.ai\/wp-content\/uploads\/2024\/03\/Talkpal-Logo-Icon.png\",\"contentUrl\":\"https:\/\/talkpal.ai\/wp-content\/uploads\/2024\/03\/Talkpal-Logo-Icon.png\",\"width\":2880,\"height\":2880,\"caption\":\"Talkpal, Inc.\"},\"image\":{\"@id\":\"https:\/\/talkpal.ai\/pt-pt\/#\/schema\/logo\/image\/\"},\"sameAs\":[\"https:\/\/www.facebook.com\/profile.php?id=100090733639311\",\"https:\/\/x.com\/talkpalai\",\"https:\/\/www.linkedin.com\/company\/talkpal\/\",\"https:\/\/www.youtube.com\/@TalkPal\/\",\"https:\/\/www.tiktok.com\/@talkpal\",\"https:\/\/www.instagram.com\/talkpal_ai\/\",\"https:\/\/www.crunchbase.com\/organization\/talkpal-9cde\",\"https:\/\/www.g2.com\/products\/talkpal-for-business\/\",\"https:\/\/www.trustpilot.com\/review\/talkpal.ai\",\"https:\/\/www.capterra.com\/p\/10006800\/TalkPal\/\"],\"description\":\"Talkpal is a language learning web and mobile education app, powered by the latest AI technologies, that provides engaging experiences to its customers in many different languages to help them improve their language skills. Users can chat about unlimited amount of topics with the app and use other modes to practice their language learning.\",\"email\":\"support@talkpal.ai\",\"legalName\":\"Talkpal, Inc.\",\"foundingDate\":\"2023-04-03\",\"duns\":\"118989042\",\"numberOfEmployees\":{\"@type\":\"QuantitativeValue\",\"minValue\":\"11\",\"maxValue\":\"50\"},\"publishingPrinciples\":\"https:\/\/talkpal.ai\/publishing-principles\/\",\"actionableFeedbackPolicy\":\"https:\/\/talkpal.ai\/actionable-feedback-policy\/\",\"correctionsPolicy\":\"https:\/\/talkpal.ai\/corrections-policy\/\",\"ethicsPolicy\":\"https:\/\/talkpal.ai\/ethics-policy\/\",\"diversityPolicy\":\"https:\/\/talkpal.ai\/diversity-policy\/\",\"diversityStaffingReport\":\"https:\/\/talkpal.ai\/diversity-policy\/\"}]}<\/script>\n<!-- \/ Yoast SEO Premium plugin. -->","yoast_head_json":{"title":"Pol\u00edticas P\u00fablicas e Niveles: Applica\u00e7\u00e3o de Pragm\u00e1ticas, Microssociolingu\u00edsticas de Ensino Axial - Talkpal","description":"Contextualiza\u00e7\u00e3o das Pol\u00edticas P\u00fablicas em Educa\u00e7\u00e3o No contexto educacional contempor\u00e2neo, a implementa\u00e7\u00e3o de pol\u00edticas p\u00fablicas eficazes \u00e9 essencial para","robots":{"index":"index","follow":"follow","max-snippet":"max-snippet:-1","max-image-preview":"max-image-preview:large","max-video-preview":"max-video-preview:-1"},"canonical":"https:\/\/talkpal.ai\/pt-pt\/politicas-publicas-e-niveles-applicacao-de-pragmaticas-microssociolinguisticas-de-ensino-axial\/","og_locale":"pt_PT","og_type":"article","og_title":"Pol\u00edticas P\u00fablicas e Niveles: Applica\u00e7\u00e3o de Pragm\u00e1ticas, Microssociolingu\u00edsticas de Ensino Axial","og_description":"Contextualiza\u00e7\u00e3o das Pol\u00edticas P\u00fablicas em Educa\u00e7\u00e3o No contexto educacional contempor\u00e2neo, a implementa\u00e7\u00e3o de pol\u00edticas p\u00fablicas eficazes \u00e9 essencial para","og_url":"https:\/\/talkpal.ai\/pt-pt\/politicas-publicas-e-niveles-applicacao-de-pragmaticas-microssociolinguisticas-de-ensino-axial\/","og_site_name":"Talkpal","article_publisher":"https:\/\/www.facebook.com\/profile.php?id=100090733639311","article_published_time":"2024-05-27T02:38:39+00:00","og_image":[{"width":2880,"height":1620,"url":"https:\/\/talkpal.ai\/wp-content\/uploads\/2025\/02\/Progress-tab-16_9.png","type":"image\/png"}],"twitter_card":"summary_large_image","twitter_creator":"@talkpalai","twitter_site":"@talkpalai","twitter_misc":{"Tempo estimado de leitura":"3 minutos"},"schema":{"@context":"https:\/\/schema.org","@graph":[{"@type":"Article","@id":"https:\/\/talkpal.ai\/pt-pt\/politicas-publicas-e-niveles-applicacao-de-pragmaticas-microssociolinguisticas-de-ensino-axial\/#article","isPartOf":{"@id":"https:\/\/talkpal.ai\/pt-pt\/politicas-publicas-e-niveles-applicacao-de-pragmaticas-microssociolinguisticas-de-ensino-axial\/"},"author":{"name":"","@id":""},"headline":"Pol\u00edticas P\u00fablicas e Niveles: Applica\u00e7\u00e3o de Pragm\u00e1ticas, Microssociolingu\u00edsticas de Ensino Axial","datePublished":"2024-05-27T02:38:39+00:00","mainEntityOfPage":{"@id":"https:\/\/talkpal.ai\/pt-pt\/politicas-publicas-e-niveles-applicacao-de-pragmaticas-microssociolinguisticas-de-ensino-axial\/"},"wordCount":681,"commentCount":0,"publisher":{"@id":"https:\/\/talkpal.ai\/pt-pt\/#organization"},"image":{"@id":"https:\/\/talkpal.ai\/pt-pt\/politicas-publicas-e-niveles-applicacao-de-pragmaticas-microssociolinguisticas-de-ensino-axial\/#primaryimage"},"thumbnailUrl":"https:\/\/talkpal.ai\/wp-content\/uploads\/2025\/12\/typing-is-done-to-learn-languages.webp","articleSection":["Aprendizagem de l\u00ednguas"],"inLanguage":"pt-PT","potentialAction":[{"@type":"CommentAction","name":"Comment","target":["https:\/\/talkpal.ai\/pt-pt\/politicas-publicas-e-niveles-applicacao-de-pragmaticas-microssociolinguisticas-de-ensino-axial\/#respond"]}]},{"@type":"WebPage","@id":"https:\/\/talkpal.ai\/pt-pt\/politicas-publicas-e-niveles-applicacao-de-pragmaticas-microssociolinguisticas-de-ensino-axial\/","url":"https:\/\/talkpal.ai\/pt-pt\/politicas-publicas-e-niveles-applicacao-de-pragmaticas-microssociolinguisticas-de-ensino-axial\/","name":"Pol\u00edticas P\u00fablicas e Niveles: Applica\u00e7\u00e3o de Pragm\u00e1ticas, Microssociolingu\u00edsticas de Ensino Axial - Talkpal","isPartOf":{"@id":"https:\/\/talkpal.ai\/pt-pt\/#website"},"primaryImageOfPage":{"@id":"https:\/\/talkpal.ai\/pt-pt\/politicas-publicas-e-niveles-applicacao-de-pragmaticas-microssociolinguisticas-de-ensino-axial\/#primaryimage"},"image":{"@id":"https:\/\/talkpal.ai\/pt-pt\/politicas-publicas-e-niveles-applicacao-de-pragmaticas-microssociolinguisticas-de-ensino-axial\/#primaryimage"},"thumbnailUrl":"https:\/\/talkpal.ai\/wp-content\/uploads\/2025\/12\/typing-is-done-to-learn-languages.webp","datePublished":"2024-05-27T02:38:39+00:00","description":"Contextualiza\u00e7\u00e3o das Pol\u00edticas P\u00fablicas em Educa\u00e7\u00e3o No contexto educacional contempor\u00e2neo, a implementa\u00e7\u00e3o de pol\u00edticas p\u00fablicas eficazes \u00e9 essencial para","breadcrumb":{"@id":"https:\/\/talkpal.ai\/pt-pt\/politicas-publicas-e-niveles-applicacao-de-pragmaticas-microssociolinguisticas-de-ensino-axial\/#breadcrumb"},"inLanguage":"pt-PT","potentialAction":[{"@type":"ReadAction","target":["https:\/\/talkpal.ai\/pt-pt\/politicas-publicas-e-niveles-applicacao-de-pragmaticas-microssociolinguisticas-de-ensino-axial\/"]}]},{"@type":"ImageObject","inLanguage":"pt-PT","@id":"https:\/\/talkpal.ai\/pt-pt\/politicas-publicas-e-niveles-applicacao-de-pragmaticas-microssociolinguisticas-de-ensino-axial\/#primaryimage","url":"https:\/\/talkpal.ai\/wp-content\/uploads\/2025\/12\/typing-is-done-to-learn-languages.webp","contentUrl":"https:\/\/talkpal.ai\/wp-content\/uploads\/2025\/12\/typing-is-done-to-learn-languages.webp","width":1200,"height":896,"caption":"Several people work at library desks with computer monitors for learning languages during the day."},{"@type":"BreadcrumbList","@id":"https:\/\/talkpal.ai\/pt-pt\/politicas-publicas-e-niveles-applicacao-de-pragmaticas-microssociolinguisticas-de-ensino-axial\/#breadcrumb","itemListElement":[{"@type":"ListItem","position":1,"name":"Homepage","item":"https:\/\/talkpal.ai\/pt-pt\/"},{"@type":"ListItem","position":2,"name":"Pol\u00edticas P\u00fablicas e Niveles: Applica\u00e7\u00e3o de Pragm\u00e1ticas, Microssociolingu\u00edsticas de Ensino Axial"}]},{"@type":"WebSite","@id":"https:\/\/talkpal.ai\/pt-pt\/#website","url":"https:\/\/talkpal.ai\/pt-pt\/","name":"Talkpal","description":"AI Language Learning","publisher":{"@id":"https:\/\/talkpal.ai\/pt-pt\/#organization"},"alternateName":"Talkpal AI","potentialAction":[{"@type":"SearchAction","target":{"@type":"EntryPoint","urlTemplate":"https:\/\/talkpal.ai\/pt-pt\/?s={search_term_string}"},"query-input":{"@type":"PropertyValueSpecification","valueRequired":true,"valueName":"search_term_string"}}],"inLanguage":"pt-PT"},{"@type":"Organization","@id":"https:\/\/talkpal.ai\/pt-pt\/#organization","name":"Talkpal, Inc.","alternateName":"Talkpal AI","url":"https:\/\/talkpal.ai\/pt-pt\/","logo":{"@type":"ImageObject","inLanguage":"pt-PT","@id":"https:\/\/talkpal.ai\/pt-pt\/#\/schema\/logo\/image\/","url":"https:\/\/talkpal.ai\/wp-content\/uploads\/2024\/03\/Talkpal-Logo-Icon.png","contentUrl":"https:\/\/talkpal.ai\/wp-content\/uploads\/2024\/03\/Talkpal-Logo-Icon.png","width":2880,"height":2880,"caption":"Talkpal, Inc."},"image":{"@id":"https:\/\/talkpal.ai\/pt-pt\/#\/schema\/logo\/image\/"},"sameAs":["https:\/\/www.facebook.com\/profile.php?id=100090733639311","https:\/\/x.com\/talkpalai","https:\/\/www.linkedin.com\/company\/talkpal\/","https:\/\/www.youtube.com\/@TalkPal\/","https:\/\/www.tiktok.com\/@talkpal","https:\/\/www.instagram.com\/talkpal_ai\/","https:\/\/www.crunchbase.com\/organization\/talkpal-9cde","https:\/\/www.g2.com\/products\/talkpal-for-business\/","https:\/\/www.trustpilot.com\/review\/talkpal.ai","https:\/\/www.capterra.com\/p\/10006800\/TalkPal\/"],"description":"Talkpal is a language learning web and mobile education app, powered by the latest AI technologies, that provides engaging experiences to its customers in many different languages to help them improve their language skills. Users can chat about unlimited amount of topics with the app and use other modes to practice their language learning.","email":"support@talkpal.ai","legalName":"Talkpal, Inc.","foundingDate":"2023-04-03","duns":"118989042","numberOfEmployees":{"@type":"QuantitativeValue","minValue":"11","maxValue":"50"},"publishingPrinciples":"https:\/\/talkpal.ai\/publishing-principles\/","actionableFeedbackPolicy":"https:\/\/talkpal.ai\/actionable-feedback-policy\/","correctionsPolicy":"https:\/\/talkpal.ai\/corrections-policy\/","ethicsPolicy":"https:\/\/talkpal.ai\/ethics-policy\/","diversityPolicy":"https:\/\/talkpal.ai\/diversity-policy\/","diversityStaffingReport":"https:\/\/talkpal.ai\/diversity-policy\/"}]}},"_links":{"self":[{"href":"https:\/\/talkpal.ai\/pt-pt\/wp-json\/wp\/v2\/posts\/367163","targetHints":{"allow":["GET"]}}],"collection":[{"href":"https:\/\/talkpal.ai\/pt-pt\/wp-json\/wp\/v2\/posts"}],"about":[{"href":"https:\/\/talkpal.ai\/pt-pt\/wp-json\/wp\/v2\/types\/post"}],"replies":[{"embeddable":true,"href":"https:\/\/talkpal.ai\/pt-pt\/wp-json\/wp\/v2\/comments?post=367163"}],"version-history":[{"count":0,"href":"https:\/\/talkpal.ai\/pt-pt\/wp-json\/wp\/v2\/posts\/367163\/revisions"}],"wp:featuredmedia":[{"embeddable":true,"href":"https:\/\/talkpal.ai\/pt-pt\/wp-json\/wp\/v2\/media\/1528071"}],"wp:attachment":[{"href":"https:\/\/talkpal.ai\/pt-pt\/wp-json\/wp\/v2\/media?parent=367163"}],"wp:term":[{"taxonomy":"category","embeddable":true,"href":"https:\/\/talkpal.ai\/pt-pt\/wp-json\/wp\/v2\/categories?post=367163"},{"taxonomy":"post_tag","embeddable":true,"href":"https:\/\/talkpal.ai\/pt-pt\/wp-json\/wp\/v2\/tags?post=367163"}],"curies":[{"name":"wp","href":"https:\/\/api.w.org\/{rel}","templated":true}]}}