{"id":1423722,"date":"2025-07-18T01:20:44","date_gmt":"2025-07-18T01:20:44","guid":{"rendered":"https:\/\/talkpal.ai\/aula-de-vozes-verbais-domine-a-ativa-passiva-e-reflexiva-facil\/"},"modified":"2025-07-18T01:20:44","modified_gmt":"2025-07-18T01:20:44","slug":"aula-de-vozes-verbais-domine-a-ativa-passiva-e-reflexiva-facil","status":"publish","type":"post","link":"https:\/\/talkpal.ai\/pt-pt\/aula-de-vozes-verbais-domine-a-ativa-passiva-e-reflexiva-facil\/","title":{"rendered":"Aula de Vozes Verbais: Domine a Ativa, Passiva e Reflexiva F\u00e1cil"},"content":{"rendered":"<p>Aprender sobre as vozes verbais \u00e9 essencial para quem deseja dominar a gram\u00e1tica da <a href=\"https:\/\/talkpal.ai\/pt-pt\/pratica-a-conversacao-em-portugues\/\">l\u00edngua portuguesa<\/a>, seja para aprimorar a comunica\u00e7\u00e3o escrita ou oral. Compreender as diferen\u00e7as entre voz ativa, <a href=\"https:\/\/talkpal.ai\/culture\/what-is-the-passive-voice-in-portuguese\/\">voz passiva<\/a> e voz reflexiva facilita a constru\u00e7\u00e3o de frases claras e eficazes, al\u00e9m de melhorar a interpreta\u00e7\u00e3o de textos. Uma excelente forma de assimilar esses conceitos \u00e9 por meio de uma aula de vozes verbais, que oferece uma abordagem estruturada e pr\u00e1tica. A plataforma <a href=\"https:\/\/talkpal.ai\/ko\/ai-%ec%96%b8%ec%96%b4-%ea%b5%90%ec%82%ac\/\">Talkpal<\/a>, por exemplo, se destaca <a href=\"https:\/\/talkpal.ai\/locations\/language-courses-in-como\/\">como<\/a> um recurso inovador para quem busca aprofundar seus conhecimentos de forma interativa e din\u00e2mica.<\/p>\n<h2>O que s\u00e3o vozes verbais?<\/h2>\n<p>As vozes verbais indicam a rela\u00e7\u00e3o entre o sujeito da ora\u00e7\u00e3o e a a\u00e7\u00e3o expressa pelo verbo. Elas mostram se o sujeito pratica, sofre ou participa da a\u00e7\u00e3o verbal. Entender essa rela\u00e7\u00e3o \u00e9 fundamental para a constru\u00e7\u00e3o correta das frases e para a interpreta\u00e7\u00e3o textual.<\/p>\n<h3>Tipos de vozes verbais<\/h3>\n<ul>\n<li><strong>Voz Ativa:<\/strong> O sujeito \u00e9 o agente da a\u00e7\u00e3o, ou seja, realiza a a\u00e7\u00e3o expressa pelo verbo. Exemplo: &#8220;O professor explica a mat\u00e9ria.&#8221;<\/li>\n<li><strong>Voz Passiva:<\/strong> O sujeito sofre a a\u00e7\u00e3o verbal. Geralmente, a <a href=\"https:\/\/talkpal.ai\/culture\/what-is-the-passive-voice-in-portuguese\/\">voz passiva<\/a> \u00e9 formada com o verbo auxiliar &#8220;ser&#8221; e o partic\u00edpio do verbo principal. Exemplo: &#8220;A mat\u00e9ria foi explicada pelo professor.&#8221;<\/li>\n<li><strong>Voz Reflexiva:<\/strong> O sujeito pratica e sofre a a\u00e7\u00e3o ao mesmo tempo, geralmente acompanhado de <a href=\"https:\/\/talkpal.ai\/grammar\/pronomes-reflexivos-in-portuguese-grammar\/\">pronomes reflexivos<\/a> como &#8220;se&#8221;. Exemplo: &#8220;Ela se penteia todas as manh\u00e3s.&#8221;<\/li>\n<\/ul>\n<h2>A import\u00e2ncia de uma aula de vozes verbais<\/h2>\n<p>Uma aula de vozes verbais \u00e9 crucial para consolidar o entendimento desses conceitos gramaticais, especialmente para <a href=\"https:\/\/talkpal.ai\/talkpal-discount-for-students\/\">estudantes<\/a> e profissionais que desejam aprimorar seu dom\u00ednio da l\u00edngua portuguesa. Durante a aula, \u00e9 poss\u00edvel:<\/p>\n<ul>\n<li>Identificar e diferenciar claramente as vozes verbais em diferentes contextos.<\/li>\n<li>Praticar a transforma\u00e7\u00e3o de frases da voz ativa para a passiva e vice-versa.<\/li>\n<li>Reconhecer o uso correto da voz reflexiva e seu impacto na constru\u00e7\u00e3o do sentido.<\/li>\n<li>Ampliar o vocabul\u00e1rio e a flu\u00eancia gramatical por meio de exerc\u00edcios pr\u00e1ticos.<\/li>\n<\/ul>\n<h3>Benef\u00edcios para o aprendizado<\/h3>\n<p>Al\u00e9m de <a href=\"https:\/\/talkpal.ai\/grammar\/\">melhorar a gram\u00e1tica<\/a>, o estudo das vozes verbais contribui para:<\/p>\n<ul>\n<li>Melhor compreens\u00e3o e produ\u00e7\u00e3o de textos, tornando-os mais claros e objetivos.<\/li>\n<li>Desenvolvimento da capacidade cr\u00edtica ao interpretar diferentes estruturas lingu\u00edsticas.<\/li>\n<li>Facilita\u00e7\u00e3o na aprendizagem de outros idiomas, uma vez que conceitos semelhantes existem em v\u00e1rias l\u00ednguas.<\/li>\n<\/ul>\n<h2>Como o Talkpal pode potencializar sua aula de vozes verbais<\/h2>\n<p>Talkpal \u00e9 uma plataforma educativa que oferece recursos interativos para o aprendizado de idiomas e gram\u00e1tica. Com foco em experi\u00eancias pr\u00e1ticas e personalizadas, ela torna o estudo das vozes verbais mais acess\u00edvel e eficiente.<\/p>\n<h3>Recursos dispon\u00edveis na plataforma<\/h3>\n<ul>\n<li><strong>Aulas interativas:<\/strong> Conte\u00fados din\u00e2micos que combinam teoria e pr\u00e1tica, facilitando a assimila\u00e7\u00e3o dos conceitos.<\/li>\n<li><strong>Exerc\u00edcios personalizados:<\/strong> Atividades adaptadas ao n\u00edvel do estudante para refor\u00e7ar o aprendizado.<\/li>\n<li><strong>Feedback em tempo real:<\/strong> Corre\u00e7\u00e3o instant\u00e2nea que ajuda a identificar erros e aprimorar a compreens\u00e3o.<\/li>\n<li><strong>Comunidade de aprendizado:<\/strong> Possibilidade de interagir com outros estudantes e professores, promovendo troca de conhecimento.<\/li>\n<\/ul>\n<h3>Como utilizar a plataforma para maximizar o estudo das vozes verbais<\/h3>\n<ul>\n<li>Dedique-se a realizar as aulas sequenciais para garantir uma base s\u00f3lida.<\/li>\n<li>Pratique os exerc\u00edcios regularmente para fixar o conte\u00fado.<\/li>\n<li>Participe das discuss\u00f5es na comunidade para esclarecer d\u00favidas e ampliar perspectivas.<\/li>\n<li>Utilize os recursos de feedback para corrigir erros e melhorar a performance.<\/li>\n<\/ul>\n<h2>Dicas para aproveitar ao m\u00e1ximo sua aula de vozes verbais<\/h2>\n<p>Para que o aprendizado seja eficaz, algumas estrat\u00e9gias podem ser adotadas durante a aula de vozes verbais:<\/p>\n<ul>\n<li><strong>Leitura constante:<\/strong> Leia textos variados e identifique as vozes verbais presentes.<\/li>\n<li><strong>Escrita pr\u00e1tica:<\/strong> Produza frases e pequenos textos utilizando diferentes vozes verbais.<\/li>\n<li><strong>Revis\u00e3o peri\u00f3dica:<\/strong> Revise os conte\u00fados para fixar o conhecimento e evitar esquecimentos.<\/li>\n<li><strong>Utiliza\u00e7\u00e3o de exemplos reais:<\/strong> Observe como as vozes verbais s\u00e3o aplicadas em not\u00edcias, literatura e conversas do dia a dia.<\/li>\n<\/ul>\n<h2>Conclus\u00e3o<\/h2>\n<p>Dominar as vozes verbais \u00e9 fundamental para uma comunica\u00e7\u00e3o eficaz e para o aprimoramento da gram\u00e1tica na l\u00edngua portuguesa. Uma aula de vozes verbais, especialmente quando realizada em plataformas como o Talkpal, oferece uma abordagem completa e interativa que facilita a compreens\u00e3o e a aplica\u00e7\u00e3o pr\u00e1tica desses conceitos. Investir nesse tipo de aprendizado contribui significativamente para o desenvolvimento lingu\u00edstico, seja para fins acad\u00eamicos, profissionais ou pessoais.<\/p>\n","protected":false},"excerpt":{"rendered":"<p>Aprender sobre as vozes verbais \u00e9 essencial para quem deseja dominar a gram\u00e1tica da l\u00edngua portuguesa, seja para aprimorar a comunica\u00e7\u00e3o escrita ou oral. Compreender as diferen\u00e7as entre voz ativa, voz passiva e voz reflexiva facilita a constru\u00e7\u00e3o de frases claras e eficazes, al\u00e9m de melhorar a interpreta\u00e7\u00e3o de textos. Uma excelente forma de assimilar [&hellip;]<\/p>\n","protected":false},"author":0,"featured_media":1527959,"comment_status":"","ping_status":"open","sticky":false,"template":"","format":"standard","meta":{"_acf_changed":false,"footnotes":""},"categories":[21312],"tags":[],"class_list":["post-1423722","post","type-post","status-publish","format-standard","has-post-thumbnail","hentry","category-insights-de-aprendizagem-de-idiomas"],"acf":[],"yoast_head":"<!-- This site is optimized with the Yoast SEO Premium plugin v27.2 (Yoast SEO v27.2) - https:\/\/yoast.com\/product\/yoast-seo-premium-wordpress\/ -->\n<title>Aula de Vozes Verbais: Domine a Ativa, Passiva e Reflexiva F\u00e1cil - Talkpal<\/title>\n<meta name=\"description\" content=\"Aprender sobre as vozes verbais \u00e9 essencial para quem deseja dominar a gram\u00e1tica da l\u00edngua portuguesa, seja para aprimorar a comunica\u00e7\u00e3o escrita ou oral.\" \/>\n<meta name=\"robots\" content=\"index, follow, max-snippet:-1, max-image-preview:large, max-video-preview:-1\" \/>\n<link rel=\"canonical\" href=\"https:\/\/talkpal.ai\/pt-pt\/aula-de-vozes-verbais-domine-a-ativa-passiva-e-reflexiva-facil\/\" \/>\n<meta property=\"og:locale\" content=\"pt_PT\" \/>\n<meta property=\"og:type\" content=\"article\" \/>\n<meta property=\"og:title\" content=\"Aula de Vozes Verbais: Domine a Ativa, Passiva e Reflexiva F\u00e1cil\" \/>\n<meta property=\"og:description\" content=\"Aprender sobre as vozes verbais \u00e9 essencial para quem deseja dominar a gram\u00e1tica da l\u00edngua portuguesa, seja para aprimorar a comunica\u00e7\u00e3o escrita ou oral.\" \/>\n<meta property=\"og:url\" content=\"https:\/\/talkpal.ai\/pt-pt\/aula-de-vozes-verbais-domine-a-ativa-passiva-e-reflexiva-facil\/\" \/>\n<meta property=\"og:site_name\" content=\"Talkpal\" \/>\n<meta property=\"article:publisher\" content=\"https:\/\/www.facebook.com\/profile.php?id=100090733639311\" \/>\n<meta property=\"article:published_time\" content=\"2025-07-18T01:20:44+00:00\" \/>\n<meta property=\"og:image\" content=\"https:\/\/talkpal.ai\/wp-content\/uploads\/2025\/02\/Progress-tab-16_9.png\" \/>\n\t<meta property=\"og:image:width\" content=\"2880\" \/>\n\t<meta property=\"og:image:height\" content=\"1620\" \/>\n\t<meta property=\"og:image:type\" content=\"image\/png\" \/>\n<meta name=\"twitter:card\" content=\"summary_large_image\" \/>\n<meta name=\"twitter:creator\" content=\"@talkpalai\" \/>\n<meta name=\"twitter:site\" content=\"@talkpalai\" \/>\n<meta name=\"twitter:label1\" content=\"Tempo estimado de leitura\" \/>\n\t<meta name=\"twitter:data1\" content=\"4 minutos\" \/>\n<script type=\"application\/ld+json\" class=\"yoast-schema-graph\">{\"@context\":\"https:\/\/schema.org\",\"@graph\":[{\"@type\":\"Article\",\"@id\":\"https:\/\/talkpal.ai\/pt-pt\/aula-de-vozes-verbais-domine-a-ativa-passiva-e-reflexiva-facil\/#article\",\"isPartOf\":{\"@id\":\"https:\/\/talkpal.ai\/pt-pt\/aula-de-vozes-verbais-domine-a-ativa-passiva-e-reflexiva-facil\/\"},\"author\":{\"name\":\"\",\"@id\":\"\"},\"headline\":\"Aula de Vozes Verbais: Domine a Ativa, Passiva e Reflexiva F\u00e1cil\",\"datePublished\":\"2025-07-18T01:20:44+00:00\",\"mainEntityOfPage\":{\"@id\":\"https:\/\/talkpal.ai\/pt-pt\/aula-de-vozes-verbais-domine-a-ativa-passiva-e-reflexiva-facil\/\"},\"wordCount\":761,\"publisher\":{\"@id\":\"https:\/\/talkpal.ai\/pt-pt\/#organization\"},\"image\":{\"@id\":\"https:\/\/talkpal.ai\/pt-pt\/aula-de-vozes-verbais-domine-a-ativa-passiva-e-reflexiva-facil\/#primaryimage\"},\"thumbnailUrl\":\"https:\/\/talkpal.ai\/wp-content\/uploads\/2025\/12\/students-review-handouts-to-learn-languages.webp\",\"articleSection\":[\"Insights de aprendizagem de idiomas\"],\"inLanguage\":\"pt-PT\"},{\"@type\":\"WebPage\",\"@id\":\"https:\/\/talkpal.ai\/pt-pt\/aula-de-vozes-verbais-domine-a-ativa-passiva-e-reflexiva-facil\/\",\"url\":\"https:\/\/talkpal.ai\/pt-pt\/aula-de-vozes-verbais-domine-a-ativa-passiva-e-reflexiva-facil\/\",\"name\":\"Aula de Vozes Verbais: Domine a Ativa, Passiva e Reflexiva F\u00e1cil - Talkpal\",\"isPartOf\":{\"@id\":\"https:\/\/talkpal.ai\/pt-pt\/#website\"},\"primaryImageOfPage\":{\"@id\":\"https:\/\/talkpal.ai\/pt-pt\/aula-de-vozes-verbais-domine-a-ativa-passiva-e-reflexiva-facil\/#primaryimage\"},\"image\":{\"@id\":\"https:\/\/talkpal.ai\/pt-pt\/aula-de-vozes-verbais-domine-a-ativa-passiva-e-reflexiva-facil\/#primaryimage\"},\"thumbnailUrl\":\"https:\/\/talkpal.ai\/wp-content\/uploads\/2025\/12\/students-review-handouts-to-learn-languages.webp\",\"datePublished\":\"2025-07-18T01:20:44+00:00\",\"description\":\"Aprender sobre as vozes verbais \u00e9 essencial para quem deseja dominar a gram\u00e1tica da l\u00edngua portuguesa, seja para aprimorar a comunica\u00e7\u00e3o escrita ou oral.\",\"breadcrumb\":{\"@id\":\"https:\/\/talkpal.ai\/pt-pt\/aula-de-vozes-verbais-domine-a-ativa-passiva-e-reflexiva-facil\/#breadcrumb\"},\"inLanguage\":\"pt-PT\",\"potentialAction\":[{\"@type\":\"ReadAction\",\"target\":[\"https:\/\/talkpal.ai\/pt-pt\/aula-de-vozes-verbais-domine-a-ativa-passiva-e-reflexiva-facil\/\"]}]},{\"@type\":\"ImageObject\",\"inLanguage\":\"pt-PT\",\"@id\":\"https:\/\/talkpal.ai\/pt-pt\/aula-de-vozes-verbais-domine-a-ativa-passiva-e-reflexiva-facil\/#primaryimage\",\"url\":\"https:\/\/talkpal.ai\/wp-content\/uploads\/2025\/12\/students-review-handouts-to-learn-languages.webp\",\"contentUrl\":\"https:\/\/talkpal.ai\/wp-content\/uploads\/2025\/12\/students-review-handouts-to-learn-languages.webp\",\"width\":1200,\"height\":896,\"caption\":\"A group of diverse students discuss and review paper handouts for learning languages together.\"},{\"@type\":\"BreadcrumbList\",\"@id\":\"https:\/\/talkpal.ai\/pt-pt\/aula-de-vozes-verbais-domine-a-ativa-passiva-e-reflexiva-facil\/#breadcrumb\",\"itemListElement\":[{\"@type\":\"ListItem\",\"position\":1,\"name\":\"Homepage\",\"item\":\"https:\/\/talkpal.ai\/pt-pt\/\"},{\"@type\":\"ListItem\",\"position\":2,\"name\":\"Aula de Vozes Verbais: Domine a Ativa, Passiva e Reflexiva F\u00e1cil\"}]},{\"@type\":\"WebSite\",\"@id\":\"https:\/\/talkpal.ai\/pt-pt\/#website\",\"url\":\"https:\/\/talkpal.ai\/pt-pt\/\",\"name\":\"Talkpal\",\"description\":\"AI Language Learning\",\"publisher\":{\"@id\":\"https:\/\/talkpal.ai\/pt-pt\/#organization\"},\"alternateName\":\"Talkpal AI\",\"potentialAction\":[{\"@type\":\"SearchAction\",\"target\":{\"@type\":\"EntryPoint\",\"urlTemplate\":\"https:\/\/talkpal.ai\/pt-pt\/?s={search_term_string}\"},\"query-input\":{\"@type\":\"PropertyValueSpecification\",\"valueRequired\":true,\"valueName\":\"search_term_string\"}}],\"inLanguage\":\"pt-PT\"},{\"@type\":\"Organization\",\"@id\":\"https:\/\/talkpal.ai\/pt-pt\/#organization\",\"name\":\"Talkpal, Inc.\",\"alternateName\":\"Talkpal AI\",\"url\":\"https:\/\/talkpal.ai\/pt-pt\/\",\"logo\":{\"@type\":\"ImageObject\",\"inLanguage\":\"pt-PT\",\"@id\":\"https:\/\/talkpal.ai\/pt-pt\/#\/schema\/logo\/image\/\",\"url\":\"https:\/\/talkpal.ai\/wp-content\/uploads\/2024\/03\/Talkpal-Logo-Icon.png\",\"contentUrl\":\"https:\/\/talkpal.ai\/wp-content\/uploads\/2024\/03\/Talkpal-Logo-Icon.png\",\"width\":2880,\"height\":2880,\"caption\":\"Talkpal, Inc.\"},\"image\":{\"@id\":\"https:\/\/talkpal.ai\/pt-pt\/#\/schema\/logo\/image\/\"},\"sameAs\":[\"https:\/\/www.facebook.com\/profile.php?id=100090733639311\",\"https:\/\/x.com\/talkpalai\",\"https:\/\/www.linkedin.com\/company\/talkpal\/\",\"https:\/\/www.youtube.com\/@TalkPal\/\",\"https:\/\/www.tiktok.com\/@talkpal\",\"https:\/\/www.instagram.com\/talkpal_ai\/\",\"https:\/\/www.crunchbase.com\/organization\/talkpal-9cde\",\"https:\/\/www.g2.com\/products\/talkpal-for-business\/\",\"https:\/\/www.trustpilot.com\/review\/talkpal.ai\",\"https:\/\/www.capterra.com\/p\/10006800\/TalkPal\/\"],\"description\":\"Talkpal is a language learning web and mobile education app, powered by the latest AI technologies, that provides engaging experiences to its customers in many different languages to help them improve their language skills. Users can chat about unlimited amount of topics with the app and use other modes to practice their language learning.\",\"email\":\"support@talkpal.ai\",\"legalName\":\"Talkpal, Inc.\",\"foundingDate\":\"2023-04-03\",\"duns\":\"118989042\",\"numberOfEmployees\":{\"@type\":\"QuantitativeValue\",\"minValue\":\"11\",\"maxValue\":\"50\"},\"publishingPrinciples\":\"https:\/\/talkpal.ai\/publishing-principles\/\",\"actionableFeedbackPolicy\":\"https:\/\/talkpal.ai\/actionable-feedback-policy\/\",\"correctionsPolicy\":\"https:\/\/talkpal.ai\/corrections-policy\/\",\"ethicsPolicy\":\"https:\/\/talkpal.ai\/ethics-policy\/\",\"diversityPolicy\":\"https:\/\/talkpal.ai\/diversity-policy\/\",\"diversityStaffingReport\":\"https:\/\/talkpal.ai\/diversity-policy\/\"}]}<\/script>\n<!-- \/ Yoast SEO Premium plugin. -->","yoast_head_json":{"title":"Aula de Vozes Verbais: Domine a Ativa, Passiva e Reflexiva F\u00e1cil - Talkpal","description":"Aprender sobre as vozes verbais \u00e9 essencial para quem deseja dominar a gram\u00e1tica da l\u00edngua portuguesa, seja para aprimorar a comunica\u00e7\u00e3o escrita ou oral.","robots":{"index":"index","follow":"follow","max-snippet":"max-snippet:-1","max-image-preview":"max-image-preview:large","max-video-preview":"max-video-preview:-1"},"canonical":"https:\/\/talkpal.ai\/pt-pt\/aula-de-vozes-verbais-domine-a-ativa-passiva-e-reflexiva-facil\/","og_locale":"pt_PT","og_type":"article","og_title":"Aula de Vozes Verbais: Domine a Ativa, Passiva e Reflexiva F\u00e1cil","og_description":"Aprender sobre as vozes verbais \u00e9 essencial para quem deseja dominar a gram\u00e1tica da l\u00edngua portuguesa, seja para aprimorar a comunica\u00e7\u00e3o escrita ou oral.","og_url":"https:\/\/talkpal.ai\/pt-pt\/aula-de-vozes-verbais-domine-a-ativa-passiva-e-reflexiva-facil\/","og_site_name":"Talkpal","article_publisher":"https:\/\/www.facebook.com\/profile.php?id=100090733639311","article_published_time":"2025-07-18T01:20:44+00:00","og_image":[{"width":2880,"height":1620,"url":"https:\/\/talkpal.ai\/wp-content\/uploads\/2025\/02\/Progress-tab-16_9.png","type":"image\/png"}],"twitter_card":"summary_large_image","twitter_creator":"@talkpalai","twitter_site":"@talkpalai","twitter_misc":{"Tempo estimado de leitura":"4 minutos"},"schema":{"@context":"https:\/\/schema.org","@graph":[{"@type":"Article","@id":"https:\/\/talkpal.ai\/pt-pt\/aula-de-vozes-verbais-domine-a-ativa-passiva-e-reflexiva-facil\/#article","isPartOf":{"@id":"https:\/\/talkpal.ai\/pt-pt\/aula-de-vozes-verbais-domine-a-ativa-passiva-e-reflexiva-facil\/"},"author":{"name":"","@id":""},"headline":"Aula de Vozes Verbais: Domine a Ativa, Passiva e Reflexiva F\u00e1cil","datePublished":"2025-07-18T01:20:44+00:00","mainEntityOfPage":{"@id":"https:\/\/talkpal.ai\/pt-pt\/aula-de-vozes-verbais-domine-a-ativa-passiva-e-reflexiva-facil\/"},"wordCount":761,"publisher":{"@id":"https:\/\/talkpal.ai\/pt-pt\/#organization"},"image":{"@id":"https:\/\/talkpal.ai\/pt-pt\/aula-de-vozes-verbais-domine-a-ativa-passiva-e-reflexiva-facil\/#primaryimage"},"thumbnailUrl":"https:\/\/talkpal.ai\/wp-content\/uploads\/2025\/12\/students-review-handouts-to-learn-languages.webp","articleSection":["Insights de aprendizagem de idiomas"],"inLanguage":"pt-PT"},{"@type":"WebPage","@id":"https:\/\/talkpal.ai\/pt-pt\/aula-de-vozes-verbais-domine-a-ativa-passiva-e-reflexiva-facil\/","url":"https:\/\/talkpal.ai\/pt-pt\/aula-de-vozes-verbais-domine-a-ativa-passiva-e-reflexiva-facil\/","name":"Aula de Vozes Verbais: Domine a Ativa, Passiva e Reflexiva F\u00e1cil - Talkpal","isPartOf":{"@id":"https:\/\/talkpal.ai\/pt-pt\/#website"},"primaryImageOfPage":{"@id":"https:\/\/talkpal.ai\/pt-pt\/aula-de-vozes-verbais-domine-a-ativa-passiva-e-reflexiva-facil\/#primaryimage"},"image":{"@id":"https:\/\/talkpal.ai\/pt-pt\/aula-de-vozes-verbais-domine-a-ativa-passiva-e-reflexiva-facil\/#primaryimage"},"thumbnailUrl":"https:\/\/talkpal.ai\/wp-content\/uploads\/2025\/12\/students-review-handouts-to-learn-languages.webp","datePublished":"2025-07-18T01:20:44+00:00","description":"Aprender sobre as vozes verbais \u00e9 essencial para quem deseja dominar a gram\u00e1tica da l\u00edngua portuguesa, seja para aprimorar a comunica\u00e7\u00e3o escrita ou oral.","breadcrumb":{"@id":"https:\/\/talkpal.ai\/pt-pt\/aula-de-vozes-verbais-domine-a-ativa-passiva-e-reflexiva-facil\/#breadcrumb"},"inLanguage":"pt-PT","potentialAction":[{"@type":"ReadAction","target":["https:\/\/talkpal.ai\/pt-pt\/aula-de-vozes-verbais-domine-a-ativa-passiva-e-reflexiva-facil\/"]}]},{"@type":"ImageObject","inLanguage":"pt-PT","@id":"https:\/\/talkpal.ai\/pt-pt\/aula-de-vozes-verbais-domine-a-ativa-passiva-e-reflexiva-facil\/#primaryimage","url":"https:\/\/talkpal.ai\/wp-content\/uploads\/2025\/12\/students-review-handouts-to-learn-languages.webp","contentUrl":"https:\/\/talkpal.ai\/wp-content\/uploads\/2025\/12\/students-review-handouts-to-learn-languages.webp","width":1200,"height":896,"caption":"A group of diverse students discuss and review paper handouts for learning languages together."},{"@type":"BreadcrumbList","@id":"https:\/\/talkpal.ai\/pt-pt\/aula-de-vozes-verbais-domine-a-ativa-passiva-e-reflexiva-facil\/#breadcrumb","itemListElement":[{"@type":"ListItem","position":1,"name":"Homepage","item":"https:\/\/talkpal.ai\/pt-pt\/"},{"@type":"ListItem","position":2,"name":"Aula de Vozes Verbais: Domine a Ativa, Passiva e Reflexiva F\u00e1cil"}]},{"@type":"WebSite","@id":"https:\/\/talkpal.ai\/pt-pt\/#website","url":"https:\/\/talkpal.ai\/pt-pt\/","name":"Talkpal","description":"AI Language Learning","publisher":{"@id":"https:\/\/talkpal.ai\/pt-pt\/#organization"},"alternateName":"Talkpal AI","potentialAction":[{"@type":"SearchAction","target":{"@type":"EntryPoint","urlTemplate":"https:\/\/talkpal.ai\/pt-pt\/?s={search_term_string}"},"query-input":{"@type":"PropertyValueSpecification","valueRequired":true,"valueName":"search_term_string"}}],"inLanguage":"pt-PT"},{"@type":"Organization","@id":"https:\/\/talkpal.ai\/pt-pt\/#organization","name":"Talkpal, Inc.","alternateName":"Talkpal AI","url":"https:\/\/talkpal.ai\/pt-pt\/","logo":{"@type":"ImageObject","inLanguage":"pt-PT","@id":"https:\/\/talkpal.ai\/pt-pt\/#\/schema\/logo\/image\/","url":"https:\/\/talkpal.ai\/wp-content\/uploads\/2024\/03\/Talkpal-Logo-Icon.png","contentUrl":"https:\/\/talkpal.ai\/wp-content\/uploads\/2024\/03\/Talkpal-Logo-Icon.png","width":2880,"height":2880,"caption":"Talkpal, Inc."},"image":{"@id":"https:\/\/talkpal.ai\/pt-pt\/#\/schema\/logo\/image\/"},"sameAs":["https:\/\/www.facebook.com\/profile.php?id=100090733639311","https:\/\/x.com\/talkpalai","https:\/\/www.linkedin.com\/company\/talkpal\/","https:\/\/www.youtube.com\/@TalkPal\/","https:\/\/www.tiktok.com\/@talkpal","https:\/\/www.instagram.com\/talkpal_ai\/","https:\/\/www.crunchbase.com\/organization\/talkpal-9cde","https:\/\/www.g2.com\/products\/talkpal-for-business\/","https:\/\/www.trustpilot.com\/review\/talkpal.ai","https:\/\/www.capterra.com\/p\/10006800\/TalkPal\/"],"description":"Talkpal is a language learning web and mobile education app, powered by the latest AI technologies, that provides engaging experiences to its customers in many different languages to help them improve their language skills. Users can chat about unlimited amount of topics with the app and use other modes to practice their language learning.","email":"support@talkpal.ai","legalName":"Talkpal, Inc.","foundingDate":"2023-04-03","duns":"118989042","numberOfEmployees":{"@type":"QuantitativeValue","minValue":"11","maxValue":"50"},"publishingPrinciples":"https:\/\/talkpal.ai\/publishing-principles\/","actionableFeedbackPolicy":"https:\/\/talkpal.ai\/actionable-feedback-policy\/","correctionsPolicy":"https:\/\/talkpal.ai\/corrections-policy\/","ethicsPolicy":"https:\/\/talkpal.ai\/ethics-policy\/","diversityPolicy":"https:\/\/talkpal.ai\/diversity-policy\/","diversityStaffingReport":"https:\/\/talkpal.ai\/diversity-policy\/"}]}},"_links":{"self":[{"href":"https:\/\/talkpal.ai\/pt-pt\/wp-json\/wp\/v2\/posts\/1423722","targetHints":{"allow":["GET"]}}],"collection":[{"href":"https:\/\/talkpal.ai\/pt-pt\/wp-json\/wp\/v2\/posts"}],"about":[{"href":"https:\/\/talkpal.ai\/pt-pt\/wp-json\/wp\/v2\/types\/post"}],"replies":[{"embeddable":true,"href":"https:\/\/talkpal.ai\/pt-pt\/wp-json\/wp\/v2\/comments?post=1423722"}],"version-history":[{"count":0,"href":"https:\/\/talkpal.ai\/pt-pt\/wp-json\/wp\/v2\/posts\/1423722\/revisions"}],"wp:featuredmedia":[{"embeddable":true,"href":"https:\/\/talkpal.ai\/pt-pt\/wp-json\/wp\/v2\/media\/1527959"}],"wp:attachment":[{"href":"https:\/\/talkpal.ai\/pt-pt\/wp-json\/wp\/v2\/media?parent=1423722"}],"wp:term":[{"taxonomy":"category","embeddable":true,"href":"https:\/\/talkpal.ai\/pt-pt\/wp-json\/wp\/v2\/categories?post=1423722"},{"taxonomy":"post_tag","embeddable":true,"href":"https:\/\/talkpal.ai\/pt-pt\/wp-json\/wp\/v2\/tags?post=1423722"}],"curies":[{"name":"wp","href":"https:\/\/api.w.org\/{rel}","templated":true}]}}