{"id":1422861,"date":"2025-07-18T01:06:25","date_gmt":"2025-07-18T01:06:25","guid":{"rendered":"https:\/\/talkpal.ai\/domine-os-verbos-reflexivos-em-alemao-guia-pratico-e-essencial\/"},"modified":"2025-12-26T13:46:34","modified_gmt":"2025-12-26T13:46:34","slug":"domine-os-verbos-reflexivos-em-alemao-guia-pratico-e-essencial","status":"publish","type":"post","link":"https:\/\/talkpal.ai\/pt-pt\/domine-os-verbos-reflexivos-em-alemao-guia-pratico-e-essencial\/","title":{"rendered":"Domine os Verbos Reflexivos em Alem\u00e3o: Guia Pr\u00e1tico e Essencial"},"content":{"rendered":"<p>Aprender uma nova l\u00edngua envolve dominar diversos aspectos gramaticais que s\u00e3o fundamentais para a flu\u00eancia e compreens\u00e3o. No caso do <a href=\"https:\/\/talkpal.ai\/learn-german\/\">alem\u00e3o<\/a>, os <a href=\"https:\/\/talkpal.ai\/grammar\/verbos-reflexivos-in-portuguese-grammar\/\">verbos reflexivos<\/a> representam uma categoria essencial que pode causar d\u00favidas para <a href=\"https:\/\/talkpal.ai\/talkpal-discount-for-students\/\">estudantes<\/a>, especialmente aqueles que falam <a href=\"https:\/\/talkpal.ai\/learn-portuguese\/\">portugu\u00eas<\/a>. Utilizar plataformas <a href=\"https:\/\/talkpal.ai\/locations\/language-courses-in-como\/\">como<\/a> <a href=\"https:\/\/talkpal.ai\/ko\/ai-%ec%96%b8%ec%96%b4-%ea%b5%90%ec%82%ac\/\">Talkpal<\/a> pode ser uma excelente <a href=\"https:\/\/talkpal.ai\/best-way-to-learn\/\">maneira de aprender<\/a> verbos reflexivos em alem\u00e3o, pois oferece ferramentas interativas e pr\u00e1ticas para fixa\u00e7\u00e3o desse conte\u00fado. Neste artigo, exploraremos detalhadamente o que s\u00e3o os verbos reflexivos em alem\u00e3o, sua import\u00e2ncia, regras de uso, exemplos pr\u00e1ticos e dicas para assimil\u00e1-los de maneira eficiente.<\/p>\n<h2>O que s\u00e3o os verbos reflexivos em alem\u00e3o?<\/h2>\n<p>Verbos reflexivos s\u00e3o aqueles em que o sujeito pratica e recebe a a\u00e7\u00e3o do verbo ao mesmo tempo, ou seja, a a\u00e7\u00e3o &#8220;reflete-se&#8221; no pr\u00f3prio sujeito. Em alem\u00e3o, esses verbos s\u00e3o acompanhados de <a href=\"https:\/\/talkpal.ai\/grammar\/pronomes-reflexivos-in-portuguese-grammar\/\">pronomes reflexivos<\/a> que indicam que o sujeito e o objeto da a\u00e7\u00e3o s\u00e3o a mesma pessoa.<\/p>\n<h3>Defini\u00e7\u00e3o e caracter\u00edsticas<\/h3>\n<p>&#8211; Em alem\u00e3o, o pronome reflexivo mais comum \u00e9 &#8220;sich&#8221;, que varia conforme o caso gramatical (acusativo, dativo).<br \/>\n&#8211; Nem todos os verbos s\u00e3o reflexivos; apenas alguns t\u00eam uso reflexivo obrigat\u00f3rio ou opcional.<br \/>\n&#8211; Os verbos reflexivos podem ser divididos em:<br \/>\n  &#8211; Verbos com uso exclusivamente reflexivo (sempre usados com pronomes reflexivos).<br \/>\n  &#8211; Verbos com uso reflexivo opcional (podem ser usados com ou sem pronome reflexivo, alterando o sentido).<\/p>\n<h3>Exemplo b\u00e1sico<\/h3>\n<p>&#8211; <b>sich waschen<\/b> (lavar-se)<br \/>\n  &#8211; Ich wasche mich. (Eu me lavo.)<br \/>\n  &#8211; Du w\u00e4schst dich. (Tu te lavas.)<\/p>\n<h2>Import\u00e2ncia dos verbos reflexivos em alem\u00e3o<\/h2>\n<p>Compreender e usar corretamente os verbos reflexivos \u00e9 fundamental para:<\/p>\n<p>&#8211; Construir frases naturais e corretas no alem\u00e3o cotidiano.<br \/>\n&#8211; Evitar confus\u00f5es sem\u00e2nticas, pois o uso ou n\u00e3o do pronome reflexivo pode alterar completamente o sentido da frase.<br \/>\n&#8211; Melhorar a compreens\u00e3o auditiva e leitura, j\u00e1 que esses verbos aparecem frequentemente em textos e conversa\u00e7\u00f5es.<\/p>\n<p>Al\u00e9m disso, dominar os verbos reflexivos em alem\u00e3o facilita a aprendizagem de estruturas gramaticais mais complexas, como os tempos compostos e a voz passiva.<\/p>\n<h2>Como identificar verbos reflexivos em alem\u00e3o<\/h2>\n<h3>Pronomes reflexivos e sua conjuga\u00e7\u00e3o<\/h3>\n<p>Os pronomes reflexivos em alem\u00e3o s\u00e3o baseados no pronome &#8220;sich&#8221; e mudam de acordo com a pessoa e o caso gramatical da frase. Veja a tabela abaixo:<\/p>\n<table border=\"1\" cellpadding=\"5\" cellspacing=\"0\">\n<tr>\n<th>Pessoa<\/th>\n<th>Acusativo<\/th>\n<th>Dativo<\/th>\n<\/tr>\n<tr>\n<td>Ich (eu)<\/td>\n<td>mich<\/td>\n<td>mir<\/td>\n<\/tr>\n<tr>\n<td>Du (tu)<\/td>\n<td>dich<\/td>\n<td>dir<\/td>\n<\/tr>\n<tr>\n<td>Er\/Sie\/Es (ele\/ela\/neutro)<\/td>\n<td>sich<\/td>\n<td>sich<\/td>\n<\/tr>\n<tr>\n<td>Wir (n\u00f3s)<\/td>\n<td>uns<\/td>\n<td>uns<\/td>\n<\/tr>\n<tr>\n<td>Ihr (v\u00f3s)<\/td>\n<td>euch<\/td>\n<td>euch<\/td>\n<\/tr>\n<tr>\n<td>Sie (eles\/elas) e Sie (formal)<\/td>\n<td>sich<\/td>\n<td>sich<\/td>\n<\/tr>\n<\/table>\n<h3>Dicas para identificar verbos reflexivos<\/h3>\n<p>&#8211; Procure verbos que s\u00e3o acompanhados do pronome &#8220;sich&#8221; em dicion\u00e1rios.<br \/>\n&#8211; Observe se o verbo indica uma a\u00e7\u00e3o que a pessoa faz para si mesma.<br \/>\n&#8211; Alguns verbos mudam o sentido quando usados com ou sem o pronome reflexivo.<\/p>\n<h2>Principais verbos reflexivos em alem\u00e3o<\/h2>\n<p>A seguir, listamos alguns dos verbos reflexivos mais comuns, com seus significados e exemplos pr\u00e1ticos.<\/p>\n<ul>\n<li><strong>sich freuen<\/strong> \u2013 alegrar-se<br \/>\n    <em>Ich freue mich auf das Wochenende.<\/em> (Eu me alegro pelo fim de semana.)<\/li>\n<li><strong>sich erinnern<\/strong> \u2013 lembrar-se<br \/>\n    <em>Er erinnert sich an den Urlaub.<\/em> (Ele lembra-se das f\u00e9rias.)<\/li>\n<li><strong>sich interessieren<\/strong> \u2013 interessar-se<br \/>\n    <em>Wir interessieren uns f\u00fcr Musik.<\/em> (N\u00f3s nos interessamos por m\u00fasica.)<\/li>\n<li><strong>sich waschen<\/strong> \u2013 lavar-se<br \/>\n    <em>Du w\u00e4schst dich jeden Morgen.<\/em> (Tu te lavas toda manh\u00e3.)<\/li>\n<li><strong>sich setzen<\/strong> \u2013 sentar-se<br \/>\n    <em>Setz dich bitte! <\/em> (Senta-te, por favor!)<\/li>\n<li><strong>sich beeilen<\/strong> \u2013 apressar-se<br \/>\n    <em>Sie m\u00fcssen sich beeilen.<\/em> (Voc\u00eas precisam se apressar.)<\/li>\n<li><strong>sich verletzen<\/strong> \u2013 ferir-se<br \/>\n    <em>Er hat sich am Bein verletzt.<\/em> (Ele se feriu na perna.)<\/li>\n<\/ul>\n<h2>Regras de uso dos verbos reflexivos em alem\u00e3o<\/h2>\n<h3>Posi\u00e7\u00e3o do pronome reflexivo na frase<\/h3>\n<p>Em frases afirmativas simples, o pronome reflexivo geralmente aparece logo ap\u00f3s o verbo conjugado:<\/p>\n<p>&#8211; Ich freue mich. (Eu me alegro.)<\/p>\n<p>Em frases com verbos auxiliares ou tempos compostos, o pronome reflexivo acompanha o verbo principal e pode variar de posi\u00e7\u00e3o, mas normalmente precede o partic\u00edpio:<\/p>\n<p>&#8211; Ich habe mich gefreut. (Eu me alegrei.)<\/p>\n<h3>Casos gramaticais dos pronomes reflexivos<\/h3>\n<p>Os verbos reflexivos podem exigir o pronome no caso acusativo ou dativo, dependendo do verbo e da constru\u00e7\u00e3o da frase.<\/p>\n<p>&#8211; Verbos que pedem pronome no acusativo:<br \/>\n  Exemplo: sich waschen \u2013 Ich wasche mich. (Eu me lavo.)<\/p>\n<p>&#8211; Verbos que pedem pronome no dativo (quando h\u00e1 um objeto direto na frase):<br \/>\n  Exemplo: sich die H\u00e4nde waschen \u2013 Ich wasche mir die H\u00e4nde. (Eu lavo minhas m\u00e3os.)<\/p>\n<h3>Uso reflexivo opcional<\/h3>\n<p>Alguns verbos podem ser usados com ou sem o pronome reflexivo, alterando o sentido:<\/p>\n<p>&#8211; setzen (colocar) vs. sich setzen (sentar-se)<br \/>\n&#8211; legen (deitar algo) vs. sich legen (deitar-se)<\/p>\n<h2>Dicas para aprender e praticar verbos reflexivos em alem\u00e3o<\/h2>\n<h3>Use recursos interativos, como o Talkpal<\/h3>\n<p>Talkpal oferece exerc\u00edcios pr\u00e1ticos e conversa\u00e7\u00f5es que permitem aplicar os verbos reflexivos em contextos reais, acelerando a assimila\u00e7\u00e3o.<\/p>\n<h3>Pratique com exemplos do dia a dia<\/h3>\n<p>&#8211; Crie frases simples usando verbos reflexivos para descrever suas rotinas, como:<br \/>\n  <em>Ich wasche mich jeden Morgen.<\/em><br \/>\n  <em>Wir freuen uns auf das Wochenende.<\/em><\/p>\n<h3>Estude os pronomes reflexivos separadamente<\/h3>\n<p>Familiarize-se com as varia\u00e7\u00f5es do pronome &#8220;sich&#8221; em todos os casos para usar corretamente em diferentes contextos.<\/p>\n<h3>Leia textos e ou\u00e7a \u00e1udios em alem\u00e3o<\/h3>\n<p>Preste aten\u00e7\u00e3o aos verbos reflexivos usados em contextos naturais para entender seu uso e pron\u00fancia.<\/p>\n<h3>Fa\u00e7a listas e flashcards<\/h3>\n<p>Monte listas de verbos reflexivos e seus significados, e utilize flashcards para memoriza\u00e7\u00e3o.<\/p>\n<h2>Erros comuns ao usar verbos reflexivos em alem\u00e3o<\/h2>\n<p>&#8211; Omiss\u00e3o do pronome reflexivo quando obrigat\u00f3rio.<br \/>\n  Errado: *Ich wasche.*<br \/>\n  Correto: Ich wasche mich.<\/p>\n<p>&#8211; Uso incorreto do caso do pronome reflexivo.<br \/>\n  Errado: Ich wasche mir. (quando n\u00e3o h\u00e1 objeto direto)<br \/>\n  Correto: Ich wasche mich.<\/p>\n<p>&#8211; Confundir verbos que mudam de sentido com ou sem o pronome reflexivo.<br \/>\n  Errado: Ich setze mich den Stuhl.<br \/>\n  Correto: Ich setze mich auf den Stuhl.<\/p>\n<h2>Conclus\u00e3o<\/h2>\n<p>Dominar os verbos reflexivos em alem\u00e3o \u00e9 um passo crucial para quem deseja alcan\u00e7ar flu\u00eancia e se comunicar com precis\u00e3o. A compreens\u00e3o dos pronomes reflexivos, seus casos e a pr\u00e1tica constante s\u00e3o essenciais para evitar erros comuns e construir frases naturais. Ferramentas como o Talkpal oferecem um ambiente din\u00e2mico e eficaz para aprender e praticar esses verbos, tornando o processo mais interativo e motivador. Ao dedicar tempo para estudar os verbos reflexivos em alem\u00e3o, voc\u00ea estar\u00e1 ampliando significativamente sua capacidade de express\u00e3o e compreens\u00e3o no idioma.<\/p>\n","protected":false},"excerpt":{"rendered":"<p>Aprender uma nova l\u00edngua envolve dominar diversos aspectos gramaticais que s\u00e3o fundamentais para a flu\u00eancia e compreens\u00e3o. No caso do alem\u00e3o, os verbos reflexivos representam uma categoria essencial que pode causar d\u00favidas para estudantes, especialmente aqueles que falam portugu\u00eas. Utilizar plataformas como Talkpal pode ser uma excelente maneira de aprender verbos reflexivos em alem\u00e3o, pois [&hellip;]<\/p>\n","protected":false},"author":0,"featured_media":1527761,"comment_status":"","ping_status":"open","sticky":false,"template":"","format":"standard","meta":{"_acf_changed":false,"footnotes":""},"categories":[21312],"tags":[],"class_list":["post-1422861","post","type-post","status-publish","format-standard","has-post-thumbnail","hentry","category-insights-de-aprendizagem-de-idiomas"],"acf":[],"yoast_head":"<!-- This site is optimized with the Yoast SEO Premium plugin v27.2 (Yoast SEO v27.2) - https:\/\/yoast.com\/product\/yoast-seo-premium-wordpress\/ -->\n<title>Domine os Verbos Reflexivos em Alem\u00e3o: Guia Pr\u00e1tico e Essencial - Talkpal<\/title>\n<meta name=\"description\" content=\"Aprender uma nova l\u00edngua envolve dominar diversos aspectos gramaticais que s\u00e3o fundamentais para a flu\u00eancia e compreens\u00e3o. No caso do alem\u00e3o, os verbos\" \/>\n<meta name=\"robots\" content=\"index, follow, max-snippet:-1, max-image-preview:large, max-video-preview:-1\" \/>\n<link rel=\"canonical\" href=\"https:\/\/talkpal.ai\/pt-pt\/domine-os-verbos-reflexivos-em-alemao-guia-pratico-e-essencial\/\" \/>\n<meta property=\"og:locale\" content=\"pt_PT\" \/>\n<meta property=\"og:type\" content=\"article\" \/>\n<meta property=\"og:title\" content=\"Domine os Verbos Reflexivos em Alem\u00e3o: Guia Pr\u00e1tico e Essencial\" \/>\n<meta property=\"og:description\" content=\"Aprender uma nova l\u00edngua envolve dominar diversos aspectos gramaticais que s\u00e3o fundamentais para a flu\u00eancia e compreens\u00e3o. No caso do alem\u00e3o, os verbos\" \/>\n<meta property=\"og:url\" content=\"https:\/\/talkpal.ai\/pt-pt\/domine-os-verbos-reflexivos-em-alemao-guia-pratico-e-essencial\/\" \/>\n<meta property=\"og:site_name\" content=\"Talkpal\" \/>\n<meta property=\"article:publisher\" content=\"https:\/\/www.facebook.com\/profile.php?id=100090733639311\" \/>\n<meta property=\"article:published_time\" content=\"2025-07-18T01:06:25+00:00\" \/>\n<meta property=\"article:modified_time\" content=\"2025-12-26T13:46:34+00:00\" \/>\n<meta property=\"og:image\" content=\"https:\/\/talkpal.ai\/wp-content\/uploads\/2025\/02\/Progress-tab-16_9.png\" \/>\n\t<meta property=\"og:image:width\" content=\"2880\" \/>\n\t<meta property=\"og:image:height\" content=\"1620\" \/>\n\t<meta property=\"og:image:type\" content=\"image\/png\" \/>\n<meta name=\"twitter:card\" content=\"summary_large_image\" \/>\n<meta name=\"twitter:creator\" content=\"@talkpalai\" \/>\n<meta name=\"twitter:site\" content=\"@talkpalai\" \/>\n<meta name=\"twitter:label1\" content=\"Tempo estimado de leitura\" \/>\n\t<meta name=\"twitter:data1\" content=\"5 minutos\" \/>\n<script type=\"application\/ld+json\" class=\"yoast-schema-graph\">{\"@context\":\"https:\/\/schema.org\",\"@graph\":[{\"@type\":\"Article\",\"@id\":\"https:\/\/talkpal.ai\/pt-pt\/domine-os-verbos-reflexivos-em-alemao-guia-pratico-e-essencial\/#article\",\"isPartOf\":{\"@id\":\"https:\/\/talkpal.ai\/pt-pt\/domine-os-verbos-reflexivos-em-alemao-guia-pratico-e-essencial\/\"},\"author\":{\"name\":\"\",\"@id\":\"\"},\"headline\":\"Domine os Verbos Reflexivos em Alem\u00e3o: Guia Pr\u00e1tico e Essencial\",\"datePublished\":\"2025-07-18T01:06:25+00:00\",\"dateModified\":\"2025-12-26T13:46:34+00:00\",\"mainEntityOfPage\":{\"@id\":\"https:\/\/talkpal.ai\/pt-pt\/domine-os-verbos-reflexivos-em-alemao-guia-pratico-e-essencial\/\"},\"wordCount\":1108,\"publisher\":{\"@id\":\"https:\/\/talkpal.ai\/pt-pt\/#organization\"},\"image\":{\"@id\":\"https:\/\/talkpal.ai\/pt-pt\/domine-os-verbos-reflexivos-em-alemao-guia-pratico-e-essencial\/#primaryimage\"},\"thumbnailUrl\":\"https:\/\/talkpal.ai\/wp-content\/uploads\/2025\/12\/man-among-flying-papers-learning-languages.webp\",\"articleSection\":[\"Insights de aprendizagem de idiomas\"],\"inLanguage\":\"pt-PT\"},{\"@type\":\"WebPage\",\"@id\":\"https:\/\/talkpal.ai\/pt-pt\/domine-os-verbos-reflexivos-em-alemao-guia-pratico-e-essencial\/\",\"url\":\"https:\/\/talkpal.ai\/pt-pt\/domine-os-verbos-reflexivos-em-alemao-guia-pratico-e-essencial\/\",\"name\":\"Domine os Verbos Reflexivos em Alem\u00e3o: Guia Pr\u00e1tico e Essencial - Talkpal\",\"isPartOf\":{\"@id\":\"https:\/\/talkpal.ai\/pt-pt\/#website\"},\"primaryImageOfPage\":{\"@id\":\"https:\/\/talkpal.ai\/pt-pt\/domine-os-verbos-reflexivos-em-alemao-guia-pratico-e-essencial\/#primaryimage\"},\"image\":{\"@id\":\"https:\/\/talkpal.ai\/pt-pt\/domine-os-verbos-reflexivos-em-alemao-guia-pratico-e-essencial\/#primaryimage\"},\"thumbnailUrl\":\"https:\/\/talkpal.ai\/wp-content\/uploads\/2025\/12\/man-among-flying-papers-learning-languages.webp\",\"datePublished\":\"2025-07-18T01:06:25+00:00\",\"dateModified\":\"2025-12-26T13:46:34+00:00\",\"description\":\"Aprender uma nova l\u00edngua envolve dominar diversos aspectos gramaticais que s\u00e3o fundamentais para a flu\u00eancia e compreens\u00e3o. No caso do alem\u00e3o, os verbos\",\"breadcrumb\":{\"@id\":\"https:\/\/talkpal.ai\/pt-pt\/domine-os-verbos-reflexivos-em-alemao-guia-pratico-e-essencial\/#breadcrumb\"},\"inLanguage\":\"pt-PT\",\"potentialAction\":[{\"@type\":\"ReadAction\",\"target\":[\"https:\/\/talkpal.ai\/pt-pt\/domine-os-verbos-reflexivos-em-alemao-guia-pratico-e-essencial\/\"]}]},{\"@type\":\"ImageObject\",\"inLanguage\":\"pt-PT\",\"@id\":\"https:\/\/talkpal.ai\/pt-pt\/domine-os-verbos-reflexivos-em-alemao-guia-pratico-e-essencial\/#primaryimage\",\"url\":\"https:\/\/talkpal.ai\/wp-content\/uploads\/2025\/12\/man-among-flying-papers-learning-languages.webp\",\"contentUrl\":\"https:\/\/talkpal.ai\/wp-content\/uploads\/2025\/12\/man-among-flying-papers-learning-languages.webp\",\"width\":1200,\"height\":896,\"caption\":\"A man writes at a desk while papers fly through the air in a library while he is learning languages.\"},{\"@type\":\"BreadcrumbList\",\"@id\":\"https:\/\/talkpal.ai\/pt-pt\/domine-os-verbos-reflexivos-em-alemao-guia-pratico-e-essencial\/#breadcrumb\",\"itemListElement\":[{\"@type\":\"ListItem\",\"position\":1,\"name\":\"Homepage\",\"item\":\"https:\/\/talkpal.ai\/pt-pt\/\"},{\"@type\":\"ListItem\",\"position\":2,\"name\":\"Domine os Verbos Reflexivos em Alem\u00e3o: Guia Pr\u00e1tico e Essencial\"}]},{\"@type\":\"WebSite\",\"@id\":\"https:\/\/talkpal.ai\/pt-pt\/#website\",\"url\":\"https:\/\/talkpal.ai\/pt-pt\/\",\"name\":\"Talkpal\",\"description\":\"AI Language Learning\",\"publisher\":{\"@id\":\"https:\/\/talkpal.ai\/pt-pt\/#organization\"},\"alternateName\":\"Talkpal AI\",\"potentialAction\":[{\"@type\":\"SearchAction\",\"target\":{\"@type\":\"EntryPoint\",\"urlTemplate\":\"https:\/\/talkpal.ai\/pt-pt\/?s={search_term_string}\"},\"query-input\":{\"@type\":\"PropertyValueSpecification\",\"valueRequired\":true,\"valueName\":\"search_term_string\"}}],\"inLanguage\":\"pt-PT\"},{\"@type\":\"Organization\",\"@id\":\"https:\/\/talkpal.ai\/pt-pt\/#organization\",\"name\":\"Talkpal, Inc.\",\"alternateName\":\"Talkpal AI\",\"url\":\"https:\/\/talkpal.ai\/pt-pt\/\",\"logo\":{\"@type\":\"ImageObject\",\"inLanguage\":\"pt-PT\",\"@id\":\"https:\/\/talkpal.ai\/pt-pt\/#\/schema\/logo\/image\/\",\"url\":\"https:\/\/talkpal.ai\/wp-content\/uploads\/2024\/03\/Talkpal-Logo-Icon.png\",\"contentUrl\":\"https:\/\/talkpal.ai\/wp-content\/uploads\/2024\/03\/Talkpal-Logo-Icon.png\",\"width\":2880,\"height\":2880,\"caption\":\"Talkpal, Inc.\"},\"image\":{\"@id\":\"https:\/\/talkpal.ai\/pt-pt\/#\/schema\/logo\/image\/\"},\"sameAs\":[\"https:\/\/www.facebook.com\/profile.php?id=100090733639311\",\"https:\/\/x.com\/talkpalai\",\"https:\/\/www.linkedin.com\/company\/talkpal\/\",\"https:\/\/www.youtube.com\/@TalkPal\/\",\"https:\/\/www.tiktok.com\/@talkpal\",\"https:\/\/www.instagram.com\/talkpal_ai\/\",\"https:\/\/www.crunchbase.com\/organization\/talkpal-9cde\",\"https:\/\/www.g2.com\/products\/talkpal-for-business\/\",\"https:\/\/www.trustpilot.com\/review\/talkpal.ai\",\"https:\/\/www.capterra.com\/p\/10006800\/TalkPal\/\"],\"description\":\"Talkpal is a language learning web and mobile education app, powered by the latest AI technologies, that provides engaging experiences to its customers in many different languages to help them improve their language skills. Users can chat about unlimited amount of topics with the app and use other modes to practice their language learning.\",\"email\":\"support@talkpal.ai\",\"legalName\":\"Talkpal, Inc.\",\"foundingDate\":\"2023-04-03\",\"duns\":\"118989042\",\"numberOfEmployees\":{\"@type\":\"QuantitativeValue\",\"minValue\":\"11\",\"maxValue\":\"50\"},\"publishingPrinciples\":\"https:\/\/talkpal.ai\/publishing-principles\/\",\"actionableFeedbackPolicy\":\"https:\/\/talkpal.ai\/actionable-feedback-policy\/\",\"correctionsPolicy\":\"https:\/\/talkpal.ai\/corrections-policy\/\",\"ethicsPolicy\":\"https:\/\/talkpal.ai\/ethics-policy\/\",\"diversityPolicy\":\"https:\/\/talkpal.ai\/diversity-policy\/\",\"diversityStaffingReport\":\"https:\/\/talkpal.ai\/diversity-policy\/\"}]}<\/script>\n<!-- \/ Yoast SEO Premium plugin. -->","yoast_head_json":{"title":"Domine os Verbos Reflexivos em Alem\u00e3o: Guia Pr\u00e1tico e Essencial - Talkpal","description":"Aprender uma nova l\u00edngua envolve dominar diversos aspectos gramaticais que s\u00e3o fundamentais para a flu\u00eancia e compreens\u00e3o. No caso do alem\u00e3o, os verbos","robots":{"index":"index","follow":"follow","max-snippet":"max-snippet:-1","max-image-preview":"max-image-preview:large","max-video-preview":"max-video-preview:-1"},"canonical":"https:\/\/talkpal.ai\/pt-pt\/domine-os-verbos-reflexivos-em-alemao-guia-pratico-e-essencial\/","og_locale":"pt_PT","og_type":"article","og_title":"Domine os Verbos Reflexivos em Alem\u00e3o: Guia Pr\u00e1tico e Essencial","og_description":"Aprender uma nova l\u00edngua envolve dominar diversos aspectos gramaticais que s\u00e3o fundamentais para a flu\u00eancia e compreens\u00e3o. No caso do alem\u00e3o, os verbos","og_url":"https:\/\/talkpal.ai\/pt-pt\/domine-os-verbos-reflexivos-em-alemao-guia-pratico-e-essencial\/","og_site_name":"Talkpal","article_publisher":"https:\/\/www.facebook.com\/profile.php?id=100090733639311","article_published_time":"2025-07-18T01:06:25+00:00","article_modified_time":"2025-12-26T13:46:34+00:00","og_image":[{"width":2880,"height":1620,"url":"https:\/\/talkpal.ai\/wp-content\/uploads\/2025\/02\/Progress-tab-16_9.png","type":"image\/png"}],"twitter_card":"summary_large_image","twitter_creator":"@talkpalai","twitter_site":"@talkpalai","twitter_misc":{"Tempo estimado de leitura":"5 minutos"},"schema":{"@context":"https:\/\/schema.org","@graph":[{"@type":"Article","@id":"https:\/\/talkpal.ai\/pt-pt\/domine-os-verbos-reflexivos-em-alemao-guia-pratico-e-essencial\/#article","isPartOf":{"@id":"https:\/\/talkpal.ai\/pt-pt\/domine-os-verbos-reflexivos-em-alemao-guia-pratico-e-essencial\/"},"author":{"name":"","@id":""},"headline":"Domine os Verbos Reflexivos em Alem\u00e3o: Guia Pr\u00e1tico e Essencial","datePublished":"2025-07-18T01:06:25+00:00","dateModified":"2025-12-26T13:46:34+00:00","mainEntityOfPage":{"@id":"https:\/\/talkpal.ai\/pt-pt\/domine-os-verbos-reflexivos-em-alemao-guia-pratico-e-essencial\/"},"wordCount":1108,"publisher":{"@id":"https:\/\/talkpal.ai\/pt-pt\/#organization"},"image":{"@id":"https:\/\/talkpal.ai\/pt-pt\/domine-os-verbos-reflexivos-em-alemao-guia-pratico-e-essencial\/#primaryimage"},"thumbnailUrl":"https:\/\/talkpal.ai\/wp-content\/uploads\/2025\/12\/man-among-flying-papers-learning-languages.webp","articleSection":["Insights de aprendizagem de idiomas"],"inLanguage":"pt-PT"},{"@type":"WebPage","@id":"https:\/\/talkpal.ai\/pt-pt\/domine-os-verbos-reflexivos-em-alemao-guia-pratico-e-essencial\/","url":"https:\/\/talkpal.ai\/pt-pt\/domine-os-verbos-reflexivos-em-alemao-guia-pratico-e-essencial\/","name":"Domine os Verbos Reflexivos em Alem\u00e3o: Guia Pr\u00e1tico e Essencial - Talkpal","isPartOf":{"@id":"https:\/\/talkpal.ai\/pt-pt\/#website"},"primaryImageOfPage":{"@id":"https:\/\/talkpal.ai\/pt-pt\/domine-os-verbos-reflexivos-em-alemao-guia-pratico-e-essencial\/#primaryimage"},"image":{"@id":"https:\/\/talkpal.ai\/pt-pt\/domine-os-verbos-reflexivos-em-alemao-guia-pratico-e-essencial\/#primaryimage"},"thumbnailUrl":"https:\/\/talkpal.ai\/wp-content\/uploads\/2025\/12\/man-among-flying-papers-learning-languages.webp","datePublished":"2025-07-18T01:06:25+00:00","dateModified":"2025-12-26T13:46:34+00:00","description":"Aprender uma nova l\u00edngua envolve dominar diversos aspectos gramaticais que s\u00e3o fundamentais para a flu\u00eancia e compreens\u00e3o. No caso do alem\u00e3o, os verbos","breadcrumb":{"@id":"https:\/\/talkpal.ai\/pt-pt\/domine-os-verbos-reflexivos-em-alemao-guia-pratico-e-essencial\/#breadcrumb"},"inLanguage":"pt-PT","potentialAction":[{"@type":"ReadAction","target":["https:\/\/talkpal.ai\/pt-pt\/domine-os-verbos-reflexivos-em-alemao-guia-pratico-e-essencial\/"]}]},{"@type":"ImageObject","inLanguage":"pt-PT","@id":"https:\/\/talkpal.ai\/pt-pt\/domine-os-verbos-reflexivos-em-alemao-guia-pratico-e-essencial\/#primaryimage","url":"https:\/\/talkpal.ai\/wp-content\/uploads\/2025\/12\/man-among-flying-papers-learning-languages.webp","contentUrl":"https:\/\/talkpal.ai\/wp-content\/uploads\/2025\/12\/man-among-flying-papers-learning-languages.webp","width":1200,"height":896,"caption":"A man writes at a desk while papers fly through the air in a library while he is learning languages."},{"@type":"BreadcrumbList","@id":"https:\/\/talkpal.ai\/pt-pt\/domine-os-verbos-reflexivos-em-alemao-guia-pratico-e-essencial\/#breadcrumb","itemListElement":[{"@type":"ListItem","position":1,"name":"Homepage","item":"https:\/\/talkpal.ai\/pt-pt\/"},{"@type":"ListItem","position":2,"name":"Domine os Verbos Reflexivos em Alem\u00e3o: Guia Pr\u00e1tico e Essencial"}]},{"@type":"WebSite","@id":"https:\/\/talkpal.ai\/pt-pt\/#website","url":"https:\/\/talkpal.ai\/pt-pt\/","name":"Talkpal","description":"AI Language Learning","publisher":{"@id":"https:\/\/talkpal.ai\/pt-pt\/#organization"},"alternateName":"Talkpal AI","potentialAction":[{"@type":"SearchAction","target":{"@type":"EntryPoint","urlTemplate":"https:\/\/talkpal.ai\/pt-pt\/?s={search_term_string}"},"query-input":{"@type":"PropertyValueSpecification","valueRequired":true,"valueName":"search_term_string"}}],"inLanguage":"pt-PT"},{"@type":"Organization","@id":"https:\/\/talkpal.ai\/pt-pt\/#organization","name":"Talkpal, Inc.","alternateName":"Talkpal AI","url":"https:\/\/talkpal.ai\/pt-pt\/","logo":{"@type":"ImageObject","inLanguage":"pt-PT","@id":"https:\/\/talkpal.ai\/pt-pt\/#\/schema\/logo\/image\/","url":"https:\/\/talkpal.ai\/wp-content\/uploads\/2024\/03\/Talkpal-Logo-Icon.png","contentUrl":"https:\/\/talkpal.ai\/wp-content\/uploads\/2024\/03\/Talkpal-Logo-Icon.png","width":2880,"height":2880,"caption":"Talkpal, Inc."},"image":{"@id":"https:\/\/talkpal.ai\/pt-pt\/#\/schema\/logo\/image\/"},"sameAs":["https:\/\/www.facebook.com\/profile.php?id=100090733639311","https:\/\/x.com\/talkpalai","https:\/\/www.linkedin.com\/company\/talkpal\/","https:\/\/www.youtube.com\/@TalkPal\/","https:\/\/www.tiktok.com\/@talkpal","https:\/\/www.instagram.com\/talkpal_ai\/","https:\/\/www.crunchbase.com\/organization\/talkpal-9cde","https:\/\/www.g2.com\/products\/talkpal-for-business\/","https:\/\/www.trustpilot.com\/review\/talkpal.ai","https:\/\/www.capterra.com\/p\/10006800\/TalkPal\/"],"description":"Talkpal is a language learning web and mobile education app, powered by the latest AI technologies, that provides engaging experiences to its customers in many different languages to help them improve their language skills. Users can chat about unlimited amount of topics with the app and use other modes to practice their language learning.","email":"support@talkpal.ai","legalName":"Talkpal, Inc.","foundingDate":"2023-04-03","duns":"118989042","numberOfEmployees":{"@type":"QuantitativeValue","minValue":"11","maxValue":"50"},"publishingPrinciples":"https:\/\/talkpal.ai\/publishing-principles\/","actionableFeedbackPolicy":"https:\/\/talkpal.ai\/actionable-feedback-policy\/","correctionsPolicy":"https:\/\/talkpal.ai\/corrections-policy\/","ethicsPolicy":"https:\/\/talkpal.ai\/ethics-policy\/","diversityPolicy":"https:\/\/talkpal.ai\/diversity-policy\/","diversityStaffingReport":"https:\/\/talkpal.ai\/diversity-policy\/"}]}},"_links":{"self":[{"href":"https:\/\/talkpal.ai\/pt-pt\/wp-json\/wp\/v2\/posts\/1422861","targetHints":{"allow":["GET"]}}],"collection":[{"href":"https:\/\/talkpal.ai\/pt-pt\/wp-json\/wp\/v2\/posts"}],"about":[{"href":"https:\/\/talkpal.ai\/pt-pt\/wp-json\/wp\/v2\/types\/post"}],"replies":[{"embeddable":true,"href":"https:\/\/talkpal.ai\/pt-pt\/wp-json\/wp\/v2\/comments?post=1422861"}],"version-history":[{"count":0,"href":"https:\/\/talkpal.ai\/pt-pt\/wp-json\/wp\/v2\/posts\/1422861\/revisions"}],"wp:featuredmedia":[{"embeddable":true,"href":"https:\/\/talkpal.ai\/pt-pt\/wp-json\/wp\/v2\/media\/1527761"}],"wp:attachment":[{"href":"https:\/\/talkpal.ai\/pt-pt\/wp-json\/wp\/v2\/media?parent=1422861"}],"wp:term":[{"taxonomy":"category","embeddable":true,"href":"https:\/\/talkpal.ai\/pt-pt\/wp-json\/wp\/v2\/categories?post=1422861"},{"taxonomy":"post_tag","embeddable":true,"href":"https:\/\/talkpal.ai\/pt-pt\/wp-json\/wp\/v2\/tags?post=1422861"}],"curies":[{"name":"wp","href":"https:\/\/api.w.org\/{rel}","templated":true}]}}