{"id":1416309,"date":"2025-07-17T23:17:01","date_gmt":"2025-07-17T23:17:01","guid":{"rendered":"https:\/\/talkpal.ai\/guia-definitivo-dos-verbos-modais-em-alemao-uso-e-exemplos-praticos\/"},"modified":"2025-07-17T23:17:01","modified_gmt":"2025-07-17T23:17:01","slug":"guia-definitivo-dos-verbos-modais-em-alemao-uso-e-exemplos-praticos","status":"publish","type":"post","link":"https:\/\/talkpal.ai\/pt-pt\/guia-definitivo-dos-verbos-modais-em-alemao-uso-e-exemplos-praticos\/","title":{"rendered":"Guia Definitivo dos Verbos Modais em Alem\u00e3o: Uso e Exemplos Pr\u00e1ticos"},"content":{"rendered":"<p>Aprender um <a href=\"https:\/\/talkpal.ai\/talkpal-new-years-discount\/\">novo<\/a> idioma pode ser um desafio, especialmente quando se trata de dominar estruturas gramaticais espec\u00edficas, <a href=\"https:\/\/talkpal.ai\/locations\/language-courses-in-como\/\">como<\/a> os <a href=\"https:\/\/talkpal.ai\/fr\/grammar\/verbos-modais-en-grammaire-portugaise\/\">verbos modais<\/a> em <a href=\"https:\/\/talkpal.ai\/learn-german\/\">alem\u00e3o<\/a>. Esses verbos desempenham um papel crucial na comunica\u00e7\u00e3o, permitindo expressar possibilidade, obriga\u00e7\u00e3o, permiss\u00e3o e desejo, entre outros aspectos. Utilizar plataformas como o <a href=\"https:\/\/talkpal.ai\/ko\/ai-%ec%96%b8%ec%96%b4-%ea%b5%90%ec%82%ac\/\">Talkpal<\/a> facilita esse aprendizado, oferecendo recursos interativos e pr\u00e1ticos <a href=\"https:\/\/talkpal.ai\/culture\/how-do-i-use-para-que-correctly\/\">para que<\/a> <a href=\"https:\/\/talkpal.ai\/talkpal-discount-for-students\/\">estudantes<\/a> possam compreender e aplicar os verbos modais em diferentes contextos. Neste artigo, exploraremos detalhadamente o que s\u00e3o os verbos modais em alem\u00e3o, suas caracter\u00edsticas, usos principais e dicas para incorpor\u00e1-los naturalmente no seu vocabul\u00e1rio.<\/p>\n<h2>O que s\u00e3o verbos modais em alem\u00e3o?<\/h2>\n<p>Os verbos modais em alem\u00e3o s\u00e3o um grupo espec\u00edfico de verbos auxiliares que modificam o sentido do verbo principal, expressando modalidades como capacidade, necessidade, possibilidade, permiss\u00e3o ou desejo. Eles s\u00e3o essenciais para a constru\u00e7\u00e3o de frases que v\u00e3o al\u00e9m da descri\u00e7\u00e3o simples de a\u00e7\u00f5es, permitindo uma comunica\u00e7\u00e3o mais precisa e rica.<\/p>\n<p>Ao contr\u00e1rio dos verbos regulares, os verbos modais t\u00eam formas conjugadas irregulares e exigem uma estrutura espec\u00edfica na frase, geralmente acompanhando o verbo principal no infinitivo no final da ora\u00e7\u00e3o.<\/p>\n<h3>Lista dos principais verbos modais em alem\u00e3o<\/h3>\n<ul>\n<li><strong>k\u00f6nnen<\/strong> (poder, ser capaz de)<\/li>\n<li><strong>m\u00fcssen<\/strong> (dever, ter que)<\/li>\n<li><strong>wollen<\/strong> (querer)<\/li>\n<li><strong>sollen<\/strong> (dever, conselho, obriga\u00e7\u00e3o moral)<\/li>\n<li><strong>d\u00fcrfen<\/strong> (poder, permiss\u00e3o)<\/li>\n<li><strong>m\u00f6gen<\/strong> (gostar, desejar) e sua forma modal <strong>m\u00f6chten<\/strong> (gostaria)<\/li>\n<\/ul>\n<h2>Caracter\u00edsticas dos verbos modais em alem\u00e3o<\/h2>\n<p>Entender as particularidades desses verbos facilita a assimila\u00e7\u00e3o e o uso correto. Veja as principais caracter\u00edsticas:<\/p>\n<ul>\n<li><strong>Conjuga\u00e7\u00e3o irregular:<\/strong> Cada verbo modal possui uma conjuga\u00e7\u00e3o pr\u00f3pria, diferente dos verbos regulares.<\/li>\n<li><strong>Posi\u00e7\u00e3o do verbo principal:<\/strong> O verbo principal \u00e9 colocado no infinitivo no final da frase.<\/li>\n<li><strong>Uso para expressar modalidades:<\/strong> Capacidade, obriga\u00e7\u00e3o, permiss\u00e3o, desejo e possibilidade.<\/li>\n<li><strong>Flexibilidade em frases afirmativas, negativas e interrogativas.<\/strong><\/li>\n<\/ul>\n<h2>Como usar os verbos modais em alem\u00e3o: exemplos pr\u00e1ticos<\/h2>\n<p>A aplica\u00e7\u00e3o correta dos verbos modais em frases \u00e9 essencial para a flu\u00eancia. Abaixo, apresentamos exemplos para cada verbo modal, mostrando seu uso em diferentes contextos:<\/p>\n<h3>K\u00f6nnen (poder, ser capaz de)<\/h3>\n<ul>\n<li><em>Ich kann Deutsch sprechen.<\/em> (Eu posso falar alem\u00e3o.)<\/li>\n<li><em>Kannst du mir helfen?<\/em> (Voc\u00ea pode me ajudar?)<\/li>\n<li><em>Wir k\u00f6nnen morgen kommen.<\/em> (N\u00f3s podemos vir amanh\u00e3.)<\/li>\n<\/ul>\n<h3>M\u00fcssen (dever, ter que)<\/h3>\n<ul>\n<li><em>Ich muss jetzt gehen.<\/em> (Eu tenho que ir agora.)<\/li>\n<li><em>Du musst deine Hausaufgaben machen.<\/em> (Voc\u00ea deve fazer seu dever de casa.)<\/li>\n<li><em>Wir m\u00fcssen p\u00fcnktlich sein.<\/em> (N\u00f3s temos que ser pontuais.)<\/li>\n<\/ul>\n<h3>Wollen (querer)<\/h3>\n<ul>\n<li><em>Ich will ein Buch lesen.<\/em> (Eu quero ler um livro.)<\/li>\n<li><em>Willst du mitkommen?<\/em> (Voc\u00ea quer vir junto?)<\/li>\n<li><em>Sie wollen ins Kino gehen.<\/em> (Eles querem ir ao cinema.)<\/li>\n<\/ul>\n<h3>Sollen (dever, obriga\u00e7\u00e3o moral)<\/h3>\n<ul>\n<li><em>Du sollst mehr Wasser trinken.<\/em> (Voc\u00ea deve beber mais \u00e1gua.)<\/li>\n<li><em>Er soll das Zimmer aufr\u00e4umen.<\/em> (Ele deve arrumar o quarto.)<\/li>\n<li><em>Wir sollen p\u00fcnktlich sein.<\/em> (N\u00f3s devemos ser pontuais.)<\/li>\n<\/ul>\n<h3>D\u00fcrfen (poder, permiss\u00e3o)<\/h3>\n<ul>\n<li><em>Ich darf hier parken.<\/em> (Eu posso estacionar aqui.)<\/li>\n<li><em>Darf ich Sie etwas fragen?<\/em> (Posso lhe fazer uma pergunta?)<\/li>\n<li><em>Wir d\u00fcrfen nicht rauchen.<\/em> (N\u00f3s n\u00e3o podemos fumar.)<\/li>\n<\/ul>\n<h3>M\u00f6gen \/ M\u00f6chten (gostar \/ gostaria)<\/h3>\n<ul>\n<li><em>Ich mag Schokolade.<\/em> (Eu gosto de chocolate.)<\/li>\n<li><em>Ich m\u00f6chte einen Kaffee.<\/em> (Eu gostaria de um caf\u00e9.)<\/li>\n<li><em>Magst du Musik?<\/em> (Voc\u00ea gosta de m\u00fasica?)<\/li>\n<\/ul>\n<h2>Dicas para aprender e praticar os verbos modais em alem\u00e3o<\/h2>\n<p>Incorporar os verbos modais em seu vocabul\u00e1rio requer pr\u00e1tica e estrat\u00e9gias eficazes. Confira algumas dicas para potencializar seu aprendizado:<\/p>\n<ul>\n<li><strong>Pratique a conjuga\u00e7\u00e3o:<\/strong> Crie tabelas e memorize as formas irregulares dos verbos modais.<\/li>\n<li><strong>Use frases simples:<\/strong> Comece construindo frases curtas para entender a estrutura b\u00e1sica.<\/li>\n<li><strong>Contextualize o aprendizado:<\/strong> Insira os verbos modais em situa\u00e7\u00f5es do dia a dia, como pedir permiss\u00e3o, expressar desejos ou obriga\u00e7\u00f5es.<\/li>\n<li><strong>Escute e repita:<\/strong> Utilize \u00e1udios e v\u00eddeos em alem\u00e3o para ouvir a pron\u00fancia correta e entona\u00e7\u00e3o.<\/li>\n<li><strong>Pratique com plataformas online:<\/strong> Talkpal, por exemplo, oferece exerc\u00edcios interativos focados no uso dos verbos modais.<\/li>\n<li><strong>Fa\u00e7a exerc\u00edcios escritos e orais:<\/strong> Praticar diferentes formas de express\u00e3o ajuda a fixar o conte\u00fado.<\/li>\n<\/ul>\n<h2>Erros comuns ao usar verbos modais em alem\u00e3o e como evit\u00e1-los<\/h2>\n<p>Mesmo estudantes avan\u00e7ados podem cometer erros ao utilizar os verbos modais. Conhecer os deslizes mais frequentes ajuda a corrigi-los rapidamente:<\/p>\n<ul>\n<li><strong>Posi\u00e7\u00e3o incorreta do verbo principal:<\/strong> O verbo principal deve estar sempre no infinitivo no final da ora\u00e7\u00e3o.<\/li>\n<li><strong>Confus\u00e3o entre &#8220;m\u00fcssen&#8221; e &#8220;sollen&#8221;:<\/strong> &#8220;M\u00fcssen&#8221; indica uma obriga\u00e7\u00e3o objetiva, enquanto &#8220;sollen&#8221; \u00e9 uma obriga\u00e7\u00e3o moral ou conselho.<\/li>\n<li><strong>Uso errado da conjuga\u00e7\u00e3o:<\/strong> Cada verbo modal tem formas irregulares que precisam ser memorizadas.<\/li>\n<li><strong>Nega\u00e7\u00e3o incorreta:<\/strong> A palavra &#8220;nicht&#8221; deve ser colocada corretamente para negar a frase.<\/li>\n<li><strong>Substitui\u00e7\u00e3o inadequada de &#8220;m\u00f6gen&#8221; por &#8220;m\u00f6chten&#8221;:<\/strong> &#8220;M\u00f6chten&#8221; \u00e9 a forma modal de &#8220;m\u00f6gen&#8221; e \u00e9 usada para expressar desejos educados.<\/li>\n<\/ul>\n<h2>A import\u00e2ncia dos verbos modais para a flu\u00eancia no alem\u00e3o<\/h2>\n<p>Dominar os verbos modais em alem\u00e3o \u00e9 fundamental para alcan\u00e7ar um n\u00edvel intermedi\u00e1rio e avan\u00e7ado no idioma. Eles permitem expressar nuances que enriquecem a comunica\u00e7\u00e3o, tornando suas frases mais naturais e precisas. Al\u00e9m disso, o uso correto desses verbos facilita a compreens\u00e3o em situa\u00e7\u00f5es cotidianas, profissionais e acad\u00eamicas, ampliando significativamente a capacidade de intera\u00e7\u00e3o do estudante.<\/p>\n<p>Integrar o aprendizado dos verbos modais com ferramentas como o Talkpal pode acelerar seu progresso, pois a plataforma oferece recursos que combinam teoria e pr\u00e1tica, com feedback imediato e exemplos contextualizados.<\/p>\n<h2>Conclus\u00e3o<\/h2>\n<p>Os verbos modais em alem\u00e3o s\u00e3o pilares essenciais para a constru\u00e7\u00e3o de frases que exprimem capacidade, obriga\u00e7\u00e3o, permiss\u00e3o e desejo. Sua conjuga\u00e7\u00e3o irregular e estrutura espec\u00edfica exigem aten\u00e7\u00e3o e pr\u00e1tica cont\u00ednua. Com o aux\u00edlio de plataformas como o Talkpal e t\u00e9cnicas de estudo eficazes, \u00e9 poss\u00edvel dominar esses verbos e melhorar significativamente sua flu\u00eancia no alem\u00e3o. Invista tempo para praticar, revise os erros comuns e aplique os verbos modais em situa\u00e7\u00f5es reais para tornar seu aprendizado cada vez mais s\u00f3lido e natural.<\/p>\n","protected":false},"excerpt":{"rendered":"<p>Aprender um novo idioma pode ser um desafio, especialmente quando se trata de dominar estruturas gramaticais espec\u00edficas, como os verbos modais em alem\u00e3o. Esses verbos desempenham um papel crucial na comunica\u00e7\u00e3o, permitindo expressar possibilidade, obriga\u00e7\u00e3o, permiss\u00e3o e desejo, entre outros aspectos. Utilizar plataformas como o Talkpal facilita esse aprendizado, oferecendo recursos interativos e pr\u00e1ticos para [&hellip;]<\/p>\n","protected":false},"author":0,"featured_media":1527761,"comment_status":"","ping_status":"open","sticky":false,"template":"","format":"standard","meta":{"_acf_changed":false,"footnotes":""},"categories":[21312],"tags":[],"class_list":["post-1416309","post","type-post","status-publish","format-standard","has-post-thumbnail","hentry","category-insights-de-aprendizagem-de-idiomas"],"acf":[],"yoast_head":"<!-- This site is optimized with the Yoast SEO Premium plugin v27.2 (Yoast SEO v27.2) - https:\/\/yoast.com\/product\/yoast-seo-premium-wordpress\/ -->\n<title>Guia Definitivo dos Verbos Modais em Alem\u00e3o: Uso e Exemplos Pr\u00e1ticos - Talkpal<\/title>\n<meta name=\"description\" content=\"Aprender um novo idioma pode ser um desafio, especialmente quando se trata de dominar estruturas gramaticais espec\u00edficas, como os verbos modais em alem\u00e3o.\" \/>\n<meta name=\"robots\" content=\"index, follow, max-snippet:-1, max-image-preview:large, max-video-preview:-1\" \/>\n<link rel=\"canonical\" href=\"https:\/\/talkpal.ai\/pt-pt\/guia-definitivo-dos-verbos-modais-em-alemao-uso-e-exemplos-praticos\/\" \/>\n<meta property=\"og:locale\" content=\"pt_PT\" \/>\n<meta property=\"og:type\" content=\"article\" \/>\n<meta property=\"og:title\" content=\"Guia Definitivo dos Verbos Modais em Alem\u00e3o: Uso e Exemplos Pr\u00e1ticos\" \/>\n<meta property=\"og:description\" content=\"Aprender um novo idioma pode ser um desafio, especialmente quando se trata de dominar estruturas gramaticais espec\u00edficas, como os verbos modais em alem\u00e3o.\" \/>\n<meta property=\"og:url\" content=\"https:\/\/talkpal.ai\/pt-pt\/guia-definitivo-dos-verbos-modais-em-alemao-uso-e-exemplos-praticos\/\" \/>\n<meta property=\"og:site_name\" content=\"Talkpal\" \/>\n<meta property=\"article:publisher\" content=\"https:\/\/www.facebook.com\/profile.php?id=100090733639311\" \/>\n<meta property=\"article:published_time\" content=\"2025-07-17T23:17:01+00:00\" \/>\n<meta property=\"og:image\" content=\"https:\/\/talkpal.ai\/wp-content\/uploads\/2025\/02\/Progress-tab-16_9.png\" \/>\n\t<meta property=\"og:image:width\" content=\"2880\" \/>\n\t<meta property=\"og:image:height\" content=\"1620\" \/>\n\t<meta property=\"og:image:type\" content=\"image\/png\" \/>\n<meta name=\"twitter:card\" content=\"summary_large_image\" \/>\n<meta name=\"twitter:creator\" content=\"@talkpalai\" \/>\n<meta name=\"twitter:site\" content=\"@talkpalai\" \/>\n<meta name=\"twitter:label1\" content=\"Tempo estimado de leitura\" \/>\n\t<meta name=\"twitter:data1\" content=\"5 minutos\" \/>\n<script type=\"application\/ld+json\" class=\"yoast-schema-graph\">{\"@context\":\"https:\/\/schema.org\",\"@graph\":[{\"@type\":\"Article\",\"@id\":\"https:\/\/talkpal.ai\/pt-pt\/guia-definitivo-dos-verbos-modais-em-alemao-uso-e-exemplos-praticos\/#article\",\"isPartOf\":{\"@id\":\"https:\/\/talkpal.ai\/pt-pt\/guia-definitivo-dos-verbos-modais-em-alemao-uso-e-exemplos-praticos\/\"},\"author\":{\"name\":\"\",\"@id\":\"\"},\"headline\":\"Guia Definitivo dos Verbos Modais em Alem\u00e3o: Uso e Exemplos Pr\u00e1ticos\",\"datePublished\":\"2025-07-17T23:17:01+00:00\",\"mainEntityOfPage\":{\"@id\":\"https:\/\/talkpal.ai\/pt-pt\/guia-definitivo-dos-verbos-modais-em-alemao-uso-e-exemplos-praticos\/\"},\"wordCount\":1055,\"publisher\":{\"@id\":\"https:\/\/talkpal.ai\/pt-pt\/#organization\"},\"image\":{\"@id\":\"https:\/\/talkpal.ai\/pt-pt\/guia-definitivo-dos-verbos-modais-em-alemao-uso-e-exemplos-praticos\/#primaryimage\"},\"thumbnailUrl\":\"https:\/\/talkpal.ai\/wp-content\/uploads\/2025\/12\/man-among-flying-papers-learning-languages.webp\",\"articleSection\":[\"Insights de aprendizagem de idiomas\"],\"inLanguage\":\"pt-PT\"},{\"@type\":\"WebPage\",\"@id\":\"https:\/\/talkpal.ai\/pt-pt\/guia-definitivo-dos-verbos-modais-em-alemao-uso-e-exemplos-praticos\/\",\"url\":\"https:\/\/talkpal.ai\/pt-pt\/guia-definitivo-dos-verbos-modais-em-alemao-uso-e-exemplos-praticos\/\",\"name\":\"Guia Definitivo dos Verbos Modais em Alem\u00e3o: Uso e Exemplos Pr\u00e1ticos - Talkpal\",\"isPartOf\":{\"@id\":\"https:\/\/talkpal.ai\/pt-pt\/#website\"},\"primaryImageOfPage\":{\"@id\":\"https:\/\/talkpal.ai\/pt-pt\/guia-definitivo-dos-verbos-modais-em-alemao-uso-e-exemplos-praticos\/#primaryimage\"},\"image\":{\"@id\":\"https:\/\/talkpal.ai\/pt-pt\/guia-definitivo-dos-verbos-modais-em-alemao-uso-e-exemplos-praticos\/#primaryimage\"},\"thumbnailUrl\":\"https:\/\/talkpal.ai\/wp-content\/uploads\/2025\/12\/man-among-flying-papers-learning-languages.webp\",\"datePublished\":\"2025-07-17T23:17:01+00:00\",\"description\":\"Aprender um novo idioma pode ser um desafio, especialmente quando se trata de dominar estruturas gramaticais espec\u00edficas, como os verbos modais em alem\u00e3o.\",\"breadcrumb\":{\"@id\":\"https:\/\/talkpal.ai\/pt-pt\/guia-definitivo-dos-verbos-modais-em-alemao-uso-e-exemplos-praticos\/#breadcrumb\"},\"inLanguage\":\"pt-PT\",\"potentialAction\":[{\"@type\":\"ReadAction\",\"target\":[\"https:\/\/talkpal.ai\/pt-pt\/guia-definitivo-dos-verbos-modais-em-alemao-uso-e-exemplos-praticos\/\"]}]},{\"@type\":\"ImageObject\",\"inLanguage\":\"pt-PT\",\"@id\":\"https:\/\/talkpal.ai\/pt-pt\/guia-definitivo-dos-verbos-modais-em-alemao-uso-e-exemplos-praticos\/#primaryimage\",\"url\":\"https:\/\/talkpal.ai\/wp-content\/uploads\/2025\/12\/man-among-flying-papers-learning-languages.webp\",\"contentUrl\":\"https:\/\/talkpal.ai\/wp-content\/uploads\/2025\/12\/man-among-flying-papers-learning-languages.webp\",\"width\":1200,\"height\":896,\"caption\":\"A man writes at a desk while papers fly through the air in a library while he is learning languages.\"},{\"@type\":\"BreadcrumbList\",\"@id\":\"https:\/\/talkpal.ai\/pt-pt\/guia-definitivo-dos-verbos-modais-em-alemao-uso-e-exemplos-praticos\/#breadcrumb\",\"itemListElement\":[{\"@type\":\"ListItem\",\"position\":1,\"name\":\"Homepage\",\"item\":\"https:\/\/talkpal.ai\/pt-pt\/\"},{\"@type\":\"ListItem\",\"position\":2,\"name\":\"Guia Definitivo dos Verbos Modais em Alem\u00e3o: Uso e Exemplos Pr\u00e1ticos\"}]},{\"@type\":\"WebSite\",\"@id\":\"https:\/\/talkpal.ai\/pt-pt\/#website\",\"url\":\"https:\/\/talkpal.ai\/pt-pt\/\",\"name\":\"Talkpal\",\"description\":\"AI Language Learning\",\"publisher\":{\"@id\":\"https:\/\/talkpal.ai\/pt-pt\/#organization\"},\"alternateName\":\"Talkpal AI\",\"potentialAction\":[{\"@type\":\"SearchAction\",\"target\":{\"@type\":\"EntryPoint\",\"urlTemplate\":\"https:\/\/talkpal.ai\/pt-pt\/?s={search_term_string}\"},\"query-input\":{\"@type\":\"PropertyValueSpecification\",\"valueRequired\":true,\"valueName\":\"search_term_string\"}}],\"inLanguage\":\"pt-PT\"},{\"@type\":\"Organization\",\"@id\":\"https:\/\/talkpal.ai\/pt-pt\/#organization\",\"name\":\"Talkpal, Inc.\",\"alternateName\":\"Talkpal AI\",\"url\":\"https:\/\/talkpal.ai\/pt-pt\/\",\"logo\":{\"@type\":\"ImageObject\",\"inLanguage\":\"pt-PT\",\"@id\":\"https:\/\/talkpal.ai\/pt-pt\/#\/schema\/logo\/image\/\",\"url\":\"https:\/\/talkpal.ai\/wp-content\/uploads\/2024\/03\/Talkpal-Logo-Icon.png\",\"contentUrl\":\"https:\/\/talkpal.ai\/wp-content\/uploads\/2024\/03\/Talkpal-Logo-Icon.png\",\"width\":2880,\"height\":2880,\"caption\":\"Talkpal, Inc.\"},\"image\":{\"@id\":\"https:\/\/talkpal.ai\/pt-pt\/#\/schema\/logo\/image\/\"},\"sameAs\":[\"https:\/\/www.facebook.com\/profile.php?id=100090733639311\",\"https:\/\/x.com\/talkpalai\",\"https:\/\/www.linkedin.com\/company\/talkpal\/\",\"https:\/\/www.youtube.com\/@TalkPal\/\",\"https:\/\/www.tiktok.com\/@talkpal\",\"https:\/\/www.instagram.com\/talkpal_ai\/\",\"https:\/\/www.crunchbase.com\/organization\/talkpal-9cde\",\"https:\/\/www.g2.com\/products\/talkpal-for-business\/\",\"https:\/\/www.trustpilot.com\/review\/talkpal.ai\",\"https:\/\/www.capterra.com\/p\/10006800\/TalkPal\/\"],\"description\":\"Talkpal is a language learning web and mobile education app, powered by the latest AI technologies, that provides engaging experiences to its customers in many different languages to help them improve their language skills. Users can chat about unlimited amount of topics with the app and use other modes to practice their language learning.\",\"email\":\"support@talkpal.ai\",\"legalName\":\"Talkpal, Inc.\",\"foundingDate\":\"2023-04-03\",\"duns\":\"118989042\",\"numberOfEmployees\":{\"@type\":\"QuantitativeValue\",\"minValue\":\"11\",\"maxValue\":\"50\"},\"publishingPrinciples\":\"https:\/\/talkpal.ai\/publishing-principles\/\",\"actionableFeedbackPolicy\":\"https:\/\/talkpal.ai\/actionable-feedback-policy\/\",\"correctionsPolicy\":\"https:\/\/talkpal.ai\/corrections-policy\/\",\"ethicsPolicy\":\"https:\/\/talkpal.ai\/ethics-policy\/\",\"diversityPolicy\":\"https:\/\/talkpal.ai\/diversity-policy\/\",\"diversityStaffingReport\":\"https:\/\/talkpal.ai\/diversity-policy\/\"}]}<\/script>\n<!-- \/ Yoast SEO Premium plugin. -->","yoast_head_json":{"title":"Guia Definitivo dos Verbos Modais em Alem\u00e3o: Uso e Exemplos Pr\u00e1ticos - Talkpal","description":"Aprender um novo idioma pode ser um desafio, especialmente quando se trata de dominar estruturas gramaticais espec\u00edficas, como os verbos modais em alem\u00e3o.","robots":{"index":"index","follow":"follow","max-snippet":"max-snippet:-1","max-image-preview":"max-image-preview:large","max-video-preview":"max-video-preview:-1"},"canonical":"https:\/\/talkpal.ai\/pt-pt\/guia-definitivo-dos-verbos-modais-em-alemao-uso-e-exemplos-praticos\/","og_locale":"pt_PT","og_type":"article","og_title":"Guia Definitivo dos Verbos Modais em Alem\u00e3o: Uso e Exemplos Pr\u00e1ticos","og_description":"Aprender um novo idioma pode ser um desafio, especialmente quando se trata de dominar estruturas gramaticais espec\u00edficas, como os verbos modais em alem\u00e3o.","og_url":"https:\/\/talkpal.ai\/pt-pt\/guia-definitivo-dos-verbos-modais-em-alemao-uso-e-exemplos-praticos\/","og_site_name":"Talkpal","article_publisher":"https:\/\/www.facebook.com\/profile.php?id=100090733639311","article_published_time":"2025-07-17T23:17:01+00:00","og_image":[{"width":2880,"height":1620,"url":"https:\/\/talkpal.ai\/wp-content\/uploads\/2025\/02\/Progress-tab-16_9.png","type":"image\/png"}],"twitter_card":"summary_large_image","twitter_creator":"@talkpalai","twitter_site":"@talkpalai","twitter_misc":{"Tempo estimado de leitura":"5 minutos"},"schema":{"@context":"https:\/\/schema.org","@graph":[{"@type":"Article","@id":"https:\/\/talkpal.ai\/pt-pt\/guia-definitivo-dos-verbos-modais-em-alemao-uso-e-exemplos-praticos\/#article","isPartOf":{"@id":"https:\/\/talkpal.ai\/pt-pt\/guia-definitivo-dos-verbos-modais-em-alemao-uso-e-exemplos-praticos\/"},"author":{"name":"","@id":""},"headline":"Guia Definitivo dos Verbos Modais em Alem\u00e3o: Uso e Exemplos Pr\u00e1ticos","datePublished":"2025-07-17T23:17:01+00:00","mainEntityOfPage":{"@id":"https:\/\/talkpal.ai\/pt-pt\/guia-definitivo-dos-verbos-modais-em-alemao-uso-e-exemplos-praticos\/"},"wordCount":1055,"publisher":{"@id":"https:\/\/talkpal.ai\/pt-pt\/#organization"},"image":{"@id":"https:\/\/talkpal.ai\/pt-pt\/guia-definitivo-dos-verbos-modais-em-alemao-uso-e-exemplos-praticos\/#primaryimage"},"thumbnailUrl":"https:\/\/talkpal.ai\/wp-content\/uploads\/2025\/12\/man-among-flying-papers-learning-languages.webp","articleSection":["Insights de aprendizagem de idiomas"],"inLanguage":"pt-PT"},{"@type":"WebPage","@id":"https:\/\/talkpal.ai\/pt-pt\/guia-definitivo-dos-verbos-modais-em-alemao-uso-e-exemplos-praticos\/","url":"https:\/\/talkpal.ai\/pt-pt\/guia-definitivo-dos-verbos-modais-em-alemao-uso-e-exemplos-praticos\/","name":"Guia Definitivo dos Verbos Modais em Alem\u00e3o: Uso e Exemplos Pr\u00e1ticos - Talkpal","isPartOf":{"@id":"https:\/\/talkpal.ai\/pt-pt\/#website"},"primaryImageOfPage":{"@id":"https:\/\/talkpal.ai\/pt-pt\/guia-definitivo-dos-verbos-modais-em-alemao-uso-e-exemplos-praticos\/#primaryimage"},"image":{"@id":"https:\/\/talkpal.ai\/pt-pt\/guia-definitivo-dos-verbos-modais-em-alemao-uso-e-exemplos-praticos\/#primaryimage"},"thumbnailUrl":"https:\/\/talkpal.ai\/wp-content\/uploads\/2025\/12\/man-among-flying-papers-learning-languages.webp","datePublished":"2025-07-17T23:17:01+00:00","description":"Aprender um novo idioma pode ser um desafio, especialmente quando se trata de dominar estruturas gramaticais espec\u00edficas, como os verbos modais em alem\u00e3o.","breadcrumb":{"@id":"https:\/\/talkpal.ai\/pt-pt\/guia-definitivo-dos-verbos-modais-em-alemao-uso-e-exemplos-praticos\/#breadcrumb"},"inLanguage":"pt-PT","potentialAction":[{"@type":"ReadAction","target":["https:\/\/talkpal.ai\/pt-pt\/guia-definitivo-dos-verbos-modais-em-alemao-uso-e-exemplos-praticos\/"]}]},{"@type":"ImageObject","inLanguage":"pt-PT","@id":"https:\/\/talkpal.ai\/pt-pt\/guia-definitivo-dos-verbos-modais-em-alemao-uso-e-exemplos-praticos\/#primaryimage","url":"https:\/\/talkpal.ai\/wp-content\/uploads\/2025\/12\/man-among-flying-papers-learning-languages.webp","contentUrl":"https:\/\/talkpal.ai\/wp-content\/uploads\/2025\/12\/man-among-flying-papers-learning-languages.webp","width":1200,"height":896,"caption":"A man writes at a desk while papers fly through the air in a library while he is learning languages."},{"@type":"BreadcrumbList","@id":"https:\/\/talkpal.ai\/pt-pt\/guia-definitivo-dos-verbos-modais-em-alemao-uso-e-exemplos-praticos\/#breadcrumb","itemListElement":[{"@type":"ListItem","position":1,"name":"Homepage","item":"https:\/\/talkpal.ai\/pt-pt\/"},{"@type":"ListItem","position":2,"name":"Guia Definitivo dos Verbos Modais em Alem\u00e3o: Uso e Exemplos Pr\u00e1ticos"}]},{"@type":"WebSite","@id":"https:\/\/talkpal.ai\/pt-pt\/#website","url":"https:\/\/talkpal.ai\/pt-pt\/","name":"Talkpal","description":"AI Language Learning","publisher":{"@id":"https:\/\/talkpal.ai\/pt-pt\/#organization"},"alternateName":"Talkpal AI","potentialAction":[{"@type":"SearchAction","target":{"@type":"EntryPoint","urlTemplate":"https:\/\/talkpal.ai\/pt-pt\/?s={search_term_string}"},"query-input":{"@type":"PropertyValueSpecification","valueRequired":true,"valueName":"search_term_string"}}],"inLanguage":"pt-PT"},{"@type":"Organization","@id":"https:\/\/talkpal.ai\/pt-pt\/#organization","name":"Talkpal, Inc.","alternateName":"Talkpal AI","url":"https:\/\/talkpal.ai\/pt-pt\/","logo":{"@type":"ImageObject","inLanguage":"pt-PT","@id":"https:\/\/talkpal.ai\/pt-pt\/#\/schema\/logo\/image\/","url":"https:\/\/talkpal.ai\/wp-content\/uploads\/2024\/03\/Talkpal-Logo-Icon.png","contentUrl":"https:\/\/talkpal.ai\/wp-content\/uploads\/2024\/03\/Talkpal-Logo-Icon.png","width":2880,"height":2880,"caption":"Talkpal, Inc."},"image":{"@id":"https:\/\/talkpal.ai\/pt-pt\/#\/schema\/logo\/image\/"},"sameAs":["https:\/\/www.facebook.com\/profile.php?id=100090733639311","https:\/\/x.com\/talkpalai","https:\/\/www.linkedin.com\/company\/talkpal\/","https:\/\/www.youtube.com\/@TalkPal\/","https:\/\/www.tiktok.com\/@talkpal","https:\/\/www.instagram.com\/talkpal_ai\/","https:\/\/www.crunchbase.com\/organization\/talkpal-9cde","https:\/\/www.g2.com\/products\/talkpal-for-business\/","https:\/\/www.trustpilot.com\/review\/talkpal.ai","https:\/\/www.capterra.com\/p\/10006800\/TalkPal\/"],"description":"Talkpal is a language learning web and mobile education app, powered by the latest AI technologies, that provides engaging experiences to its customers in many different languages to help them improve their language skills. Users can chat about unlimited amount of topics with the app and use other modes to practice their language learning.","email":"support@talkpal.ai","legalName":"Talkpal, Inc.","foundingDate":"2023-04-03","duns":"118989042","numberOfEmployees":{"@type":"QuantitativeValue","minValue":"11","maxValue":"50"},"publishingPrinciples":"https:\/\/talkpal.ai\/publishing-principles\/","actionableFeedbackPolicy":"https:\/\/talkpal.ai\/actionable-feedback-policy\/","correctionsPolicy":"https:\/\/talkpal.ai\/corrections-policy\/","ethicsPolicy":"https:\/\/talkpal.ai\/ethics-policy\/","diversityPolicy":"https:\/\/talkpal.ai\/diversity-policy\/","diversityStaffingReport":"https:\/\/talkpal.ai\/diversity-policy\/"}]}},"_links":{"self":[{"href":"https:\/\/talkpal.ai\/pt-pt\/wp-json\/wp\/v2\/posts\/1416309","targetHints":{"allow":["GET"]}}],"collection":[{"href":"https:\/\/talkpal.ai\/pt-pt\/wp-json\/wp\/v2\/posts"}],"about":[{"href":"https:\/\/talkpal.ai\/pt-pt\/wp-json\/wp\/v2\/types\/post"}],"replies":[{"embeddable":true,"href":"https:\/\/talkpal.ai\/pt-pt\/wp-json\/wp\/v2\/comments?post=1416309"}],"version-history":[{"count":0,"href":"https:\/\/talkpal.ai\/pt-pt\/wp-json\/wp\/v2\/posts\/1416309\/revisions"}],"wp:featuredmedia":[{"embeddable":true,"href":"https:\/\/talkpal.ai\/pt-pt\/wp-json\/wp\/v2\/media\/1527761"}],"wp:attachment":[{"href":"https:\/\/talkpal.ai\/pt-pt\/wp-json\/wp\/v2\/media?parent=1416309"}],"wp:term":[{"taxonomy":"category","embeddable":true,"href":"https:\/\/talkpal.ai\/pt-pt\/wp-json\/wp\/v2\/categories?post=1416309"},{"taxonomy":"post_tag","embeddable":true,"href":"https:\/\/talkpal.ai\/pt-pt\/wp-json\/wp\/v2\/tags?post=1416309"}],"curies":[{"name":"wp","href":"https:\/\/api.w.org\/{rel}","templated":true}]}}