{"id":9840,"count":1,"description":"Na gram\u00e1tica \u00e1rabe, a teoria das senten\u00e7as nominais e verbais desempenha um papel crucial na compreens\u00e3o da estrutura e sintaxe da l\u00edngua. Ele classifica as frases em duas categorias: nominais e verbais.\n\nFrases nominais, tamb\u00e9m conhecidas como frases ism\u012b, concentram-se no sujeito ou substantivo. Essas frases n\u00e3o t\u00eam um verbo, mas cont\u00eam um substantivo ou pronome para expressar um pensamento completo. O substantivo \u00e9 ent\u00e3o seguido por outros elementos, como adjetivos ou preposi\u00e7\u00f5es, para fornecer mais informa\u00e7\u00f5es. Por exemplo, \"\u0627\u0644\u0637\u0627\u0644\u0628 \u062c\u0645\u064a\u0644\" (O aluno \u00e9 bonito) \u00e9 uma frase nominal onde \"\u0627\u0644\u0637\u0627\u0644\u0628\" (o aluno) \u00e9 o sujeito e \"\u062c\u0645\u064a\u0644\" (bonito) \u00e9 o atributo.\n\nPor outro lado, as frases verbais, ou frases fe'l\u012b, concentram-se na a\u00e7\u00e3o ou verbo. Eles seguem uma estrutura semelhante \u00e0s frases em ingl\u00eas, onde um verbo \u00e9 acompanhado por um sujeito. As frases verbais podem estar em diferentes tempos, modos e vozes para indicar v\u00e1rios aspectos da a\u00e7\u00e3o. Por exemplo, \"\u0627\u0644\u0637\u0627\u0644\u0628 \u064a\u062f\u0631\u0633\" (O aluno est\u00e1 estudando) \u00e9 uma frase verbal.\n\nCompreender os conceitos da Teoria das Senten\u00e7as Nominais e Verbais \u00e9 essencial para dominar a gram\u00e1tica e a sintaxe \u00e1rabes, permitindo que os alunos formem frases coerentes e gramaticalmente precisas.","link":"https:\/\/talkpal.ai\/pt-pt\/language\/frases-nominais-e-verbais-gramatica-arabe\/","name":"Frases nominais e verbais - gram\u00e1tica \u00e1rabe","slug":"frases-nominais-e-verbais-gramatica-arabe","taxonomy":"language","parent":9792,"meta":[],"acf":[],"yoast_head":"<!-- This site is optimized with the Yoast SEO Premium plugin v27.2 (Yoast SEO v27.2) - https:\/\/yoast.com\/product\/yoast-seo-premium-wordpress\/ -->\n<title>Frases nominais e verbais - gram\u00e1tica \u00e1rabe - Talkpal<\/title>\n<meta name=\"description\" content=\"Na gram\u00e1tica \u00e1rabe, a teoria das senten\u00e7as nominais e verbais desempenha um papel crucial na compreens\u00e3o da estrutura e sintaxe da l\u00edngua. Ele classifica as frases em duas categorias: nominais e verbais. Frases nominais, tamb\u00e9m conhecidas como frases ism\u012b, concentram-se no sujeito ou substantivo. Essas frases n\u00e3o t\u00eam um verbo, mas cont\u00eam um substantivo ou pronome para expressar um pensamento completo. O substantivo \u00e9 ent\u00e3o seguido por outros elementos, como adjetivos ou preposi\u00e7\u00f5es, para fornecer mais informa\u00e7\u00f5es. Por exemplo, &#8220;\u0627\u0644\u0637\u0627\u0644\u0628 \u062c\u0645\u064a\u0644&#8221; (O aluno \u00e9 bonito) \u00e9 uma frase nominal onde &#8220;\u0627\u0644\u0637\u0627\u0644\u0628&#8221; (o aluno) \u00e9 o sujeito e &#8220;\u062c\u0645\u064a\u0644&#8221; (bonito) \u00e9 o atributo. Por outro lado, as frases verbais, ou frases fe&#8217;l\u012b, concentram-se na a\u00e7\u00e3o ou verbo. Eles seguem uma estrutura semelhante \u00e0s frases em ingl\u00eas, onde um verbo \u00e9 acompanhado por um sujeito. As frases verbais podem estar em diferentes tempos, modos e vozes para indicar v\u00e1rios aspectos da a\u00e7\u00e3o. Por exemplo, &#8220;\u0627\u0644\u0637\u0627\u0644\u0628 \u064a\u062f\u0631\u0633&#8221; (O aluno est\u00e1 estudando) \u00e9 uma frase verbal. Compreender os conceitos da Teoria das Senten\u00e7as Nominais e Verbais \u00e9 essencial para dominar a gram\u00e1tica e a sintaxe \u00e1rabes, permitindo que os alunos formem frases coerentes e gramaticalmente precisas.\" \/>\n<meta name=\"robots\" content=\"index, follow, max-snippet:-1, max-image-preview:large, max-video-preview:-1\" \/>\n<link rel=\"canonical\" href=\"https:\/\/talkpal.ai\/pt-pt\/language\/frases-nominais-e-verbais-gramatica-arabe\/\" \/>\n<meta property=\"og:locale\" content=\"pt_PT\" \/>\n<meta property=\"og:type\" content=\"article\" \/>\n<meta property=\"og:title\" content=\"Frases nominais e verbais - gram\u00e1tica \u00e1rabe Archives\" \/>\n<meta property=\"og:description\" content=\"Na gram\u00e1tica \u00e1rabe, a teoria das senten\u00e7as nominais e verbais desempenha um papel crucial na compreens\u00e3o da estrutura e sintaxe da l\u00edngua. Ele classifica as frases em duas categorias: nominais e verbais. Frases nominais, tamb\u00e9m conhecidas como frases ism\u012b, concentram-se no sujeito ou substantivo. Essas frases n\u00e3o t\u00eam um verbo, mas cont\u00eam um substantivo ou pronome para expressar um pensamento completo. O substantivo \u00e9 ent\u00e3o seguido por outros elementos, como adjetivos ou preposi\u00e7\u00f5es, para fornecer mais informa\u00e7\u00f5es. Por exemplo, &#8220;\u0627\u0644\u0637\u0627\u0644\u0628 \u062c\u0645\u064a\u0644&#8221; (O aluno \u00e9 bonito) \u00e9 uma frase nominal onde &#8220;\u0627\u0644\u0637\u0627\u0644\u0628&#8221; (o aluno) \u00e9 o sujeito e &#8220;\u062c\u0645\u064a\u0644&#8221; (bonito) \u00e9 o atributo. Por outro lado, as frases verbais, ou frases fe&#8217;l\u012b, concentram-se na a\u00e7\u00e3o ou verbo. Eles seguem uma estrutura semelhante \u00e0s frases em ingl\u00eas, onde um verbo \u00e9 acompanhado por um sujeito. As frases verbais podem estar em diferentes tempos, modos e vozes para indicar v\u00e1rios aspectos da a\u00e7\u00e3o. Por exemplo, &#8220;\u0627\u0644\u0637\u0627\u0644\u0628 \u064a\u062f\u0631\u0633&#8221; (O aluno est\u00e1 estudando) \u00e9 uma frase verbal. Compreender os conceitos da Teoria das Senten\u00e7as Nominais e Verbais \u00e9 essencial para dominar a gram\u00e1tica e a sintaxe \u00e1rabes, permitindo que os alunos formem frases coerentes e gramaticalmente precisas.\" \/>\n<meta property=\"og:url\" content=\"https:\/\/talkpal.ai\/pt-pt\/language\/frases-nominais-e-verbais-gramatica-arabe\/\" \/>\n<meta property=\"og:site_name\" content=\"Talkpal\" \/>\n<meta property=\"og:image\" content=\"https:\/\/talkpal.ai\/wp-content\/uploads\/2024\/04\/Talkpal-Logo-Wordmark.png\" \/>\n\t<meta property=\"og:image:width\" content=\"2880\" \/>\n\t<meta property=\"og:image:height\" content=\"2880\" \/>\n\t<meta property=\"og:image:type\" content=\"image\/png\" \/>\n<meta name=\"twitter:card\" content=\"summary_large_image\" \/>\n<meta name=\"twitter:site\" content=\"@talkpalai\" \/>\n<script type=\"application\/ld+json\" class=\"yoast-schema-graph\">{\"@context\":\"https:\/\/schema.org\",\"@graph\":[{\"@type\":\"CollectionPage\",\"@id\":\"https:\/\/talkpal.ai\/pt-pt\/language\/frases-nominais-e-verbais-gramatica-arabe\/\",\"url\":\"https:\/\/talkpal.ai\/pt-pt\/language\/frases-nominais-e-verbais-gramatica-arabe\/\",\"name\":\"Frases nominais e verbais - gram\u00e1tica \u00e1rabe - Talkpal\",\"isPartOf\":{\"@id\":\"https:\/\/talkpal.ai\/pt-pt\/#website\"},\"description\":\"Na gram\u00e1tica \u00e1rabe, a teoria das senten\u00e7as nominais e verbais desempenha um papel crucial na compreens\u00e3o da estrutura e sintaxe da l\u00edngua. Ele classifica as frases em duas categorias: nominais e verbais. Frases nominais, tamb\u00e9m conhecidas como frases ism\u012b, concentram-se no sujeito ou substantivo. Essas frases n\u00e3o t\u00eam um verbo, mas cont\u00eam um substantivo ou pronome para expressar um pensamento completo. O substantivo \u00e9 ent\u00e3o seguido por outros elementos, como adjetivos ou preposi\u00e7\u00f5es, para fornecer mais informa\u00e7\u00f5es. Por exemplo, &#8220;\u0627\u0644\u0637\u0627\u0644\u0628 \u062c\u0645\u064a\u0644&#8221; (O aluno \u00e9 bonito) \u00e9 uma frase nominal onde &#8220;\u0627\u0644\u0637\u0627\u0644\u0628&#8221; (o aluno) \u00e9 o sujeito e &#8220;\u062c\u0645\u064a\u0644&#8221; (bonito) \u00e9 o atributo. Por outro lado, as frases verbais, ou frases fe&#8217;l\u012b, concentram-se na a\u00e7\u00e3o ou verbo. Eles seguem uma estrutura semelhante \u00e0s frases em ingl\u00eas, onde um verbo \u00e9 acompanhado por um sujeito. As frases verbais podem estar em diferentes tempos, modos e vozes para indicar v\u00e1rios aspectos da a\u00e7\u00e3o. Por exemplo, &#8220;\u0627\u0644\u0637\u0627\u0644\u0628 \u064a\u062f\u0631\u0633&#8221; (O aluno est\u00e1 estudando) \u00e9 uma frase verbal. Compreender os conceitos da Teoria das Senten\u00e7as Nominais e Verbais \u00e9 essencial para dominar a gram\u00e1tica e a sintaxe \u00e1rabes, permitindo que os alunos formem frases coerentes e gramaticalmente precisas.\",\"breadcrumb\":{\"@id\":\"https:\/\/talkpal.ai\/pt-pt\/language\/frases-nominais-e-verbais-gramatica-arabe\/#breadcrumb\"},\"inLanguage\":\"pt-PT\"},{\"@type\":\"BreadcrumbList\",\"@id\":\"https:\/\/talkpal.ai\/pt-pt\/language\/frases-nominais-e-verbais-gramatica-arabe\/#breadcrumb\",\"itemListElement\":[{\"@type\":\"ListItem\",\"position\":1,\"name\":\"Homepage\",\"item\":\"https:\/\/talkpal.ai\/pt-pt\/\"},{\"@type\":\"ListItem\",\"position\":2,\"name\":\"\u00c1rabe\",\"item\":\"https:\/\/talkpal.ai\/pt-pt\/language\/arabe-pt-pt\/\"},{\"@type\":\"ListItem\",\"position\":3,\"name\":\"Frases nominais e verbais - gram\u00e1tica \u00e1rabe\"}]},{\"@type\":\"WebSite\",\"@id\":\"https:\/\/talkpal.ai\/pt-pt\/#website\",\"url\":\"https:\/\/talkpal.ai\/pt-pt\/\",\"name\":\"Talkpal\",\"description\":\"AI Language Learning\",\"publisher\":{\"@id\":\"https:\/\/talkpal.ai\/pt-pt\/#organization\"},\"alternateName\":\"Talkpal AI\",\"potentialAction\":[{\"@type\":\"SearchAction\",\"target\":{\"@type\":\"EntryPoint\",\"urlTemplate\":\"https:\/\/talkpal.ai\/pt-pt\/?s={search_term_string}\"},\"query-input\":{\"@type\":\"PropertyValueSpecification\",\"valueRequired\":true,\"valueName\":\"search_term_string\"}}],\"inLanguage\":\"pt-PT\"},{\"@type\":\"Organization\",\"@id\":\"https:\/\/talkpal.ai\/pt-pt\/#organization\",\"name\":\"Talkpal, Inc.\",\"alternateName\":\"Talkpal AI\",\"url\":\"https:\/\/talkpal.ai\/pt-pt\/\",\"logo\":{\"@type\":\"ImageObject\",\"inLanguage\":\"pt-PT\",\"@id\":\"https:\/\/talkpal.ai\/pt-pt\/#\/schema\/logo\/image\/\",\"url\":\"https:\/\/talkpal.ai\/wp-content\/uploads\/2024\/03\/Talkpal-Logo-Icon.png\",\"contentUrl\":\"https:\/\/talkpal.ai\/wp-content\/uploads\/2024\/03\/Talkpal-Logo-Icon.png\",\"width\":2880,\"height\":2880,\"caption\":\"Talkpal, Inc.\"},\"image\":{\"@id\":\"https:\/\/talkpal.ai\/pt-pt\/#\/schema\/logo\/image\/\"},\"sameAs\":[\"https:\/\/www.facebook.com\/profile.php?id=100090733639311\",\"https:\/\/x.com\/talkpalai\",\"https:\/\/www.linkedin.com\/company\/talkpal\/\",\"https:\/\/www.youtube.com\/@TalkPal\/\",\"https:\/\/www.tiktok.com\/@talkpal\",\"https:\/\/www.instagram.com\/talkpal_ai\/\",\"https:\/\/www.crunchbase.com\/organization\/talkpal-9cde\",\"https:\/\/www.g2.com\/products\/talkpal-for-business\/\",\"https:\/\/www.trustpilot.com\/review\/talkpal.ai\",\"https:\/\/www.capterra.com\/p\/10006800\/TalkPal\/\"],\"description\":\"Talkpal is a language learning web and mobile education app, powered by the latest AI technologies, that provides engaging experiences to its customers in many different languages to help them improve their language skills. Users can chat about unlimited amount of topics with the app and use other modes to practice their language learning.\",\"email\":\"support@talkpal.ai\",\"legalName\":\"Talkpal, Inc.\",\"foundingDate\":\"2023-04-03\",\"duns\":\"118989042\",\"numberOfEmployees\":{\"@type\":\"QuantitativeValue\",\"minValue\":\"11\",\"maxValue\":\"50\"},\"publishingPrinciples\":\"https:\/\/talkpal.ai\/publishing-principles\/\",\"actionableFeedbackPolicy\":\"https:\/\/talkpal.ai\/actionable-feedback-policy\/\",\"correctionsPolicy\":\"https:\/\/talkpal.ai\/corrections-policy\/\",\"ethicsPolicy\":\"https:\/\/talkpal.ai\/ethics-policy\/\",\"diversityPolicy\":\"https:\/\/talkpal.ai\/diversity-policy\/\",\"diversityStaffingReport\":\"https:\/\/talkpal.ai\/diversity-policy\/\"}]}<\/script>\n<!-- \/ Yoast SEO Premium plugin. -->","yoast_head_json":{"title":"Frases nominais e verbais - gram\u00e1tica \u00e1rabe - Talkpal","description":"Na gram\u00e1tica \u00e1rabe, a teoria das senten\u00e7as nominais e verbais desempenha um papel crucial na compreens\u00e3o da estrutura e sintaxe da l\u00edngua. Ele classifica as frases em duas categorias: nominais e verbais. Frases nominais, tamb\u00e9m conhecidas como frases ism\u012b, concentram-se no sujeito ou substantivo. Essas frases n\u00e3o t\u00eam um verbo, mas cont\u00eam um substantivo ou pronome para expressar um pensamento completo. O substantivo \u00e9 ent\u00e3o seguido por outros elementos, como adjetivos ou preposi\u00e7\u00f5es, para fornecer mais informa\u00e7\u00f5es. Por exemplo, &#8220;\u0627\u0644\u0637\u0627\u0644\u0628 \u062c\u0645\u064a\u0644&#8221; (O aluno \u00e9 bonito) \u00e9 uma frase nominal onde &#8220;\u0627\u0644\u0637\u0627\u0644\u0628&#8221; (o aluno) \u00e9 o sujeito e &#8220;\u062c\u0645\u064a\u0644&#8221; (bonito) \u00e9 o atributo. Por outro lado, as frases verbais, ou frases fe&#8217;l\u012b, concentram-se na a\u00e7\u00e3o ou verbo. Eles seguem uma estrutura semelhante \u00e0s frases em ingl\u00eas, onde um verbo \u00e9 acompanhado por um sujeito. As frases verbais podem estar em diferentes tempos, modos e vozes para indicar v\u00e1rios aspectos da a\u00e7\u00e3o. Por exemplo, &#8220;\u0627\u0644\u0637\u0627\u0644\u0628 \u064a\u062f\u0631\u0633&#8221; (O aluno est\u00e1 estudando) \u00e9 uma frase verbal. Compreender os conceitos da Teoria das Senten\u00e7as Nominais e Verbais \u00e9 essencial para dominar a gram\u00e1tica e a sintaxe \u00e1rabes, permitindo que os alunos formem frases coerentes e gramaticalmente precisas.","robots":{"index":"index","follow":"follow","max-snippet":"max-snippet:-1","max-image-preview":"max-image-preview:large","max-video-preview":"max-video-preview:-1"},"canonical":"https:\/\/talkpal.ai\/pt-pt\/language\/frases-nominais-e-verbais-gramatica-arabe\/","og_locale":"pt_PT","og_type":"article","og_title":"Frases nominais e verbais - gram\u00e1tica \u00e1rabe Archives","og_description":"Na gram\u00e1tica \u00e1rabe, a teoria das senten\u00e7as nominais e verbais desempenha um papel crucial na compreens\u00e3o da estrutura e sintaxe da l\u00edngua. Ele classifica as frases em duas categorias: nominais e verbais. Frases nominais, tamb\u00e9m conhecidas como frases ism\u012b, concentram-se no sujeito ou substantivo. Essas frases n\u00e3o t\u00eam um verbo, mas cont\u00eam um substantivo ou pronome para expressar um pensamento completo. O substantivo \u00e9 ent\u00e3o seguido por outros elementos, como adjetivos ou preposi\u00e7\u00f5es, para fornecer mais informa\u00e7\u00f5es. Por exemplo, &#8220;\u0627\u0644\u0637\u0627\u0644\u0628 \u062c\u0645\u064a\u0644&#8221; (O aluno \u00e9 bonito) \u00e9 uma frase nominal onde &#8220;\u0627\u0644\u0637\u0627\u0644\u0628&#8221; (o aluno) \u00e9 o sujeito e &#8220;\u062c\u0645\u064a\u0644&#8221; (bonito) \u00e9 o atributo. Por outro lado, as frases verbais, ou frases fe&#8217;l\u012b, concentram-se na a\u00e7\u00e3o ou verbo. Eles seguem uma estrutura semelhante \u00e0s frases em ingl\u00eas, onde um verbo \u00e9 acompanhado por um sujeito. As frases verbais podem estar em diferentes tempos, modos e vozes para indicar v\u00e1rios aspectos da a\u00e7\u00e3o. Por exemplo, &#8220;\u0627\u0644\u0637\u0627\u0644\u0628 \u064a\u062f\u0631\u0633&#8221; (O aluno est\u00e1 estudando) \u00e9 uma frase verbal. Compreender os conceitos da Teoria das Senten\u00e7as Nominais e Verbais \u00e9 essencial para dominar a gram\u00e1tica e a sintaxe \u00e1rabes, permitindo que os alunos formem frases coerentes e gramaticalmente precisas.","og_url":"https:\/\/talkpal.ai\/pt-pt\/language\/frases-nominais-e-verbais-gramatica-arabe\/","og_site_name":"Talkpal","og_image":[{"width":2880,"height":2880,"url":"https:\/\/talkpal.ai\/wp-content\/uploads\/2024\/04\/Talkpal-Logo-Wordmark.png","type":"image\/png"}],"twitter_card":"summary_large_image","twitter_site":"@talkpalai","schema":{"@context":"https:\/\/schema.org","@graph":[{"@type":"CollectionPage","@id":"https:\/\/talkpal.ai\/pt-pt\/language\/frases-nominais-e-verbais-gramatica-arabe\/","url":"https:\/\/talkpal.ai\/pt-pt\/language\/frases-nominais-e-verbais-gramatica-arabe\/","name":"Frases nominais e verbais - gram\u00e1tica \u00e1rabe - Talkpal","isPartOf":{"@id":"https:\/\/talkpal.ai\/pt-pt\/#website"},"description":"Na gram\u00e1tica \u00e1rabe, a teoria das senten\u00e7as nominais e verbais desempenha um papel crucial na compreens\u00e3o da estrutura e sintaxe da l\u00edngua. Ele classifica as frases em duas categorias: nominais e verbais. Frases nominais, tamb\u00e9m conhecidas como frases ism\u012b, concentram-se no sujeito ou substantivo. Essas frases n\u00e3o t\u00eam um verbo, mas cont\u00eam um substantivo ou pronome para expressar um pensamento completo. O substantivo \u00e9 ent\u00e3o seguido por outros elementos, como adjetivos ou preposi\u00e7\u00f5es, para fornecer mais informa\u00e7\u00f5es. Por exemplo, &#8220;\u0627\u0644\u0637\u0627\u0644\u0628 \u062c\u0645\u064a\u0644&#8221; (O aluno \u00e9 bonito) \u00e9 uma frase nominal onde &#8220;\u0627\u0644\u0637\u0627\u0644\u0628&#8221; (o aluno) \u00e9 o sujeito e &#8220;\u062c\u0645\u064a\u0644&#8221; (bonito) \u00e9 o atributo. Por outro lado, as frases verbais, ou frases fe&#8217;l\u012b, concentram-se na a\u00e7\u00e3o ou verbo. Eles seguem uma estrutura semelhante \u00e0s frases em ingl\u00eas, onde um verbo \u00e9 acompanhado por um sujeito. As frases verbais podem estar em diferentes tempos, modos e vozes para indicar v\u00e1rios aspectos da a\u00e7\u00e3o. Por exemplo, &#8220;\u0627\u0644\u0637\u0627\u0644\u0628 \u064a\u062f\u0631\u0633&#8221; (O aluno est\u00e1 estudando) \u00e9 uma frase verbal. Compreender os conceitos da Teoria das Senten\u00e7as Nominais e Verbais \u00e9 essencial para dominar a gram\u00e1tica e a sintaxe \u00e1rabes, permitindo que os alunos formem frases coerentes e gramaticalmente precisas.","breadcrumb":{"@id":"https:\/\/talkpal.ai\/pt-pt\/language\/frases-nominais-e-verbais-gramatica-arabe\/#breadcrumb"},"inLanguage":"pt-PT"},{"@type":"BreadcrumbList","@id":"https:\/\/talkpal.ai\/pt-pt\/language\/frases-nominais-e-verbais-gramatica-arabe\/#breadcrumb","itemListElement":[{"@type":"ListItem","position":1,"name":"Homepage","item":"https:\/\/talkpal.ai\/pt-pt\/"},{"@type":"ListItem","position":2,"name":"\u00c1rabe","item":"https:\/\/talkpal.ai\/pt-pt\/language\/arabe-pt-pt\/"},{"@type":"ListItem","position":3,"name":"Frases nominais e verbais - gram\u00e1tica \u00e1rabe"}]},{"@type":"WebSite","@id":"https:\/\/talkpal.ai\/pt-pt\/#website","url":"https:\/\/talkpal.ai\/pt-pt\/","name":"Talkpal","description":"AI Language Learning","publisher":{"@id":"https:\/\/talkpal.ai\/pt-pt\/#organization"},"alternateName":"Talkpal AI","potentialAction":[{"@type":"SearchAction","target":{"@type":"EntryPoint","urlTemplate":"https:\/\/talkpal.ai\/pt-pt\/?s={search_term_string}"},"query-input":{"@type":"PropertyValueSpecification","valueRequired":true,"valueName":"search_term_string"}}],"inLanguage":"pt-PT"},{"@type":"Organization","@id":"https:\/\/talkpal.ai\/pt-pt\/#organization","name":"Talkpal, Inc.","alternateName":"Talkpal AI","url":"https:\/\/talkpal.ai\/pt-pt\/","logo":{"@type":"ImageObject","inLanguage":"pt-PT","@id":"https:\/\/talkpal.ai\/pt-pt\/#\/schema\/logo\/image\/","url":"https:\/\/talkpal.ai\/wp-content\/uploads\/2024\/03\/Talkpal-Logo-Icon.png","contentUrl":"https:\/\/talkpal.ai\/wp-content\/uploads\/2024\/03\/Talkpal-Logo-Icon.png","width":2880,"height":2880,"caption":"Talkpal, Inc."},"image":{"@id":"https:\/\/talkpal.ai\/pt-pt\/#\/schema\/logo\/image\/"},"sameAs":["https:\/\/www.facebook.com\/profile.php?id=100090733639311","https:\/\/x.com\/talkpalai","https:\/\/www.linkedin.com\/company\/talkpal\/","https:\/\/www.youtube.com\/@TalkPal\/","https:\/\/www.tiktok.com\/@talkpal","https:\/\/www.instagram.com\/talkpal_ai\/","https:\/\/www.crunchbase.com\/organization\/talkpal-9cde","https:\/\/www.g2.com\/products\/talkpal-for-business\/","https:\/\/www.trustpilot.com\/review\/talkpal.ai","https:\/\/www.capterra.com\/p\/10006800\/TalkPal\/"],"description":"Talkpal is a language learning web and mobile education app, powered by the latest AI technologies, that provides engaging experiences to its customers in many different languages to help them improve their language skills. Users can chat about unlimited amount of topics with the app and use other modes to practice their language learning.","email":"support@talkpal.ai","legalName":"Talkpal, Inc.","foundingDate":"2023-04-03","duns":"118989042","numberOfEmployees":{"@type":"QuantitativeValue","minValue":"11","maxValue":"50"},"publishingPrinciples":"https:\/\/talkpal.ai\/publishing-principles\/","actionableFeedbackPolicy":"https:\/\/talkpal.ai\/actionable-feedback-policy\/","correctionsPolicy":"https:\/\/talkpal.ai\/corrections-policy\/","ethicsPolicy":"https:\/\/talkpal.ai\/ethics-policy\/","diversityPolicy":"https:\/\/talkpal.ai\/diversity-policy\/","diversityStaffingReport":"https:\/\/talkpal.ai\/diversity-policy\/"}]}},"_links":{"self":[{"href":"https:\/\/talkpal.ai\/pt-pt\/wp-json\/wp\/v2\/language\/9840","targetHints":{"allow":["GET"]}}],"collection":[{"href":"https:\/\/talkpal.ai\/pt-pt\/wp-json\/wp\/v2\/language"}],"about":[{"href":"https:\/\/talkpal.ai\/pt-pt\/wp-json\/wp\/v2\/taxonomies\/language"}],"up":[{"embeddable":true,"href":"https:\/\/talkpal.ai\/pt-pt\/wp-json\/wp\/v2\/language\/9792"}],"wp:post_type":[{"href":"https:\/\/talkpal.ai\/pt-pt\/wp-json\/wp\/v2\/grammar?language=9840"}],"curies":[{"name":"wp","href":"https:\/\/api.w.org\/{rel}","templated":true}]}}