{"id":816240,"date":"2024-06-26T01:10:07","date_gmt":"2024-06-26T01:10:07","guid":{"rendered":"https:\/\/talkpal.ai\/explorez-lhistoire-de-la-langue-catalane\/"},"modified":"2024-06-26T01:10:07","modified_gmt":"2024-06-26T01:10:07","slug":"explorez-lhistoire-de-la-langue-catalane","status":"publish","type":"post","link":"https:\/\/talkpal.ai\/fr\/explorez-lhistoire-de-la-langue-catalane\/","title":{"rendered":"Explorez l&rsquo;histoire de la langue catalane"},"content":{"rendered":"<p>La langue catalane, ou simplement <a href=\"https:\/\/talkpal.ai\/learn-catalan\/\">catalan<\/a>, est une langue romane parl\u00e9e par environ 10 millions de personnes. Elle est principalement utilis\u00e9e dans la r\u00e9gion de la Catalogne en Espagne, mais \u00e9galement dans d&rsquo;autres zones comme les \u00eeles Bal\u00e9ares, la Communaut\u00e9 valencienne, ainsi que dans la r\u00e9gion de Roussillon en <a href=\"https:\/\/talkpal.ai\/locations\/language-courses-in-france\/\">France<\/a> et la ville d&rsquo;Alguer en Sardaigne. Mais d&rsquo;o\u00f9 vient cette langue unique et riche ? Quelle est son histoire et comment a-t-elle \u00e9volu\u00e9 au fil des si\u00e8cles ? Cet article propose d&rsquo;explorer l&rsquo;histoire fascinante de la langue catalane, de ses origines \u00e0 nos jours.<\/p>\n<h2>Les origines de la langue catalane<\/h2>\n<p>Les racines du catalan remontent \u00e0 l&rsquo;\u00e9poque de l&rsquo;Empire romain. Comme beaucoup d&rsquo;autres langues romanes, le catalan d\u00e9rive du <b>latin vulgaire<\/b>, la langue parl\u00e9e par les soldats, les colons et les marchands romains. Cependant, l&rsquo;\u00e9volution du catalan a \u00e9t\u00e9 influenc\u00e9e par divers facteurs g\u00e9ographiques, politiques et culturels.<\/p>\n<h3>Influence romaine<\/h3>\n<p>Lorsque l&rsquo;Empire romain s&rsquo;\u00e9tendit dans la p\u00e9ninsule ib\u00e9rique au IIIe si\u00e8cle avant J.-C., le latin vulgaire commen\u00e7a \u00e0 se m\u00e9langer aux langues pr\u00e9romaines des habitants locaux, comme l&rsquo;ib\u00e8re. Ce processus de romanisation fut acc\u00e9l\u00e9r\u00e9 par la cr\u00e9ation de colonies romaines et l&rsquo;int\u00e9gration de la r\u00e9gion dans l&rsquo;Empire. Au fil du <a href=\"https:\/\/talkpal.ai\/zh-hans\/grammar_exercises\/temps-%e6%b3%95%e8%af%ad%e8%af%ad%e6%b3%95%e7%bb%83%e4%b9%a0\/\">temps<\/a>, le latin vulgaire s&rsquo;est transform\u00e9 en diverses langues romanes, dont le catalan.<\/p>\n<h3>L&rsquo;influence des Wisigoths et des Maures<\/h3>\n<p>Apr\u00e8s la chute de l&rsquo;Empire romain, la p\u00e9ninsule ib\u00e9rique fut envahie par les Wisigoths, un peuple germanique. Bien que leur influence linguistique soit relativement limit\u00e9e, elle a laiss\u00e9 quelques traces dans la langue catalane. Par exemple, certains mots catalans d&rsquo;origine germanique sont encore utilis\u00e9s aujourd&rsquo;hui.<\/p>\n<p>Au VIIIe si\u00e8cle, les Maures envahirent la p\u00e9ninsule ib\u00e9rique et y rest\u00e8rent pendant plusieurs si\u00e8cles. L&rsquo;influence arabe sur le catalan est surtout visible dans le vocabulaire, en particulier dans les domaines de l&rsquo;agriculture, de la science et du commerce. Des mots comme \u00ab\u00a0algebra\u00a0\u00bb (alg\u00e8bre) et \u00ab\u00a0almirall\u00a0\u00bb (amiral) en sont des exemples.<\/p>\n<h2>La formation de la langue catalane<\/h2>\n<p>C&rsquo;est au <a href=\"https:\/\/talkpal.ai\/courses\/\">cours<\/a> du Moyen \u00c2ge que la langue catalane commen\u00e7a v\u00e9ritablement \u00e0 se distinguer des autres langues romanes. La <a href=\"https:\/\/talkpal.ai\/locations\/language-courses-in-reconquista\/\">Reconquista<\/a>, la reconqu\u00eate chr\u00e9tienne de la p\u00e9ninsule ib\u00e9rique, joua un r\u00f4le crucial dans ce processus.<\/p>\n<h3>L&rsquo;\u00e9mergence de la litt\u00e9rature catalane<\/h3>\n<p>Le premier texte litt\u00e9raire en catalan <a href=\"https:\/\/talkpal.ai\/locations\/language-courses-in-date\/\">date<\/a> du XIIe si\u00e8cle. <a href=\"https:\/\/talkpal.ai\/culture\/how-do-i-use-the-expression-il-sagit-de\/\">Il s&rsquo;agit<\/a> des \u00ab\u00a0Homilies d&rsquo;Organy\u00e0\u00a0\u00bb, une s\u00e9rie de sermons religieux. Cette p\u00e9riode marque le d\u00e9but de l&rsquo;utilisation \u00e9crite du catalan, qui se d\u00e9veloppera rapidement dans les si\u00e8cles suivants.<\/p>\n<p>Les XIIIe et XIVe si\u00e8cles furent particuli\u00e8rement prosp\u00e8res pour la litt\u00e9rature catalane. Des \u0153uvres majeures comme \u00ab\u00a0Tirant lo Blanc\u00a0\u00bb de Joanot <a href=\"https:\/\/talkpal.ai\/locations\/language-courses-in-martorell\/\">Martorell<\/a> et \u00ab\u00a0Les Quatre Grans Cr\u00f2niques\u00a0\u00bb t\u00e9moignent de la richesse et de la diversit\u00e9 de la langue \u00e0 cette \u00e9poque.<\/p>\n<h3>L&rsquo;expansion politique et culturelle<\/h3>\n<p>Aux XIIIe et XIVe si\u00e8cles, le Royaume d&rsquo;Aragon, dont faisait partie la Catalogne, devint une puissance maritime et commerciale en M\u00e9diterran\u00e9e. Cette expansion politique et \u00e9conomique contribua \u00e0 la diffusion du catalan dans les territoires conquis, comme les \u00eeles Bal\u00e9ares, la Sardaigne et m\u00eame certaines r\u00e9gions de l&rsquo;Italie du Sud.<\/p>\n<h2>Le catalan \u00e0 l&rsquo;\u00e9poque moderne<\/h2>\n<p>Le d\u00e9but de l&rsquo;\u00e9poque moderne fut marqu\u00e9 par des \u00e9v\u00e9nements politiques qui eurent un impact significatif sur la langue catalane.<\/p>\n<h3>La Guerre de Succession d&rsquo;Espagne<\/h3>\n<p>La Guerre de Succession d&rsquo;Espagne (1701-1714) fut un tournant majeur pour la Catalogne. \u00c0 la <a href=\"https:\/\/talkpal.ai\/learn-finnish\/\">fin<\/a> de cette guerre, le roi Philippe V, de la dynastie des Bourbons, d\u00e9cr\u00e9ta les D\u00e9crets de Nueva Planta, qui supprim\u00e8rent les institutions et les privil\u00e8ges de la Catalogne. Le catalan fut remplac\u00e9 par le castillan (espagnol) comme langue officielle de l&rsquo;administration et de l&rsquo;\u00e9ducation. Malgr\u00e9 ces mesures r\u00e9pressives, le catalan continua d&rsquo;\u00eatre parl\u00e9 dans la vie quotidienne et utilis\u00e9 dans la litt\u00e9rature.<\/p>\n<h3>La Renaissance catalane<\/h3>\n<p>Au XIXe si\u00e8cle, la langue catalane connut une renaissance culturelle et litt\u00e9raire, connue sous le nom de \u00ab\u00a0Renaixen\u00e7a\u00a0\u00bb. Ce mouvement visait \u00e0 revitaliser la langue et la culture catalanes apr\u00e8s des si\u00e8cles de domination castillane. Des \u00e9crivains comme Jacint Verdaguer et \u00c0ngel Guimer\u00e0 jou\u00e8rent un r\u00f4le cl\u00e9 dans ce renouveau.<\/p>\n<h2>Le catalan au XXe si\u00e8cle<\/h2>\n<p>Le XXe si\u00e8cle fut une p\u00e9riode tumultueuse pour la langue catalane, marqu\u00e9e par des moments de r\u00e9pression et de r\u00e9surgence.<\/p>\n<h3>La dictature de Franco<\/h3>\n<p>Apr\u00e8s la guerre civile espagnole (1936-1939), la dictature de Francisco Franco imposa une politique de r\u00e9pression s\u00e9v\u00e8re contre les langues r\u00e9gionales, y compris le catalan. L&rsquo;utilisation publique du catalan fut interdite, et l&rsquo;enseignement de la langue fut supprim\u00e9 des \u00e9coles. Malgr\u00e9 cette r\u00e9pression, le catalan surv\u00e9cut gr\u00e2ce \u00e0 la r\u00e9sistance culturelle et \u00e0 l&rsquo;utilisation clandestine de la langue.<\/p>\n<h3>La d\u00e9mocratie et la reconnaissance officielle<\/h3>\n<p>Avec la mort de Franco en 1975 et la transition d\u00e9mocratique en Espagne, la langue catalane connut une renaissance. La Constitution espagnole de 1978 et le Statut d&rsquo;autonomie de la Catalogne de 1979 reconnurent le catalan comme langue co-officielle en Catalogne. Depuis lors, le catalan est enseign\u00e9 dans les \u00e9coles, utilis\u00e9 dans les m\u00e9dias et les institutions publiques, et b\u00e9n\u00e9ficie d&rsquo;un soutien officiel pour sa promotion et sa pr\u00e9servation.<\/p>\n<h2>Le catalan aujourd&rsquo;hui<\/h2>\n<p>Aujourd&rsquo;hui, la langue catalane est une langue vivante et dynamique, parl\u00e9e par des millions de personnes et utilis\u00e9e dans divers domaines de la vie quotidienne.<\/p>\n<h3>L&rsquo;\u00e9ducation et les m\u00e9dias<\/h3>\n<p>Le catalan est la<\/p>\n","protected":false},"excerpt":{"rendered":"<p>La langue catalane, ou simplement catalan, est une langue romane parl\u00e9e par environ 10 millions de personnes. Elle est principalement utilis\u00e9e dans la r\u00e9gion de la Catalogne en Espagne, mais \u00e9galement dans d&rsquo;autres zones comme les \u00eeles Bal\u00e9ares, la Communaut\u00e9 valencienne, ainsi que dans la r\u00e9gion de Roussillon en France et la ville d&rsquo;Alguer en [&hellip;]<\/p>\n","protected":false},"author":0,"featured_media":1527944,"comment_status":"open","ping_status":"open","sticky":false,"template":"","format":"standard","meta":{"_acf_changed":false,"footnotes":""},"categories":[3641],"tags":[],"class_list":["post-816240","post","type-post","status-publish","format-standard","has-post-thumbnail","hentry","category-apprendre-une-langue"],"acf":[],"yoast_head":"<!-- This site is optimized with the Yoast SEO Premium plugin v27.2 (Yoast SEO v27.2) - https:\/\/yoast.com\/product\/yoast-seo-premium-wordpress\/ -->\n<title>Explorez l&#039;histoire de la langue catalane - Talkpal<\/title>\n<meta name=\"description\" content=\"La langue catalane, ou simplement catalan, est une langue romane parl\u00e9e par environ 10 millions de personnes. Elle est principalement utilis\u00e9e dans la\" \/>\n<meta name=\"robots\" content=\"index, follow, max-snippet:-1, max-image-preview:large, max-video-preview:-1\" \/>\n<link rel=\"canonical\" href=\"https:\/\/talkpal.ai\/fr\/explorez-lhistoire-de-la-langue-catalane\/\" \/>\n<meta property=\"og:locale\" content=\"fr_FR\" \/>\n<meta property=\"og:type\" content=\"article\" \/>\n<meta property=\"og:title\" content=\"Explorez l&#039;histoire de la langue catalane\" \/>\n<meta property=\"og:description\" content=\"La langue catalane, ou simplement catalan, est une langue romane parl\u00e9e par environ 10 millions de personnes. Elle est principalement utilis\u00e9e dans la\" \/>\n<meta property=\"og:url\" content=\"https:\/\/talkpal.ai\/fr\/explorez-lhistoire-de-la-langue-catalane\/\" \/>\n<meta property=\"og:site_name\" content=\"Talkpal\" \/>\n<meta property=\"article:publisher\" content=\"https:\/\/www.facebook.com\/profile.php?id=100090733639311\" \/>\n<meta property=\"article:published_time\" content=\"2024-06-26T01:10:07+00:00\" \/>\n<meta property=\"og:image\" content=\"https:\/\/talkpal.ai\/wp-content\/uploads\/2025\/02\/Progress-tab-16_9.png\" \/>\n\t<meta property=\"og:image:width\" content=\"2880\" \/>\n\t<meta property=\"og:image:height\" content=\"1620\" \/>\n\t<meta property=\"og:image:type\" content=\"image\/png\" \/>\n<meta name=\"twitter:card\" content=\"summary_large_image\" \/>\n<meta name=\"twitter:creator\" content=\"@talkpalai\" \/>\n<meta name=\"twitter:site\" content=\"@talkpalai\" \/>\n<meta name=\"twitter:label1\" content=\"Dur\u00e9e de lecture estim\u00e9e\" \/>\n\t<meta name=\"twitter:data1\" content=\"5 minutes\" \/>\n<script type=\"application\/ld+json\" class=\"yoast-schema-graph\">{\"@context\":\"https:\/\/schema.org\",\"@graph\":[{\"@type\":\"Article\",\"@id\":\"https:\/\/talkpal.ai\/fr\/explorez-lhistoire-de-la-langue-catalane\/#article\",\"isPartOf\":{\"@id\":\"https:\/\/talkpal.ai\/fr\/explorez-lhistoire-de-la-langue-catalane\/\"},\"author\":{\"name\":\"\",\"@id\":\"\"},\"headline\":\"Explorez l&rsquo;histoire de la langue catalane\",\"datePublished\":\"2024-06-26T01:10:07+00:00\",\"mainEntityOfPage\":{\"@id\":\"https:\/\/talkpal.ai\/fr\/explorez-lhistoire-de-la-langue-catalane\/\"},\"wordCount\":987,\"commentCount\":0,\"publisher\":{\"@id\":\"https:\/\/talkpal.ai\/fr\/#organization\"},\"image\":{\"@id\":\"https:\/\/talkpal.ai\/fr\/explorez-lhistoire-de-la-langue-catalane\/#primaryimage\"},\"thumbnailUrl\":\"https:\/\/talkpal.ai\/wp-content\/uploads\/2025\/12\/students-in-library-learning-languages.webp\",\"articleSection\":[\"Apprendre une langue\"],\"inLanguage\":\"fr-FR\",\"potentialAction\":[{\"@type\":\"CommentAction\",\"name\":\"Comment\",\"target\":[\"https:\/\/talkpal.ai\/fr\/explorez-lhistoire-de-la-langue-catalane\/#respond\"]}]},{\"@type\":\"WebPage\",\"@id\":\"https:\/\/talkpal.ai\/fr\/explorez-lhistoire-de-la-langue-catalane\/\",\"url\":\"https:\/\/talkpal.ai\/fr\/explorez-lhistoire-de-la-langue-catalane\/\",\"name\":\"Explorez l'histoire de la langue catalane - Talkpal\",\"isPartOf\":{\"@id\":\"https:\/\/talkpal.ai\/fr\/#website\"},\"primaryImageOfPage\":{\"@id\":\"https:\/\/talkpal.ai\/fr\/explorez-lhistoire-de-la-langue-catalane\/#primaryimage\"},\"image\":{\"@id\":\"https:\/\/talkpal.ai\/fr\/explorez-lhistoire-de-la-langue-catalane\/#primaryimage\"},\"thumbnailUrl\":\"https:\/\/talkpal.ai\/wp-content\/uploads\/2025\/12\/students-in-library-learning-languages.webp\",\"datePublished\":\"2024-06-26T01:10:07+00:00\",\"description\":\"La langue catalane, ou simplement catalan, est une langue romane parl\u00e9e par environ 10 millions de personnes. Elle est principalement utilis\u00e9e dans la\",\"breadcrumb\":{\"@id\":\"https:\/\/talkpal.ai\/fr\/explorez-lhistoire-de-la-langue-catalane\/#breadcrumb\"},\"inLanguage\":\"fr-FR\",\"potentialAction\":[{\"@type\":\"ReadAction\",\"target\":[\"https:\/\/talkpal.ai\/fr\/explorez-lhistoire-de-la-langue-catalane\/\"]}]},{\"@type\":\"ImageObject\",\"inLanguage\":\"fr-FR\",\"@id\":\"https:\/\/talkpal.ai\/fr\/explorez-lhistoire-de-la-langue-catalane\/#primaryimage\",\"url\":\"https:\/\/talkpal.ai\/wp-content\/uploads\/2025\/12\/students-in-library-learning-languages.webp\",\"contentUrl\":\"https:\/\/talkpal.ai\/wp-content\/uploads\/2025\/12\/students-in-library-learning-languages.webp\",\"width\":1200,\"height\":896,\"caption\":\"Many students sit at long tables in a large library while focused on learning languages.\"},{\"@type\":\"BreadcrumbList\",\"@id\":\"https:\/\/talkpal.ai\/fr\/explorez-lhistoire-de-la-langue-catalane\/#breadcrumb\",\"itemListElement\":[{\"@type\":\"ListItem\",\"position\":1,\"name\":\"Homepage\",\"item\":\"https:\/\/talkpal.ai\/fr\/\"},{\"@type\":\"ListItem\",\"position\":2,\"name\":\"Explorez l&#8217;histoire de la langue catalane\"}]},{\"@type\":\"WebSite\",\"@id\":\"https:\/\/talkpal.ai\/fr\/#website\",\"url\":\"https:\/\/talkpal.ai\/fr\/\",\"name\":\"Talkpal\",\"description\":\"AI Language Learning\",\"publisher\":{\"@id\":\"https:\/\/talkpal.ai\/fr\/#organization\"},\"alternateName\":\"Talkpal AI\",\"potentialAction\":[{\"@type\":\"SearchAction\",\"target\":{\"@type\":\"EntryPoint\",\"urlTemplate\":\"https:\/\/talkpal.ai\/fr\/?s={search_term_string}\"},\"query-input\":{\"@type\":\"PropertyValueSpecification\",\"valueRequired\":true,\"valueName\":\"search_term_string\"}}],\"inLanguage\":\"fr-FR\"},{\"@type\":\"Organization\",\"@id\":\"https:\/\/talkpal.ai\/fr\/#organization\",\"name\":\"Talkpal, Inc.\",\"alternateName\":\"Talkpal AI\",\"url\":\"https:\/\/talkpal.ai\/fr\/\",\"logo\":{\"@type\":\"ImageObject\",\"inLanguage\":\"fr-FR\",\"@id\":\"https:\/\/talkpal.ai\/fr\/#\/schema\/logo\/image\/\",\"url\":\"https:\/\/talkpal.ai\/wp-content\/uploads\/2024\/03\/Talkpal-Logo-Icon.png\",\"contentUrl\":\"https:\/\/talkpal.ai\/wp-content\/uploads\/2024\/03\/Talkpal-Logo-Icon.png\",\"width\":2880,\"height\":2880,\"caption\":\"Talkpal, Inc.\"},\"image\":{\"@id\":\"https:\/\/talkpal.ai\/fr\/#\/schema\/logo\/image\/\"},\"sameAs\":[\"https:\/\/www.facebook.com\/profile.php?id=100090733639311\",\"https:\/\/x.com\/talkpalai\",\"https:\/\/www.linkedin.com\/company\/talkpal\/\",\"https:\/\/www.youtube.com\/@TalkPal\/\",\"https:\/\/www.tiktok.com\/@talkpal\",\"https:\/\/www.instagram.com\/talkpal_ai\/\",\"https:\/\/www.crunchbase.com\/organization\/talkpal-9cde\",\"https:\/\/www.g2.com\/products\/talkpal-for-business\/\",\"https:\/\/www.trustpilot.com\/review\/talkpal.ai\",\"https:\/\/www.capterra.com\/p\/10006800\/TalkPal\/\"],\"description\":\"Talkpal is a language learning web and mobile education app, powered by the latest AI technologies, that provides engaging experiences to its customers in many different languages to help them improve their language skills. Users can chat about unlimited amount of topics with the app and use other modes to practice their language learning.\",\"email\":\"support@talkpal.ai\",\"legalName\":\"Talkpal, Inc.\",\"foundingDate\":\"2023-04-03\",\"duns\":\"118989042\",\"numberOfEmployees\":{\"@type\":\"QuantitativeValue\",\"minValue\":\"11\",\"maxValue\":\"50\"},\"publishingPrinciples\":\"https:\/\/talkpal.ai\/publishing-principles\/\",\"actionableFeedbackPolicy\":\"https:\/\/talkpal.ai\/actionable-feedback-policy\/\",\"correctionsPolicy\":\"https:\/\/talkpal.ai\/corrections-policy\/\",\"ethicsPolicy\":\"https:\/\/talkpal.ai\/ethics-policy\/\",\"diversityPolicy\":\"https:\/\/talkpal.ai\/diversity-policy\/\",\"diversityStaffingReport\":\"https:\/\/talkpal.ai\/diversity-policy\/\"}]}<\/script>\n<!-- \/ Yoast SEO Premium plugin. -->","yoast_head_json":{"title":"Explorez l'histoire de la langue catalane - Talkpal","description":"La langue catalane, ou simplement catalan, est une langue romane parl\u00e9e par environ 10 millions de personnes. Elle est principalement utilis\u00e9e dans la","robots":{"index":"index","follow":"follow","max-snippet":"max-snippet:-1","max-image-preview":"max-image-preview:large","max-video-preview":"max-video-preview:-1"},"canonical":"https:\/\/talkpal.ai\/fr\/explorez-lhistoire-de-la-langue-catalane\/","og_locale":"fr_FR","og_type":"article","og_title":"Explorez l'histoire de la langue catalane","og_description":"La langue catalane, ou simplement catalan, est une langue romane parl\u00e9e par environ 10 millions de personnes. Elle est principalement utilis\u00e9e dans la","og_url":"https:\/\/talkpal.ai\/fr\/explorez-lhistoire-de-la-langue-catalane\/","og_site_name":"Talkpal","article_publisher":"https:\/\/www.facebook.com\/profile.php?id=100090733639311","article_published_time":"2024-06-26T01:10:07+00:00","og_image":[{"width":2880,"height":1620,"url":"https:\/\/talkpal.ai\/wp-content\/uploads\/2025\/02\/Progress-tab-16_9.png","type":"image\/png"}],"twitter_card":"summary_large_image","twitter_creator":"@talkpalai","twitter_site":"@talkpalai","twitter_misc":{"Dur\u00e9e de lecture estim\u00e9e":"5 minutes"},"schema":{"@context":"https:\/\/schema.org","@graph":[{"@type":"Article","@id":"https:\/\/talkpal.ai\/fr\/explorez-lhistoire-de-la-langue-catalane\/#article","isPartOf":{"@id":"https:\/\/talkpal.ai\/fr\/explorez-lhistoire-de-la-langue-catalane\/"},"author":{"name":"","@id":""},"headline":"Explorez l&rsquo;histoire de la langue catalane","datePublished":"2024-06-26T01:10:07+00:00","mainEntityOfPage":{"@id":"https:\/\/talkpal.ai\/fr\/explorez-lhistoire-de-la-langue-catalane\/"},"wordCount":987,"commentCount":0,"publisher":{"@id":"https:\/\/talkpal.ai\/fr\/#organization"},"image":{"@id":"https:\/\/talkpal.ai\/fr\/explorez-lhistoire-de-la-langue-catalane\/#primaryimage"},"thumbnailUrl":"https:\/\/talkpal.ai\/wp-content\/uploads\/2025\/12\/students-in-library-learning-languages.webp","articleSection":["Apprendre une langue"],"inLanguage":"fr-FR","potentialAction":[{"@type":"CommentAction","name":"Comment","target":["https:\/\/talkpal.ai\/fr\/explorez-lhistoire-de-la-langue-catalane\/#respond"]}]},{"@type":"WebPage","@id":"https:\/\/talkpal.ai\/fr\/explorez-lhistoire-de-la-langue-catalane\/","url":"https:\/\/talkpal.ai\/fr\/explorez-lhistoire-de-la-langue-catalane\/","name":"Explorez l'histoire de la langue catalane - Talkpal","isPartOf":{"@id":"https:\/\/talkpal.ai\/fr\/#website"},"primaryImageOfPage":{"@id":"https:\/\/talkpal.ai\/fr\/explorez-lhistoire-de-la-langue-catalane\/#primaryimage"},"image":{"@id":"https:\/\/talkpal.ai\/fr\/explorez-lhistoire-de-la-langue-catalane\/#primaryimage"},"thumbnailUrl":"https:\/\/talkpal.ai\/wp-content\/uploads\/2025\/12\/students-in-library-learning-languages.webp","datePublished":"2024-06-26T01:10:07+00:00","description":"La langue catalane, ou simplement catalan, est une langue romane parl\u00e9e par environ 10 millions de personnes. Elle est principalement utilis\u00e9e dans la","breadcrumb":{"@id":"https:\/\/talkpal.ai\/fr\/explorez-lhistoire-de-la-langue-catalane\/#breadcrumb"},"inLanguage":"fr-FR","potentialAction":[{"@type":"ReadAction","target":["https:\/\/talkpal.ai\/fr\/explorez-lhistoire-de-la-langue-catalane\/"]}]},{"@type":"ImageObject","inLanguage":"fr-FR","@id":"https:\/\/talkpal.ai\/fr\/explorez-lhistoire-de-la-langue-catalane\/#primaryimage","url":"https:\/\/talkpal.ai\/wp-content\/uploads\/2025\/12\/students-in-library-learning-languages.webp","contentUrl":"https:\/\/talkpal.ai\/wp-content\/uploads\/2025\/12\/students-in-library-learning-languages.webp","width":1200,"height":896,"caption":"Many students sit at long tables in a large library while focused on learning languages."},{"@type":"BreadcrumbList","@id":"https:\/\/talkpal.ai\/fr\/explorez-lhistoire-de-la-langue-catalane\/#breadcrumb","itemListElement":[{"@type":"ListItem","position":1,"name":"Homepage","item":"https:\/\/talkpal.ai\/fr\/"},{"@type":"ListItem","position":2,"name":"Explorez l&#8217;histoire de la langue catalane"}]},{"@type":"WebSite","@id":"https:\/\/talkpal.ai\/fr\/#website","url":"https:\/\/talkpal.ai\/fr\/","name":"Talkpal","description":"AI Language Learning","publisher":{"@id":"https:\/\/talkpal.ai\/fr\/#organization"},"alternateName":"Talkpal AI","potentialAction":[{"@type":"SearchAction","target":{"@type":"EntryPoint","urlTemplate":"https:\/\/talkpal.ai\/fr\/?s={search_term_string}"},"query-input":{"@type":"PropertyValueSpecification","valueRequired":true,"valueName":"search_term_string"}}],"inLanguage":"fr-FR"},{"@type":"Organization","@id":"https:\/\/talkpal.ai\/fr\/#organization","name":"Talkpal, Inc.","alternateName":"Talkpal AI","url":"https:\/\/talkpal.ai\/fr\/","logo":{"@type":"ImageObject","inLanguage":"fr-FR","@id":"https:\/\/talkpal.ai\/fr\/#\/schema\/logo\/image\/","url":"https:\/\/talkpal.ai\/wp-content\/uploads\/2024\/03\/Talkpal-Logo-Icon.png","contentUrl":"https:\/\/talkpal.ai\/wp-content\/uploads\/2024\/03\/Talkpal-Logo-Icon.png","width":2880,"height":2880,"caption":"Talkpal, Inc."},"image":{"@id":"https:\/\/talkpal.ai\/fr\/#\/schema\/logo\/image\/"},"sameAs":["https:\/\/www.facebook.com\/profile.php?id=100090733639311","https:\/\/x.com\/talkpalai","https:\/\/www.linkedin.com\/company\/talkpal\/","https:\/\/www.youtube.com\/@TalkPal\/","https:\/\/www.tiktok.com\/@talkpal","https:\/\/www.instagram.com\/talkpal_ai\/","https:\/\/www.crunchbase.com\/organization\/talkpal-9cde","https:\/\/www.g2.com\/products\/talkpal-for-business\/","https:\/\/www.trustpilot.com\/review\/talkpal.ai","https:\/\/www.capterra.com\/p\/10006800\/TalkPal\/"],"description":"Talkpal is a language learning web and mobile education app, powered by the latest AI technologies, that provides engaging experiences to its customers in many different languages to help them improve their language skills. Users can chat about unlimited amount of topics with the app and use other modes to practice their language learning.","email":"support@talkpal.ai","legalName":"Talkpal, Inc.","foundingDate":"2023-04-03","duns":"118989042","numberOfEmployees":{"@type":"QuantitativeValue","minValue":"11","maxValue":"50"},"publishingPrinciples":"https:\/\/talkpal.ai\/publishing-principles\/","actionableFeedbackPolicy":"https:\/\/talkpal.ai\/actionable-feedback-policy\/","correctionsPolicy":"https:\/\/talkpal.ai\/corrections-policy\/","ethicsPolicy":"https:\/\/talkpal.ai\/ethics-policy\/","diversityPolicy":"https:\/\/talkpal.ai\/diversity-policy\/","diversityStaffingReport":"https:\/\/talkpal.ai\/diversity-policy\/"}]}},"_links":{"self":[{"href":"https:\/\/talkpal.ai\/fr\/wp-json\/wp\/v2\/posts\/816240","targetHints":{"allow":["GET"]}}],"collection":[{"href":"https:\/\/talkpal.ai\/fr\/wp-json\/wp\/v2\/posts"}],"about":[{"href":"https:\/\/talkpal.ai\/fr\/wp-json\/wp\/v2\/types\/post"}],"replies":[{"embeddable":true,"href":"https:\/\/talkpal.ai\/fr\/wp-json\/wp\/v2\/comments?post=816240"}],"version-history":[{"count":0,"href":"https:\/\/talkpal.ai\/fr\/wp-json\/wp\/v2\/posts\/816240\/revisions"}],"wp:featuredmedia":[{"embeddable":true,"href":"https:\/\/talkpal.ai\/fr\/wp-json\/wp\/v2\/media\/1527944"}],"wp:attachment":[{"href":"https:\/\/talkpal.ai\/fr\/wp-json\/wp\/v2\/media?parent=816240"}],"wp:term":[{"taxonomy":"category","embeddable":true,"href":"https:\/\/talkpal.ai\/fr\/wp-json\/wp\/v2\/categories?post=816240"},{"taxonomy":"post_tag","embeddable":true,"href":"https:\/\/talkpal.ai\/fr\/wp-json\/wp\/v2\/tags?post=816240"}],"curies":[{"name":"wp","href":"https:\/\/api.w.org\/{rel}","templated":true}]}}