{"id":682217,"date":"2024-06-06T10:19:21","date_gmt":"2024-06-06T10:19:21","guid":{"rendered":"https:\/\/talkpal.ai\/une-breve-histoire-de-la-langue-macedonienne\/"},"modified":"2024-06-06T10:19:21","modified_gmt":"2024-06-06T10:19:21","slug":"une-breve-histoire-de-la-langue-macedonienne","status":"publish","type":"post","link":"https:\/\/talkpal.ai\/fr\/une-breve-histoire-de-la-langue-macedonienne\/","title":{"rendered":"Une br\u00e8ve histoire de la langue mac\u00e9donienne"},"content":{"rendered":"<p><H3>Origines de la langue mac\u00e9donienne<\/H3><\/p>\n<p>La langue mac\u00e9donienne a des racines profondes dans l&rsquo;histoire des Balkans. Ses origines remontent \u00e0 l&rsquo;antiquit\u00e9, o\u00f9 elle a \u00e9volu\u00e9 \u00e0 travers les si\u00e8cles en r\u00e9ponse aux influences diverses de cultures et de civilisations environnantes. <\/p>\n<p><H3>L&rsquo;antiquit\u00e9 et les premi\u00e8res influences<\/H3><\/p>\n<p>Au <a href=\"https:\/\/talkpal.ai\/courses\/\">cours<\/a> de l&rsquo;antiquit\u00e9, la r\u00e9gion de la Mac\u00e9doine \u00e9tait habit\u00e9e par divers peuples, dont les anciens Mac\u00e9doniens. Bien que la langue mac\u00e9donienne moderne ne soit pas directement d\u00e9riv\u00e9e de la langue ancienne parl\u00e9e par Alexandre le Grand et ses contemporains, elle a \u00e9t\u00e9 influenc\u00e9e par les langues slaves qui ont commenc\u00e9 \u00e0 s&rsquo;installer dans la r\u00e9gion vers le 6\u00e8me si\u00e8cle.<\/p>\n<p><H3>Les invasions slaves et la formation de la langue<\/H3><\/p>\n<p>Entre le 6\u00e8me et le 7\u00e8me si\u00e8cle, les peuples slaves ont commenc\u00e9 \u00e0 migrer vers les Balkans, apportant avec eux leurs propres langues et cultures. Ces langues slaves ont progressivement supplant\u00e9 les langues indig\u00e8nes, y compris <a href=\"https:\/\/talkpal.ai\/locations\/language-courses-in-celle\/\">celle<\/a> des anciens Mac\u00e9doniens. La langue mac\u00e9donienne moderne appartient donc \u00e0 la famille des langues slaves du sud.<\/p>\n<p><H3>Le r\u00f4le de l&rsquo;Empire byzantin<\/H3><\/p>\n<p><b>Influence culturelle<\/b> : Sous l&rsquo;Empire byzantin, qui a r\u00e9gn\u00e9 sur la r\u00e9gion pendant plusieurs si\u00e8cles, la langue grecque a eu une influence consid\u00e9rable sur le vocabulaire et la culture mac\u00e9donienne. Cela est particuli\u00e8rement \u00e9vident dans les domaines de la religion et de l&rsquo;administration, o\u00f9 le <a href=\"https:\/\/talkpal.ai\/learn-greek\/\">grec<\/a> \u00e9tait largement utilis\u00e9.<\/p>\n<p><b>\u00c9criture et alphabet<\/b> : L&rsquo;introduction de l&rsquo;alphabet cyrillique par les fr\u00e8res saints Cyrille et M\u00e9thode au 9\u00e8me si\u00e8cle a marqu\u00e9 une \u00e9tape cruciale dans le d\u00e9veloppement des langues slaves, y compris la mac\u00e9donienne. Cet alphabet, bien que modifi\u00e9 au fil des ans, reste la base de l&rsquo;\u00e9criture mac\u00e9donienne moderne.<\/p>\n<p><H3>Le Moyen \u00c2ge et la p\u00e9riode ottomane<\/H3><\/p>\n<p><b>\u00c9tablissement des \u00c9tats slaves<\/b> : Au Moyen \u00c2ge, divers \u00c9tats slaves ont \u00e9merg\u00e9 dans la r\u00e9gion, parmi lesquels le Royaume de Mac\u00e9doine. Ces entit\u00e9s ont contribu\u00e9 \u00e0 la consolidation et \u00e0 l&rsquo;enrichissement de la langue mac\u00e9donienne \u00e0 travers la litt\u00e9rature, la po\u00e9sie et les chroniques.<\/p>\n<p><b>Domination ottomane<\/b> : \u00c0 partir de la <a href=\"https:\/\/talkpal.ai\/learn-finnish\/\">fin<\/a> du 14\u00e8me si\u00e8cle, la Mac\u00e9doine est tomb\u00e9e sous la domination de l&rsquo;Empire ottoman. Pendant cette p\u00e9riode, la langue turque a exerc\u00e9 une influence notable sur le <a href=\"https:\/\/talkpal.ai\/learn-macedonian\/\">mac\u00e9donien<\/a>, surtout dans les domaines de l&rsquo;administration, de la cuisine et de la vie quotidienne.<\/p>\n<p><H3>Le 19\u00e8me si\u00e8cle et le r\u00e9veil national<\/H3><\/p>\n<p>Le 19\u00e8me si\u00e8cle a \u00e9t\u00e9 marqu\u00e9 par un renouveau nationaliste dans toute l&rsquo;Europe, et la Mac\u00e9doine n&rsquo;a pas fait exception. Ce r\u00e9veil national a jou\u00e9 un r\u00f4le crucial dans la red\u00e9finition de l&rsquo;identit\u00e9 mac\u00e9donienne et de sa langue.<\/p>\n<p><b>Renaissance culturelle<\/b> : Les intellectuels mac\u00e9doniens ont commenc\u00e9 \u00e0 revendiquer une langue distincte et \u00e0 d\u00e9velopper une litt\u00e9rature nationale. Ce mouvement a conduit \u00e0 la publication des premi\u00e8res \u0153uvres litt\u00e9raires en mac\u00e9donien, ainsi qu&rsquo;\u00e0 la standardisation progressive de la langue.<\/p>\n<p><b>Les conflits linguistiques<\/b> : Cependant, cette p\u00e9riode a \u00e9galement \u00e9t\u00e9 marqu\u00e9e par des conflits linguistiques et politiques. Les voisins de la Mac\u00e9doine, notamment la Gr\u00e8ce, la Serbie et la Bulgarie, revendiquaient la r\u00e9gion et remettaient en question l&rsquo;existence d&rsquo;une langue mac\u00e9donienne distincte.<\/p>\n<p><H3>Le 20\u00e8me si\u00e8cle et la codification de la langue<\/H3><\/p>\n<p>Le 20\u00e8me si\u00e8cle a \u00e9t\u00e9 d\u00e9cisif pour la langue mac\u00e9donienne, avec des \u00e9v\u00e9nements politiques majeurs qui ont fa\u00e7onn\u00e9 son d\u00e9veloppement et sa reconnaissance officielle.<\/p>\n<p><b>La Seconde Guerre mondiale et la Yougoslavie<\/b> : Apr\u00e8s la Seconde Guerre mondiale, la Mac\u00e9doine est devenue une r\u00e9publique au sein de la Yougoslavie. En 1944, le mac\u00e9donien a \u00e9t\u00e9 officiellement reconnu comme langue nationale de la R\u00e9publique socialiste de Mac\u00e9doine. Cette reconnaissance a conduit \u00e0 la cr\u00e9ation de normes linguistiques officielles, bas\u00e9es en grande partie sur les dialectes centr\u00e9s autour de la ville de V\u00e9l\u00e8s.<\/p>\n<p><b>Standardisation et \u00e9ducation<\/b> : La p\u00e9riode post\u00e9rieure \u00e0 la guerre a vu des efforts intensifs pour standardiser la langue mac\u00e9donienne. Des manuels scolaires ont \u00e9t\u00e9 publi\u00e9s, et la langue a \u00e9t\u00e9 introduite dans le <a href=\"https:\/\/talkpal.ai\/fr\/culture\/le-systeme-educatif-francais-et-lapprentissage-de-la-langue\/\">syst\u00e8me \u00e9ducatif<\/a>, les m\u00e9dias et l&rsquo;administration. Cela a permis de renforcer l&rsquo;identit\u00e9 linguistique mac\u00e9donienne et de promouvoir l&rsquo;usage de la langue dans tous les aspects de la vie publique.<\/p>\n<p><H3>La p\u00e9riode contemporaine<\/H3><\/p>\n<p>La fin du 20\u00e8me si\u00e8cle et le d\u00e9but du 21\u00e8me si\u00e8cle ont apport\u00e9 de nouveaux d\u00e9fis et opportunit\u00e9s pour la langue mac\u00e9donienne.<\/p>\n<p><b>Ind\u00e9pendance de la Mac\u00e9doine<\/b> : En 1991, la Mac\u00e9doine a d\u00e9clar\u00e9 son ind\u00e9pendance de la Yougoslavie, devenant la R\u00e9publique de Mac\u00e9doine. Cette ind\u00e9pendance a renforc\u00e9 la position de la langue mac\u00e9donienne en tant que symbole de l&rsquo;identit\u00e9 nationale.<\/p>\n<p><b>Reconnaissance internationale<\/b> : Malgr\u00e9 la reconnaissance officielle de la langue mac\u00e9donienne au niveau national, la question de sa reconnaissance internationale a \u00e9t\u00e9 plus complexe. Des pays comme la Gr\u00e8ce ont contest\u00e9 l&rsquo;existence d&rsquo;une langue distincte, ce qui a conduit \u00e0 des tensions diplomatiques. N\u00e9anmoins, le mac\u00e9donien est aujourd&rsquo;hui reconnu comme langue officielle de la Mac\u00e9doine du Nord, le nom officiel du pays depuis 2019.<\/p>\n<p><b>Technologie et globalisation<\/b> : L&rsquo;\u00e8re num\u00e9rique a ouvert de nouvelles perspectives pour la langue mac\u00e9donienne. Les technologies de l&rsquo;information et de la communication ont permis une diffusion plus large de la langue \u00e0 travers des plateformes en ligne, des m\u00e9dias sociaux et des logiciels de traduction. Cela a non seulement renforc\u00e9 l&rsquo;usage du mac\u00e9donien parmi les locuteurs natifs, mais a \u00e9galement permis de le faire d\u00e9couvrir \u00e0 un public international.<\/p>\n<p><H3>Les d\u00e9fis actuels et futurs<\/H3><\/p>\n<p>Malgr\u00e9 les avanc\u00e9es significatives, la langue mac\u00e9donienne fait face \u00e0 plusieurs d\u00e9fis dans le monde contemporain.<\/p>\n<p><b>Pressions linguistiques<\/b> : L&rsquo;influence croissante des langues dominantes comme l&rsquo;anglais peut poser des d\u00e9fis pour le maintien de la langue mac\u00e9donienne, surtout parmi les jeunes g\u00e9n\u00e9rations. L&rsquo;anglicisation des termes techniques et scientifiques est particuli\u00e8rement notable.<\/p>\n<p><b>Politique et reconnaissance<\/b> : Les tensions politiques avec certains pays voisins continuent d&rsquo;affecter la reconnaissance et la promotion de la langue mac\u00e9donienne. Les efforts diplomatiques pour r\u00e9soudre ces diff\u00e9rends sont essentiels pour garantir la pr\u00e9servation et la reconnaissance internationale de la langue.<\/p>\n<p><b>Pr\u00e9servation et promotion<\/b> : La pr\u00e9servation de la langue mac\u00e9donienne n\u00e9cessite des efforts continus de la part des institutions \u00e9ducatives, des m\u00e9dias et des organisations culturelles. Des initiatives visant \u00e0 promouvoir la litt\u00e9rature, la musique et le cin\u00e9ma en langue mac\u00e9donienne sont cruciales pour maintenir la vitalit\u00e9 de la langue.<\/p>\n<p><H3>La langue mac\u00e9donienne dans la culture et la litt\u00e9rature<\/H3><\/p>\n<p>La langue mac\u00e9donienne joue un r\u00f4le central dans la culture et la litt\u00e9rature du pays. Elle est le vecteur de l&rsquo;expression artistique et intellectuelle de la Mac\u00e9doine du Nord.<\/p>\n<p><b>Litt\u00e9rature et po\u00e9sie<\/b> : La litt\u00e9rature mac\u00e9donienne a connu un essor particuli\u00e8rement important au 20\u00e8me si\u00e8cle, avec des auteurs comme Kosta Racin et Blaze Koneski qui ont contribu\u00e9 \u00e0 la richesse de la langue et de la culture mac\u00e9doniennes. Leur \u0153uvre a non seulement enrichi le vocabulaire mac\u00e9donien, mais a \u00e9galement jou\u00e9 un r\u00f4le crucial dans la formation de l&rsquo;identit\u00e9 nationale.<\/p>\n<p><b>Musique et folklore<\/b> : La musique traditionnelle mac\u00e9donienne, avec ses chants et danses folkloriques, utilise largement la langue mac\u00e9donienne. Ces expressions culturelles sont non seulement des moyens de divertissement, mais aussi des vecteurs de transmission des traditions et des valeurs culturelles.<\/p>\n<p><b>Cin\u00e9ma et m\u00e9dias<\/b> : Le cin\u00e9ma mac\u00e9donien a \u00e9galement contribu\u00e9 \u00e0 la promotion de la langue. Des films comme \u00ab\u00a0Avant la pluie\u00a0\u00bb de Milcho Manchevski ont gagn\u00e9 une reconnaissance internationale tout en mettant en avant la langue et la culture mac\u00e9doniennes.<\/p>\n<p><H3>Conclusion<\/H3><\/p>\n<p>La langue mac\u00e9donienne est bien plus qu&rsquo;un simple moyen de communication; elle est le reflet de l&rsquo;histoire, de la culture et de l&rsquo;identit\u00e9 de la Mac\u00e9doine du Nord. Depuis ses origines anciennes jusqu&rsquo;\u00e0 son r\u00f4le contemporain, elle a travers\u00e9 de nombreux d\u00e9fis et transformations. Sa pr\u00e9servation et sa promotion d\u00e9pendent d&rsquo;efforts continus de la part des institutions et des individus, afin de garantir qu&rsquo;elle continue \u00e0 prosp\u00e9rer pour les g\u00e9n\u00e9rations futures.<\/p>\n<p>En r\u00e9sum\u00e9, la langue mac\u00e9donienne, avec ses racines profondes et son \u00e9volution complexe, est un \u00e9l\u00e9ment cl\u00e9 de l&rsquo;identit\u00e9 nationale de la Mac\u00e9doine du Nord. Elle t\u00e9moigne de la r\u00e9silience et de la richesse culturelle de ses locuteurs et reste un symbole puissant de leur h\u00e9ritage et de leur avenir.<\/p>\n","protected":false},"excerpt":{"rendered":"<p>Origines de la langue mac\u00e9donienne La langue mac\u00e9donienne a des racines profondes dans l&rsquo;histoire des Balkans. Ses origines remontent \u00e0 l&rsquo;antiquit\u00e9, o\u00f9 elle a \u00e9volu\u00e9 \u00e0 travers les si\u00e8cles en r\u00e9ponse aux influences diverses de cultures et de civilisations environnantes. L&rsquo;antiquit\u00e9 et les premi\u00e8res influences Au cours de l&rsquo;antiquit\u00e9, la r\u00e9gion de la Mac\u00e9doine \u00e9tait [&hellip;]<\/p>\n","protected":false},"author":0,"featured_media":1528005,"comment_status":"open","ping_status":"open","sticky":false,"template":"","format":"standard","meta":{"_acf_changed":false,"footnotes":""},"categories":[3641],"tags":[],"class_list":["post-682217","post","type-post","status-publish","format-standard","has-post-thumbnail","hentry","category-apprendre-une-langue"],"acf":[],"yoast_head":"<!-- This site is optimized with the Yoast SEO Premium plugin v27.2 (Yoast SEO v27.2) - https:\/\/yoast.com\/product\/yoast-seo-premium-wordpress\/ -->\n<title>Une br\u00e8ve histoire de la langue mac\u00e9donienne - Talkpal<\/title>\n<meta name=\"description\" content=\"Origines de la langue mac\u00e9donienne La langue mac\u00e9donienne a des racines profondes dans l&#039;histoire des Balkans. Ses origines remontent \u00e0 l&#039;antiquit\u00e9, o\u00f9\" \/>\n<meta name=\"robots\" content=\"index, follow, max-snippet:-1, max-image-preview:large, max-video-preview:-1\" \/>\n<link rel=\"canonical\" href=\"https:\/\/talkpal.ai\/fr\/une-breve-histoire-de-la-langue-macedonienne\/\" \/>\n<meta property=\"og:locale\" content=\"fr_FR\" \/>\n<meta property=\"og:type\" content=\"article\" \/>\n<meta property=\"og:title\" content=\"Une br\u00e8ve histoire de la langue mac\u00e9donienne\" \/>\n<meta property=\"og:description\" content=\"Origines de la langue mac\u00e9donienne La langue mac\u00e9donienne a des racines profondes dans l&#039;histoire des Balkans. Ses origines remontent \u00e0 l&#039;antiquit\u00e9, o\u00f9\" \/>\n<meta property=\"og:url\" content=\"https:\/\/talkpal.ai\/fr\/une-breve-histoire-de-la-langue-macedonienne\/\" \/>\n<meta property=\"og:site_name\" content=\"Talkpal\" \/>\n<meta property=\"article:publisher\" content=\"https:\/\/www.facebook.com\/profile.php?id=100090733639311\" \/>\n<meta property=\"article:published_time\" content=\"2024-06-06T10:19:21+00:00\" \/>\n<meta property=\"og:image\" content=\"https:\/\/talkpal.ai\/wp-content\/uploads\/2025\/02\/Progress-tab-16_9.png\" \/>\n\t<meta property=\"og:image:width\" content=\"2880\" \/>\n\t<meta property=\"og:image:height\" content=\"1620\" \/>\n\t<meta property=\"og:image:type\" content=\"image\/png\" \/>\n<meta name=\"twitter:card\" content=\"summary_large_image\" \/>\n<meta name=\"twitter:creator\" content=\"@talkpalai\" \/>\n<meta name=\"twitter:site\" content=\"@talkpalai\" \/>\n<meta name=\"twitter:label1\" content=\"Dur\u00e9e de lecture estim\u00e9e\" \/>\n\t<meta name=\"twitter:data1\" content=\"7 minutes\" \/>\n<script type=\"application\/ld+json\" class=\"yoast-schema-graph\">{\"@context\":\"https:\/\/schema.org\",\"@graph\":[{\"@type\":\"Article\",\"@id\":\"https:\/\/talkpal.ai\/fr\/une-breve-histoire-de-la-langue-macedonienne\/#article\",\"isPartOf\":{\"@id\":\"https:\/\/talkpal.ai\/fr\/une-breve-histoire-de-la-langue-macedonienne\/\"},\"author\":{\"name\":\"\",\"@id\":\"\"},\"headline\":\"Une br\u00e8ve histoire de la langue mac\u00e9donienne\",\"datePublished\":\"2024-06-06T10:19:21+00:00\",\"mainEntityOfPage\":{\"@id\":\"https:\/\/talkpal.ai\/fr\/une-breve-histoire-de-la-langue-macedonienne\/\"},\"wordCount\":1493,\"commentCount\":0,\"publisher\":{\"@id\":\"https:\/\/talkpal.ai\/fr\/#organization\"},\"image\":{\"@id\":\"https:\/\/talkpal.ai\/fr\/une-breve-histoire-de-la-langue-macedonienne\/#primaryimage\"},\"thumbnailUrl\":\"https:\/\/talkpal.ai\/wp-content\/uploads\/2025\/12\/students-with-laptops-learning-languages-outside.webp\",\"articleSection\":[\"Apprendre une langue\"],\"inLanguage\":\"fr-FR\",\"potentialAction\":[{\"@type\":\"CommentAction\",\"name\":\"Comment\",\"target\":[\"https:\/\/talkpal.ai\/fr\/une-breve-histoire-de-la-langue-macedonienne\/#respond\"]}]},{\"@type\":\"WebPage\",\"@id\":\"https:\/\/talkpal.ai\/fr\/une-breve-histoire-de-la-langue-macedonienne\/\",\"url\":\"https:\/\/talkpal.ai\/fr\/une-breve-histoire-de-la-langue-macedonienne\/\",\"name\":\"Une br\u00e8ve histoire de la langue mac\u00e9donienne - Talkpal\",\"isPartOf\":{\"@id\":\"https:\/\/talkpal.ai\/fr\/#website\"},\"primaryImageOfPage\":{\"@id\":\"https:\/\/talkpal.ai\/fr\/une-breve-histoire-de-la-langue-macedonienne\/#primaryimage\"},\"image\":{\"@id\":\"https:\/\/talkpal.ai\/fr\/une-breve-histoire-de-la-langue-macedonienne\/#primaryimage\"},\"thumbnailUrl\":\"https:\/\/talkpal.ai\/wp-content\/uploads\/2025\/12\/students-with-laptops-learning-languages-outside.webp\",\"datePublished\":\"2024-06-06T10:19:21+00:00\",\"description\":\"Origines de la langue mac\u00e9donienne La langue mac\u00e9donienne a des racines profondes dans l'histoire des Balkans. Ses origines remontent \u00e0 l'antiquit\u00e9, o\u00f9\",\"breadcrumb\":{\"@id\":\"https:\/\/talkpal.ai\/fr\/une-breve-histoire-de-la-langue-macedonienne\/#breadcrumb\"},\"inLanguage\":\"fr-FR\",\"potentialAction\":[{\"@type\":\"ReadAction\",\"target\":[\"https:\/\/talkpal.ai\/fr\/une-breve-histoire-de-la-langue-macedonienne\/\"]}]},{\"@type\":\"ImageObject\",\"inLanguage\":\"fr-FR\",\"@id\":\"https:\/\/talkpal.ai\/fr\/une-breve-histoire-de-la-langue-macedonienne\/#primaryimage\",\"url\":\"https:\/\/talkpal.ai\/wp-content\/uploads\/2025\/12\/students-with-laptops-learning-languages-outside.webp\",\"contentUrl\":\"https:\/\/talkpal.ai\/wp-content\/uploads\/2025\/12\/students-with-laptops-learning-languages-outside.webp\",\"width\":1200,\"height\":896,\"caption\":\"A group of students uses laptops and books on the grass while learning languages in front of a library.\"},{\"@type\":\"BreadcrumbList\",\"@id\":\"https:\/\/talkpal.ai\/fr\/une-breve-histoire-de-la-langue-macedonienne\/#breadcrumb\",\"itemListElement\":[{\"@type\":\"ListItem\",\"position\":1,\"name\":\"Homepage\",\"item\":\"https:\/\/talkpal.ai\/fr\/\"},{\"@type\":\"ListItem\",\"position\":2,\"name\":\"Une br\u00e8ve histoire de la langue mac\u00e9donienne\"}]},{\"@type\":\"WebSite\",\"@id\":\"https:\/\/talkpal.ai\/fr\/#website\",\"url\":\"https:\/\/talkpal.ai\/fr\/\",\"name\":\"Talkpal\",\"description\":\"AI Language Learning\",\"publisher\":{\"@id\":\"https:\/\/talkpal.ai\/fr\/#organization\"},\"alternateName\":\"Talkpal AI\",\"potentialAction\":[{\"@type\":\"SearchAction\",\"target\":{\"@type\":\"EntryPoint\",\"urlTemplate\":\"https:\/\/talkpal.ai\/fr\/?s={search_term_string}\"},\"query-input\":{\"@type\":\"PropertyValueSpecification\",\"valueRequired\":true,\"valueName\":\"search_term_string\"}}],\"inLanguage\":\"fr-FR\"},{\"@type\":\"Organization\",\"@id\":\"https:\/\/talkpal.ai\/fr\/#organization\",\"name\":\"Talkpal, Inc.\",\"alternateName\":\"Talkpal AI\",\"url\":\"https:\/\/talkpal.ai\/fr\/\",\"logo\":{\"@type\":\"ImageObject\",\"inLanguage\":\"fr-FR\",\"@id\":\"https:\/\/talkpal.ai\/fr\/#\/schema\/logo\/image\/\",\"url\":\"https:\/\/talkpal.ai\/wp-content\/uploads\/2024\/03\/Talkpal-Logo-Icon.png\",\"contentUrl\":\"https:\/\/talkpal.ai\/wp-content\/uploads\/2024\/03\/Talkpal-Logo-Icon.png\",\"width\":2880,\"height\":2880,\"caption\":\"Talkpal, Inc.\"},\"image\":{\"@id\":\"https:\/\/talkpal.ai\/fr\/#\/schema\/logo\/image\/\"},\"sameAs\":[\"https:\/\/www.facebook.com\/profile.php?id=100090733639311\",\"https:\/\/x.com\/talkpalai\",\"https:\/\/www.linkedin.com\/company\/talkpal\/\",\"https:\/\/www.youtube.com\/@TalkPal\/\",\"https:\/\/www.tiktok.com\/@talkpal\",\"https:\/\/www.instagram.com\/talkpal_ai\/\",\"https:\/\/www.crunchbase.com\/organization\/talkpal-9cde\",\"https:\/\/www.g2.com\/products\/talkpal-for-business\/\",\"https:\/\/www.trustpilot.com\/review\/talkpal.ai\",\"https:\/\/www.capterra.com\/p\/10006800\/TalkPal\/\"],\"description\":\"Talkpal is a language learning web and mobile education app, powered by the latest AI technologies, that provides engaging experiences to its customers in many different languages to help them improve their language skills. Users can chat about unlimited amount of topics with the app and use other modes to practice their language learning.\",\"email\":\"support@talkpal.ai\",\"legalName\":\"Talkpal, Inc.\",\"foundingDate\":\"2023-04-03\",\"duns\":\"118989042\",\"numberOfEmployees\":{\"@type\":\"QuantitativeValue\",\"minValue\":\"11\",\"maxValue\":\"50\"},\"publishingPrinciples\":\"https:\/\/talkpal.ai\/publishing-principles\/\",\"actionableFeedbackPolicy\":\"https:\/\/talkpal.ai\/actionable-feedback-policy\/\",\"correctionsPolicy\":\"https:\/\/talkpal.ai\/corrections-policy\/\",\"ethicsPolicy\":\"https:\/\/talkpal.ai\/ethics-policy\/\",\"diversityPolicy\":\"https:\/\/talkpal.ai\/diversity-policy\/\",\"diversityStaffingReport\":\"https:\/\/talkpal.ai\/diversity-policy\/\"}]}<\/script>\n<!-- \/ Yoast SEO Premium plugin. -->","yoast_head_json":{"title":"Une br\u00e8ve histoire de la langue mac\u00e9donienne - Talkpal","description":"Origines de la langue mac\u00e9donienne La langue mac\u00e9donienne a des racines profondes dans l'histoire des Balkans. Ses origines remontent \u00e0 l'antiquit\u00e9, o\u00f9","robots":{"index":"index","follow":"follow","max-snippet":"max-snippet:-1","max-image-preview":"max-image-preview:large","max-video-preview":"max-video-preview:-1"},"canonical":"https:\/\/talkpal.ai\/fr\/une-breve-histoire-de-la-langue-macedonienne\/","og_locale":"fr_FR","og_type":"article","og_title":"Une br\u00e8ve histoire de la langue mac\u00e9donienne","og_description":"Origines de la langue mac\u00e9donienne La langue mac\u00e9donienne a des racines profondes dans l'histoire des Balkans. Ses origines remontent \u00e0 l'antiquit\u00e9, o\u00f9","og_url":"https:\/\/talkpal.ai\/fr\/une-breve-histoire-de-la-langue-macedonienne\/","og_site_name":"Talkpal","article_publisher":"https:\/\/www.facebook.com\/profile.php?id=100090733639311","article_published_time":"2024-06-06T10:19:21+00:00","og_image":[{"width":2880,"height":1620,"url":"https:\/\/talkpal.ai\/wp-content\/uploads\/2025\/02\/Progress-tab-16_9.png","type":"image\/png"}],"twitter_card":"summary_large_image","twitter_creator":"@talkpalai","twitter_site":"@talkpalai","twitter_misc":{"Dur\u00e9e de lecture estim\u00e9e":"7 minutes"},"schema":{"@context":"https:\/\/schema.org","@graph":[{"@type":"Article","@id":"https:\/\/talkpal.ai\/fr\/une-breve-histoire-de-la-langue-macedonienne\/#article","isPartOf":{"@id":"https:\/\/talkpal.ai\/fr\/une-breve-histoire-de-la-langue-macedonienne\/"},"author":{"name":"","@id":""},"headline":"Une br\u00e8ve histoire de la langue mac\u00e9donienne","datePublished":"2024-06-06T10:19:21+00:00","mainEntityOfPage":{"@id":"https:\/\/talkpal.ai\/fr\/une-breve-histoire-de-la-langue-macedonienne\/"},"wordCount":1493,"commentCount":0,"publisher":{"@id":"https:\/\/talkpal.ai\/fr\/#organization"},"image":{"@id":"https:\/\/talkpal.ai\/fr\/une-breve-histoire-de-la-langue-macedonienne\/#primaryimage"},"thumbnailUrl":"https:\/\/talkpal.ai\/wp-content\/uploads\/2025\/12\/students-with-laptops-learning-languages-outside.webp","articleSection":["Apprendre une langue"],"inLanguage":"fr-FR","potentialAction":[{"@type":"CommentAction","name":"Comment","target":["https:\/\/talkpal.ai\/fr\/une-breve-histoire-de-la-langue-macedonienne\/#respond"]}]},{"@type":"WebPage","@id":"https:\/\/talkpal.ai\/fr\/une-breve-histoire-de-la-langue-macedonienne\/","url":"https:\/\/talkpal.ai\/fr\/une-breve-histoire-de-la-langue-macedonienne\/","name":"Une br\u00e8ve histoire de la langue mac\u00e9donienne - Talkpal","isPartOf":{"@id":"https:\/\/talkpal.ai\/fr\/#website"},"primaryImageOfPage":{"@id":"https:\/\/talkpal.ai\/fr\/une-breve-histoire-de-la-langue-macedonienne\/#primaryimage"},"image":{"@id":"https:\/\/talkpal.ai\/fr\/une-breve-histoire-de-la-langue-macedonienne\/#primaryimage"},"thumbnailUrl":"https:\/\/talkpal.ai\/wp-content\/uploads\/2025\/12\/students-with-laptops-learning-languages-outside.webp","datePublished":"2024-06-06T10:19:21+00:00","description":"Origines de la langue mac\u00e9donienne La langue mac\u00e9donienne a des racines profondes dans l'histoire des Balkans. Ses origines remontent \u00e0 l'antiquit\u00e9, o\u00f9","breadcrumb":{"@id":"https:\/\/talkpal.ai\/fr\/une-breve-histoire-de-la-langue-macedonienne\/#breadcrumb"},"inLanguage":"fr-FR","potentialAction":[{"@type":"ReadAction","target":["https:\/\/talkpal.ai\/fr\/une-breve-histoire-de-la-langue-macedonienne\/"]}]},{"@type":"ImageObject","inLanguage":"fr-FR","@id":"https:\/\/talkpal.ai\/fr\/une-breve-histoire-de-la-langue-macedonienne\/#primaryimage","url":"https:\/\/talkpal.ai\/wp-content\/uploads\/2025\/12\/students-with-laptops-learning-languages-outside.webp","contentUrl":"https:\/\/talkpal.ai\/wp-content\/uploads\/2025\/12\/students-with-laptops-learning-languages-outside.webp","width":1200,"height":896,"caption":"A group of students uses laptops and books on the grass while learning languages in front of a library."},{"@type":"BreadcrumbList","@id":"https:\/\/talkpal.ai\/fr\/une-breve-histoire-de-la-langue-macedonienne\/#breadcrumb","itemListElement":[{"@type":"ListItem","position":1,"name":"Homepage","item":"https:\/\/talkpal.ai\/fr\/"},{"@type":"ListItem","position":2,"name":"Une br\u00e8ve histoire de la langue mac\u00e9donienne"}]},{"@type":"WebSite","@id":"https:\/\/talkpal.ai\/fr\/#website","url":"https:\/\/talkpal.ai\/fr\/","name":"Talkpal","description":"AI Language Learning","publisher":{"@id":"https:\/\/talkpal.ai\/fr\/#organization"},"alternateName":"Talkpal AI","potentialAction":[{"@type":"SearchAction","target":{"@type":"EntryPoint","urlTemplate":"https:\/\/talkpal.ai\/fr\/?s={search_term_string}"},"query-input":{"@type":"PropertyValueSpecification","valueRequired":true,"valueName":"search_term_string"}}],"inLanguage":"fr-FR"},{"@type":"Organization","@id":"https:\/\/talkpal.ai\/fr\/#organization","name":"Talkpal, Inc.","alternateName":"Talkpal AI","url":"https:\/\/talkpal.ai\/fr\/","logo":{"@type":"ImageObject","inLanguage":"fr-FR","@id":"https:\/\/talkpal.ai\/fr\/#\/schema\/logo\/image\/","url":"https:\/\/talkpal.ai\/wp-content\/uploads\/2024\/03\/Talkpal-Logo-Icon.png","contentUrl":"https:\/\/talkpal.ai\/wp-content\/uploads\/2024\/03\/Talkpal-Logo-Icon.png","width":2880,"height":2880,"caption":"Talkpal, Inc."},"image":{"@id":"https:\/\/talkpal.ai\/fr\/#\/schema\/logo\/image\/"},"sameAs":["https:\/\/www.facebook.com\/profile.php?id=100090733639311","https:\/\/x.com\/talkpalai","https:\/\/www.linkedin.com\/company\/talkpal\/","https:\/\/www.youtube.com\/@TalkPal\/","https:\/\/www.tiktok.com\/@talkpal","https:\/\/www.instagram.com\/talkpal_ai\/","https:\/\/www.crunchbase.com\/organization\/talkpal-9cde","https:\/\/www.g2.com\/products\/talkpal-for-business\/","https:\/\/www.trustpilot.com\/review\/talkpal.ai","https:\/\/www.capterra.com\/p\/10006800\/TalkPal\/"],"description":"Talkpal is a language learning web and mobile education app, powered by the latest AI technologies, that provides engaging experiences to its customers in many different languages to help them improve their language skills. Users can chat about unlimited amount of topics with the app and use other modes to practice their language learning.","email":"support@talkpal.ai","legalName":"Talkpal, Inc.","foundingDate":"2023-04-03","duns":"118989042","numberOfEmployees":{"@type":"QuantitativeValue","minValue":"11","maxValue":"50"},"publishingPrinciples":"https:\/\/talkpal.ai\/publishing-principles\/","actionableFeedbackPolicy":"https:\/\/talkpal.ai\/actionable-feedback-policy\/","correctionsPolicy":"https:\/\/talkpal.ai\/corrections-policy\/","ethicsPolicy":"https:\/\/talkpal.ai\/ethics-policy\/","diversityPolicy":"https:\/\/talkpal.ai\/diversity-policy\/","diversityStaffingReport":"https:\/\/talkpal.ai\/diversity-policy\/"}]}},"_links":{"self":[{"href":"https:\/\/talkpal.ai\/fr\/wp-json\/wp\/v2\/posts\/682217","targetHints":{"allow":["GET"]}}],"collection":[{"href":"https:\/\/talkpal.ai\/fr\/wp-json\/wp\/v2\/posts"}],"about":[{"href":"https:\/\/talkpal.ai\/fr\/wp-json\/wp\/v2\/types\/post"}],"replies":[{"embeddable":true,"href":"https:\/\/talkpal.ai\/fr\/wp-json\/wp\/v2\/comments?post=682217"}],"version-history":[{"count":0,"href":"https:\/\/talkpal.ai\/fr\/wp-json\/wp\/v2\/posts\/682217\/revisions"}],"wp:featuredmedia":[{"embeddable":true,"href":"https:\/\/talkpal.ai\/fr\/wp-json\/wp\/v2\/media\/1528005"}],"wp:attachment":[{"href":"https:\/\/talkpal.ai\/fr\/wp-json\/wp\/v2\/media?parent=682217"}],"wp:term":[{"taxonomy":"category","embeddable":true,"href":"https:\/\/talkpal.ai\/fr\/wp-json\/wp\/v2\/categories?post=682217"},{"taxonomy":"post_tag","embeddable":true,"href":"https:\/\/talkpal.ai\/fr\/wp-json\/wp\/v2\/tags?post=682217"}],"curies":[{"name":"wp","href":"https:\/\/api.w.org\/{rel}","templated":true}]}}